{"id":49939,"date":"2025-06-23T06:24:14","date_gmt":"2025-06-23T06:24:14","guid":{"rendered":"https:\/\/ikimisli.tr\/?p=49939"},"modified":"2025-06-23T06:24:14","modified_gmt":"2025-06-23T06:24:14","slug":"koreliler-bu-nedenle-peynir-yemiyor","status":"publish","type":"post","link":"https:\/\/ikimisli.tr\/index.php\/2025\/06\/23\/koreliler-bu-nedenle-peynir-yemiyor\/","title":{"rendered":"Koreliler bu nedenle peynir yemiyor"},"content":{"rendered":"<p>Kore mutfa\u011f\u0131nda binlerce y\u0131l s\u00fct ve s\u00fct eserleri kullan\u0131lmad\u0131\u011f\u0131 i\u00e7in bu g\u00fcn\u00fcm\u00fcze kadar gelmi\u015ftir. \u00a0Bunun nedeni de tar\u0131m dayal\u0131 bir toplum olmalar\u0131yd\u0131. Asya \u00fclkelerinde oldu\u011fu \u00fczere Kore&#8217;de de bu nedenle inek s\u00fct\u00fc yayg\u0131n de\u011fildi.<\/p>\n<p><b>LAKTOZU S\u0130ND\u0130REM\u0130YORLAR<\/b><\/p>\n<p>\u00c7in, Japonya, Kore \u00fczere Asya toplumlar\u0131nda laktoz intolerans\u0131 yayg\u0131n oluyor. Korelilerin b\u00fcy\u00fck bir k\u0131sm\u0131 laktozu sindirmekte zorlan\u0131r. Ve bu da s\u00fct ve s\u00fct eserlerinin t\u00fcketimini azaltan nedenlerden biri.<\/p>\n<p><img decoding=\"async\" src=\"https:\/\/ikimisli.tr\/wp-content\/uploads\/2025\/06\/koreliler-bu-nedenle-peynir-yemiyor-0-YbUqy34k.jpg\"\/><\/p>\n<p><b>S\u00dcT ESERLER\u0130NE UZAKLAR<\/b><\/p>\n<p>Kore mutfa\u011f\u0131 fermente yiyecekler ve pirin\u00e7 bazl\u0131 yemeklere dayan\u0131r. Bat\u0131l\u0131 mutfaklardaki \u00fczere s\u00fct ve s\u00fct eserlerine yer veren tarifler tarih\u00ee olarak yoktur.<\/p>\n<p><b>PEYN\u0130RE 2000&#8217;LERDE \u0130LG\u0130 G\u00d6RD\u00dc<\/b><\/p>\n<p>Kore&#8217;de peynir t\u00fcketimi bilhassa 2000\u2019lerden sonra Bat\u0131 mutfa\u011f\u0131na artan ilgiyle birlikte yayg\u0131nla\u015fmaya ba\u015flad\u0131. Bug\u00fcnlerde pizzalar, peynirli ramenler ve hatta kimi kl\u00e2sik yemeklerde peynir kullan\u0131m\u0131 art\u0131yor. Bilhassa gen\u00e7 jenerasyon peynirli yemekleri seviyor<\/p>\n","protected":false},"excerpt":{"rendered":"<p>Korelilerin peyniri az t\u00fckettiklerinin ve bunun de\u011fi\u015fik bir nedeni oldu\u011funu biliyor muydunuz? \u0130\u015fte Korelilerin peynir yememe nedeni<\/p>\n","protected":false},"author":1,"featured_media":49940,"comment_status":"open","ping_status":"open","sticky":false,"template":"","format":"standard","meta":{"footnotes":""},"categories":[43],"tags":[804,1950,244],"class_list":["post-49939","post","type-post","status-publish","format-standard","has-post-thumbnail","hentry","category-dunya","tag-kore","tag-peynir","tag-sut"],"_links":{"self":[{"href":"https:\/\/ikimisli.tr\/index.php\/wp-json\/wp\/v2\/posts\/49939","targetHints":{"allow":["GET"]}}],"collection":[{"href":"https:\/\/ikimisli.tr\/index.php\/wp-json\/wp\/v2\/posts"}],"about":[{"href":"https:\/\/ikimisli.tr\/index.php\/wp-json\/wp\/v2\/types\/post"}],"author":[{"embeddable":true,"href":"https:\/\/ikimisli.tr\/index.php\/wp-json\/wp\/v2\/users\/1"}],"replies":[{"embeddable":true,"href":"https:\/\/ikimisli.tr\/index.php\/wp-json\/wp\/v2\/comments?post=49939"}],"version-history":[{"count":1,"href":"https:\/\/ikimisli.tr\/index.php\/wp-json\/wp\/v2\/posts\/49939\/revisions"}],"predecessor-version":[{"id":49942,"href":"https:\/\/ikimisli.tr\/index.php\/wp-json\/wp\/v2\/posts\/49939\/revisions\/49942"}],"wp:featuredmedia":[{"embeddable":true,"href":"https:\/\/ikimisli.tr\/index.php\/wp-json\/wp\/v2\/media\/49940"}],"wp:attachment":[{"href":"https:\/\/ikimisli.tr\/index.php\/wp-json\/wp\/v2\/media?parent=49939"}],"wp:term":[{"taxonomy":"category","embeddable":true,"href":"https:\/\/ikimisli.tr\/index.php\/wp-json\/wp\/v2\/categories?post=49939"},{"taxonomy":"post_tag","embeddable":true,"href":"https:\/\/ikimisli.tr\/index.php\/wp-json\/wp\/v2\/tags?post=49939"}],"curies":[{"name":"wp","href":"https:\/\/api.w.org\/{rel}","templated":true}]}}