{"id":49943,"date":"2025-06-23T06:36:06","date_gmt":"2025-06-23T06:36:06","guid":{"rendered":"https:\/\/ikimisli.tr\/?p=49943"},"modified":"2025-06-23T06:36:06","modified_gmt":"2025-06-23T06:36:06","slug":"kucuk-koyde-ic-camasiri-bilmecesi","status":"publish","type":"post","link":"https:\/\/ikimisli.tr\/index.php\/2025\/06\/23\/kucuk-koyde-ic-camasiri-bilmecesi\/","title":{"rendered":"K\u00fc\u00e7\u00fck k\u00f6yde i\u00e7 \u00e7ama\u015f\u0131r\u0131 bilmecesi"},"content":{"rendered":"<p>\u0130ngiltere&#8217;de Cornwall&#8217;un Lerryn k\u00f6y\u00fcnde \u00e7ift\u00e7ilik yapan Michael Irwin, tarlalar\u0131nda ortaya \u00e7\u0131kan rengarenk s\u00fctyenler nedeniyle kendini gizemli bir olay\u0131n i\u00e7inde buldu&#8230; Birinci olarak parlak k\u0131rm\u0131z\u0131 bir s\u00fctyeni tarlas\u0131n\u0131n yak\u0131n\u0131ndaki bir kap\u0131ya ba\u011fl\u0131 halde bulan Irwin, daha sonra mavi, siyah ve beyaz s\u00fctyenlerle kar\u015f\u0131la\u015f\u0131nca olay uygunca enteresan bir hal ald\u0131.<\/p>\n<p>Irwin, durumu birinci fark etti\u011finde yaln\u0131zca bir latife oldu\u011funu d\u00fc\u015f\u00fcnd\u00fc\u011f\u00fcn\u00fc s\u00f6yledi: &#8220;Yolda giderken parlak k\u0131rm\u0131z\u0131 bir s\u00fctyenin kap\u0131ya ba\u011fl\u0131 oldu\u011funu g\u00f6rd\u00fcm. Garip geldi lakin pek de \u00f6nemsemedim. \u0130ki hafta sonra t\u0131pk\u0131 yolda giderken hala orada oldu\u011funu ve 100 metre ileride bir oburunun daha oldu\u011funu fark ettim. Biri latife yap\u0131yor olmal\u0131 diye d\u00fc\u015f\u00fcnd\u00fcm.&#8221;<\/p>\n<p><b>HAFTALAR \u0130LERLED\u0130K\u00c7E \u0130\u015eLER GAR\u0130PLE\u015eT\u0130<\/b><\/p>\n<p>Ancak olay burada bitmedi. Haftalar ilerledik\u00e7e tarlalar\u0131ndaki \u00e7itlere ve \u00e7al\u0131l\u0131klara daha fazla s\u00fctyen tak\u0131lmaya ba\u015fland\u0131. Ge\u00e7en hafta birinci buldu\u011fu s\u00fctyenin 200 metre ilerisinde bir kap\u0131ya tam \u00fc\u00e7 s\u00fctyen birden ba\u011flanm\u0131\u015ft\u0131.<\/p>\n<p>Irwin, s\u00fctyenleri yak\u0131ndan incelemedi\u011fini fakat ola\u011fan boyutlarda g\u00f6r\u00fcnd\u00fcklerini belirtti: &#8220;Hepimiz birinin \u00e7\u0131k\u0131p bunun bir latife oldu\u011funu a\u00e7\u0131klamas\u0131n\u0131 bekledik lakin olay uzad\u0131k\u00e7a uzad\u0131.&#8221;<\/p>\n<p>Kimin neden bu t\u00fcrl\u00fc bir \u015fey yapt\u0131\u011f\u0131 hala bilinmiyor lakin k\u00f6yde bu olay herkesin lisan\u0131nda&#8230; Irwin, durumu komik buldu\u011funu ve her ge\u00e7ti\u011finde g\u00fcl\u00fcmsemesine neden oldu\u011funu s\u00f6yl\u00fcyor. K\u00f6y halk\u0131 da olay kar\u015f\u0131s\u0131nda \u015fa\u015fk\u0131n ve esprili yorumlar yap\u0131yor. Bir k\u00f6yl\u00fc, &#8220;Kap\u0131lar\u0131 a\u00e7may\u0131n, bu bir tuzak olabilir&#8221; derken bir oburu, &#8220;Bu soru\u015fturma i\u00e7in daha fazla dayanak gerekli&#8221; diye latife yapt\u0131.<\/p>\n","protected":false},"excerpt":{"rendered":"<p>Bir k\u00f6yde \u00e7ift\u00e7ilik yapan adam, tarlalar\u0131nda ortaya \u00e7\u0131kan s\u00fctyenler nedeniyle adeta bir bilmecenin i\u00e7inde kald\u0131&#8230;<\/p>\n","protected":false},"author":1,"featured_media":49944,"comment_status":"open","ping_status":"open","sticky":false,"template":"","format":"standard","meta":{"footnotes":""},"categories":[43],"tags":[573,171,6997],"class_list":["post-49943","post","type-post","status-publish","format-standard","has-post-thumbnail","hentry","category-dunya","tag-hal","tag-olay","tag-sutyen"],"_links":{"self":[{"href":"https:\/\/ikimisli.tr\/index.php\/wp-json\/wp\/v2\/posts\/49943","targetHints":{"allow":["GET"]}}],"collection":[{"href":"https:\/\/ikimisli.tr\/index.php\/wp-json\/wp\/v2\/posts"}],"about":[{"href":"https:\/\/ikimisli.tr\/index.php\/wp-json\/wp\/v2\/types\/post"}],"author":[{"embeddable":true,"href":"https:\/\/ikimisli.tr\/index.php\/wp-json\/wp\/v2\/users\/1"}],"replies":[{"embeddable":true,"href":"https:\/\/ikimisli.tr\/index.php\/wp-json\/wp\/v2\/comments?post=49943"}],"version-history":[{"count":1,"href":"https:\/\/ikimisli.tr\/index.php\/wp-json\/wp\/v2\/posts\/49943\/revisions"}],"predecessor-version":[{"id":49945,"href":"https:\/\/ikimisli.tr\/index.php\/wp-json\/wp\/v2\/posts\/49943\/revisions\/49945"}],"wp:featuredmedia":[{"embeddable":true,"href":"https:\/\/ikimisli.tr\/index.php\/wp-json\/wp\/v2\/media\/49944"}],"wp:attachment":[{"href":"https:\/\/ikimisli.tr\/index.php\/wp-json\/wp\/v2\/media?parent=49943"}],"wp:term":[{"taxonomy":"category","embeddable":true,"href":"https:\/\/ikimisli.tr\/index.php\/wp-json\/wp\/v2\/categories?post=49943"},{"taxonomy":"post_tag","embeddable":true,"href":"https:\/\/ikimisli.tr\/index.php\/wp-json\/wp\/v2\/tags?post=49943"}],"curies":[{"name":"wp","href":"https:\/\/api.w.org\/{rel}","templated":true}]}}