{"id":49960,"date":"2025-06-23T07:36:14","date_gmt":"2025-06-23T07:36:14","guid":{"rendered":"https:\/\/ikimisli.tr\/?p=49960"},"modified":"2025-06-23T07:36:14","modified_gmt":"2025-06-23T07:36:14","slug":"son-dakika-uyusturucu-suclamasiyla-sabaha-karsi-gozaltina-alinan-polat-cifti-serbest-birakildi","status":"publish","type":"post","link":"https:\/\/ikimisli.tr\/index.php\/2025\/06\/23\/son-dakika-uyusturucu-suclamasiyla-sabaha-karsi-gozaltina-alinan-polat-cifti-serbest-birakildi\/","title":{"rendered":"Son dakika&#8230;  Uyu\u015fturucu su\u00e7lamas\u0131yla sabaha kar\u015f\u0131 g\u00f6zalt\u0131na al\u0131nan Polat \u00e7ifti serbest b\u0131rak\u0131ld\u0131"},"content":{"rendered":"<p>Engin Polat, Alper K\u00fcr\u015fat Polat, Hazal Erdo\u011fan ve g\u00f6r\u00fcnt\u00fcy\u00fc \u00e7eken Dilan Polat hakk\u0131nda, &#8216;kullanmak i\u00e7in uyu\u015fturucu yahut uyar\u0131c\u0131 unsur sat\u0131n almak, kabul etmek yahut bulundurmak&#8217; su\u00e7lamas\u0131yla re&#8217;sen soru\u015fturma ba\u015flat\u0131ld\u0131. Soru\u015fturma kapsam\u0131nda g\u00f6zalt\u0131na al\u0131nan Polat \u00e7ifti i\u00e7in yeni bir geli\u015fme ya\u015fad\u0131nd\u0131<\/p>\n<p><b><strong>AVUKATLARI A\u00c7IKLADI: \u00d6ZG\u00dcR BIRAKILDILAR<\/strong><\/b><\/p>\n<p>Uyu\u015fturucu su\u00e7lamas\u0131yla g\u00f6zalt\u0131na al\u0131nan Dilan ve Engin Polat \u00e7ifti, ger\u00e7ekle\u015ftirilen s\u00fcre\u00e7lerin akabinde \u00f6zg\u00fcr b\u0131rak\u0131ld\u0131. Karar, Polat\u2019\u0131n avukat\u0131 Sevin\u00e7 Horoz taraf\u0131ndan toplumsal medya \u00fczerinden duyuruldu.<\/p>\n<p>Horoz ilgili payla\u015f\u0131m\u0131nda, &#8220;M\u00fcvekillerin mesken aramas\u0131 sonucu bir kabahat \u00f6gesi tespit edilememi\u015ftir. Engin Polat ve Dilan Polat s\u00f6zleri tamamland\u0131ktan sonra \u00f6zg\u00fcr b\u0131rak\u0131lm\u0131\u015ft\u0131r&#8221; s\u00f6zlerini kulland\u0131.<\/p>\n<p><img decoding=\"async\" src=\"https:\/\/ikimisli.tr\/wp-content\/uploads\/2025\/06\/son-dakika-uyusturucu-suclamasiyla-sabaha-karsi-gozaltina-alinan-polat-cifti-serbest-birakildi-0-3BGaUEQr.jpg\"\/><\/p>\n","protected":false},"excerpt":{"rendered":"<p>Engin Polat, e\u015fi Dilan Polat, karde\u015fi Alper K\u00fcr\u015fat Polat ile Hazal Erdo\u011fan hakk\u0131nda, toplumsal medyada payla\u015ft\u0131klar\u0131 g\u00f6r\u00fcnt\u00fcde uyu\u015fturucu kulland\u0131klar\u0131 arg\u00fcman\u0131 ile yap\u0131lan ihbarlar \u00fczerine haklar\u0131nda, &#8220;Kullanmak i\u00e7in uyu\u015fturucu yahut uyar\u0131c\u0131 unsur sat\u0131n almak, kabul etmek yahut bulundurmak ya da uyu\u015fturucu yahut uyar\u0131c\u0131 unsur kullanmak&#8221; c\u00fcr\u00fcmlerinden soru\u015fturma ba\u015flat\u0131ld\u0131. G\u00f6zalt\u0131na al\u0131nan Polat \u00e7ifti \u00f6zg\u00fcr b\u0131rak\u0131ld\u0131.<\/p>\n","protected":false},"author":1,"featured_media":49961,"comment_status":"open","ping_status":"open","sticky":false,"template":"","format":"standard","meta":{"footnotes":""},"categories":[25],"tags":[1596],"class_list":["post-49960","post","type-post","status-publish","format-standard","has-post-thumbnail","hentry","category-gundem","tag-polat"],"_links":{"self":[{"href":"https:\/\/ikimisli.tr\/index.php\/wp-json\/wp\/v2\/posts\/49960","targetHints":{"allow":["GET"]}}],"collection":[{"href":"https:\/\/ikimisli.tr\/index.php\/wp-json\/wp\/v2\/posts"}],"about":[{"href":"https:\/\/ikimisli.tr\/index.php\/wp-json\/wp\/v2\/types\/post"}],"author":[{"embeddable":true,"href":"https:\/\/ikimisli.tr\/index.php\/wp-json\/wp\/v2\/users\/1"}],"replies":[{"embeddable":true,"href":"https:\/\/ikimisli.tr\/index.php\/wp-json\/wp\/v2\/comments?post=49960"}],"version-history":[{"count":1,"href":"https:\/\/ikimisli.tr\/index.php\/wp-json\/wp\/v2\/posts\/49960\/revisions"}],"predecessor-version":[{"id":49963,"href":"https:\/\/ikimisli.tr\/index.php\/wp-json\/wp\/v2\/posts\/49960\/revisions\/49963"}],"wp:featuredmedia":[{"embeddable":true,"href":"https:\/\/ikimisli.tr\/index.php\/wp-json\/wp\/v2\/media\/49961"}],"wp:attachment":[{"href":"https:\/\/ikimisli.tr\/index.php\/wp-json\/wp\/v2\/media?parent=49960"}],"wp:term":[{"taxonomy":"category","embeddable":true,"href":"https:\/\/ikimisli.tr\/index.php\/wp-json\/wp\/v2\/categories?post=49960"},{"taxonomy":"post_tag","embeddable":true,"href":"https:\/\/ikimisli.tr\/index.php\/wp-json\/wp\/v2\/tags?post=49960"}],"curies":[{"name":"wp","href":"https:\/\/api.w.org\/{rel}","templated":true}]}}