{"id":49973,"date":"2025-06-23T08:24:09","date_gmt":"2025-06-23T08:24:09","guid":{"rendered":"https:\/\/ikimisli.tr\/?p=49973"},"modified":"2025-06-23T08:24:09","modified_gmt":"2025-06-23T08:24:09","slug":"salvatore-foti-mourinhoyu-aratmiyor","status":"publish","type":"post","link":"https:\/\/ikimisli.tr\/index.php\/2025\/06\/23\/salvatore-foti-mourinhoyu-aratmiyor\/","title":{"rendered":"Salvatore Foti, Mourinho&#8217;yu aratm\u0131yor"},"content":{"rendered":"<p>\u0130ki ma\u00e7 ceza alan Jose Mourinho\u2019nun yoklu\u011funda Antalyaspor ma\u00e7\u0131nda Fenerbah\u00e7e\u2019nin ba\u015f\u0131nda alana Salvatore Foti \u00e7\u0131k\u0131yor. Foti de Mourinho\u2019yu hi\u00e7 aratm\u0131yor.<\/p>\n<p>Roma-Feyenoord ma\u00e7\u0131nda Santiago Gimenez\u2019e tac\u0131 s\u00fcratli kullanmas\u0131 i\u00e7in tokat at\u0131p, k\u0131rm\u0131z\u0131 kart g\u00f6rmesiyle \u00fcnl\u00fc. Foti \u015fanss\u0131z bir futbolcu. Sampdoria\u2019da \u201cYeni Ibrahimovic\u201d g\u00f6z\u00fcyle bak\u0131l\u0131yordu lakin f\u0131t\u0131k y\u00fcz\u00fcnden mesle\u011fi karard\u0131. Antren\u00f6r oldu. Mourinho yard\u0131mc\u0131s\u0131 yapt\u0131. Hatta Mourinho cezal\u0131 oldu\u011fu i\u00e7in 19 Mart 2023\u2019teki Lazio ile Derby della Capitale\u2019de Roma\u2019n\u0131n teknik y\u00f6neticili\u011fini \u00fcstlendi. Do\u011fal ki arbede \u00e7\u0131kt\u0131.<\/p>\n<p><b>FOT\u0130ZM\u0130N KURUCUSU!<\/b><\/p>\n<p>Roma&#8217;da Salvatore Foti Roma\u2019n\u0131n Sassuolo\u2019ya 3-4 ma\u011flup olmas\u0131 d\u0131\u015f\u0131nda hi\u00e7 yenilmemi\u015fti. S\u0131k s\u0131k ceza alan Mourinho\u2019nun yerine ge\u00e7ti\u011finde etraf\u0131nda adeta bir t\u0131ls\u0131m \u00fczere yenilmezlik havas\u0131 olu\u015fturmu\u015ftu ve bu hava ona e\u015flik ediyordu. \u0130talyanlar buna tek s\u00f6zle \u201cFotizm\u201d diyordu.<\/p>\n<p><b>MUHTEMEL 11&#8217;LER<\/b><\/p>\n<p><strong>Fenerbah\u00e7e:<\/strong> \u0130rfan Can E\u011fribayat, Skriniar, \u00c7a\u011flar, Yusuf, O\u011fuz, Amrabat, Fred, Kostic, Tadic, Dzeko, En Nesyri<\/p>\n<p><strong>Antalyaspor: <\/strong>Piric, Veysel, G\u00fcray, B\u00fcnyamin, Gexhaliu, Erdal, Safuri, Van de Streek, Soner, Samudio, Larsson<\/p>\n","protected":false},"excerpt":{"rendered":"<p>Fenerbah\u00e7e Teknik Y\u00f6neticisi Jose Mourinho, Antalyaspor ma\u00e7\u0131nda cezal\u0131 lakin yard\u0131mc\u0131s\u0131 Salvatore Foti&#8217;nin de ondan geri kal\u0131r yan\u0131 yok. \u0130\u015fte Fenerbah\u00e7e-Antalyaspor ma\u00e7\u0131n\u0131n beklenen 11&#8217;leri&#8230;<\/p>\n","protected":false},"author":1,"featured_media":49974,"comment_status":"open","ping_status":"open","sticky":false,"template":"","format":"standard","meta":{"footnotes":""},"categories":[30],"tags":[7001,1298],"class_list":["post-49973","post","type-post","status-publish","format-standard","has-post-thumbnail","hentry","category-spor","tag-foti","tag-mourinho"],"_links":{"self":[{"href":"https:\/\/ikimisli.tr\/index.php\/wp-json\/wp\/v2\/posts\/49973","targetHints":{"allow":["GET"]}}],"collection":[{"href":"https:\/\/ikimisli.tr\/index.php\/wp-json\/wp\/v2\/posts"}],"about":[{"href":"https:\/\/ikimisli.tr\/index.php\/wp-json\/wp\/v2\/types\/post"}],"author":[{"embeddable":true,"href":"https:\/\/ikimisli.tr\/index.php\/wp-json\/wp\/v2\/users\/1"}],"replies":[{"embeddable":true,"href":"https:\/\/ikimisli.tr\/index.php\/wp-json\/wp\/v2\/comments?post=49973"}],"version-history":[{"count":1,"href":"https:\/\/ikimisli.tr\/index.php\/wp-json\/wp\/v2\/posts\/49973\/revisions"}],"predecessor-version":[{"id":49975,"href":"https:\/\/ikimisli.tr\/index.php\/wp-json\/wp\/v2\/posts\/49973\/revisions\/49975"}],"wp:featuredmedia":[{"embeddable":true,"href":"https:\/\/ikimisli.tr\/index.php\/wp-json\/wp\/v2\/media\/49974"}],"wp:attachment":[{"href":"https:\/\/ikimisli.tr\/index.php\/wp-json\/wp\/v2\/media?parent=49973"}],"wp:term":[{"taxonomy":"category","embeddable":true,"href":"https:\/\/ikimisli.tr\/index.php\/wp-json\/wp\/v2\/categories?post=49973"},{"taxonomy":"post_tag","embeddable":true,"href":"https:\/\/ikimisli.tr\/index.php\/wp-json\/wp\/v2\/tags?post=49973"}],"curies":[{"name":"wp","href":"https:\/\/api.w.org\/{rel}","templated":true}]}}