{"id":50168,"date":"2025-06-23T20:24:15","date_gmt":"2025-06-23T20:24:15","guid":{"rendered":"https:\/\/ikimisli.tr\/?p=50168"},"modified":"2025-06-23T20:24:15","modified_gmt":"2025-06-23T20:24:15","slug":"corumlu-liseliler-kenevirden-uretti-bircok-sektoru-etkileyebilir","status":"publish","type":"post","link":"https:\/\/ikimisli.tr\/index.php\/2025\/06\/23\/corumlu-liseliler-kenevirden-uretti-bircok-sektoru-etkileyebilir\/","title":{"rendered":"\u00c7orumlu liseliler kenevirden \u00fcretti: Bir\u00e7ok sekt\u00f6r\u00fc etkileyebilir"},"content":{"rendered":"<p>\u00c7orumlu lise \u00f6\u011frencileri, radyasyonun ziyanl\u0131 tesirlerine kar\u015f\u0131 ihtilal niteli\u011finde bir tahlil geli\u015ftirdi! T\u00dcB\u0130TAK 56. Lise \u00d6\u011frencileri Ara\u015ft\u0131rma Projeleri kapsam\u0131nda haz\u0131rlanan projede, Hint keneviri at\u0131klar\u0131ndan \u00fcretilen \u00f6zel bir z\u0131rh, radyasyonu b\u00fcy\u00fck oranda engelleyerek kur\u015funa alternatif bir m\u00fcdafaa sa\u011flayabilece\u011fini g\u00f6sterdi.<\/p>\n<p>\u00c7orum \u0130n\u00f6n\u00fc Anadolu Lisesi 11. s\u0131n\u0131f \u00f6\u011frencileri Mert Ali Kulak ve Laysira Gencel, radyasyonun ziyanl\u0131 tesirlerine kar\u015f\u0131 yayg\u0131n olarak kullan\u0131lan kur\u015fun z\u0131rhlaman\u0131n yerine daha \u00e7evreci ve d\u00fc\u015f\u00fck maliyetli bir alternatif sunmak emeliyle projeyi geli\u015ftirdi. Elde ettikleri sonu\u00e7lar\u0131 &#8220;Hint Keneviri Bitkisinin At\u0131k G\u00f6vdesinden \u00dcretilen Kompozit Z\u0131rh\u0131n M\u00f6ssbauer Spektrometresiyle Radyasyon Ge\u00e7irimi&#8221; ba\u015fl\u0131kl\u0131 proje ile T\u00dcB\u0130TAK\u2019a sundular.<\/p>\n<p><img decoding=\"async\" src=\"https:\/\/ikimisli.tr\/wp-content\/uploads\/2025\/06\/corumlu-liseliler-kenevirden-uretti-bircok-sektoru-etkileyebilir-0-eMMl2iXx.jpg\"\/><\/p>\n<p><strong>N\u00fckleer ve Radyasyon Teknolojisine B\u00fcy\u00fck Katk\u0131<\/strong><\/p>\n<p>Ondokuz May\u0131s \u00dcniversitesi\u2019nde d\u00fczenlenen T\u00dcB\u0130TAK 56. Lise \u00d6\u011frencileri Ara\u015ft\u0131rma Projeleri B\u00f6lge M\u00fcsabakas\u0131&#8217;nda sergilenen projeyle ilgili konu\u015fan Mert Ali Kulak, n\u00fckleer ve radyasyon alan\u0131na duyduklar\u0131 ilgiden bahsederek \u015fu tabirleri kulland\u0131:<\/p>\n<p>&#8220;Savunma end\u00fcstrinde kullan\u0131lan M\u00f6ssbauer Spektrometresi, metal ala\u015f\u0131mlar\u0131 ve radyasyon \u00f6l\u00e7\u00fcmlerinde kullan\u0131lan \u00f6zel bir ayg\u0131t. T\u00fcrkiye\u2019de s\u0131rf iki adet bulunuyor. Biz, Hitit \u00dcniversitesi\u2019ne yak\u0131n olmam\u0131z\u0131n avantaj\u0131n\u0131 kullanarak bu projeyi geli\u015ftirme karar\u0131 ald\u0131k.&#8221;<\/p>\n<p>Projede kullan\u0131lan kenevir g\u00f6vdeleri, Amasya\u2019n\u0131n G\u00fcm\u00fc\u015fhac\u0131k\u00f6y il\u00e7esinden temin edildi. \u00d6\u011frenciler, kenevirin at\u0131k k\u0131s\u0131mlar\u0131n\u0131 \u015feffaf su bazl\u0131 a\u011fa\u00e7 tutkal\u0131 ile kar\u0131\u015ft\u0131rarak mengeneyle s\u0131k\u0131\u015ft\u0131r\u0131p kurutma s\u00fcreci uygulad\u0131. Elde edilen gere\u00e7, radyasyon testi i\u00e7in belirlenen \u00f6l\u00e7\u00fclerde kesilerek incelendi. Sonu\u00e7lar, gama ve X \u0131\u015f\u0131nlar\u0131na kar\u015f\u0131 de\u011ferli bir m\u00fcdafaa sa\u011fland\u0131\u011f\u0131n\u0131 g\u00f6sterdi.<\/p>\n<p><img decoding=\"async\" src=\"https:\/\/ikimisli.tr\/wp-content\/uploads\/2025\/06\/corumlu-liseliler-kenevirden-uretti-bircok-sektoru-etkileyebilir-1-I9OmdShx.jpg\"\/><\/p>\n<p><strong>Kur\u015funun Yerini Alabilir mi?<\/strong><\/p>\n<p>Proje tak\u0131m\u0131nda yer alan Laysira Gencel, bu z\u0131rh\u0131n yaln\u0131zca n\u00fckleer santrallerde de\u011fil, X-ray ayg\u0131tlar\u0131 ve mikrodalga f\u0131r\u0131nlardan yay\u0131lan radyasyonun ziyanlar\u0131n\u0131 azaltmak i\u00e7in de kullan\u0131labilece\u011fini belirtti. Gencel, &#8220;Hedefimiz, insanlar\u0131 ziyanl\u0131 kur\u015fun elementine maruz kalmadan radyasyondan koruyabilmek.&#8221; diyerek projenin s\u0131hhat a\u00e7\u0131s\u0131ndan ta\u015f\u0131d\u0131\u011f\u0131 de\u011fere dikkat \u00e7ekti.<\/p>\n<p>Fizik \u00f6\u011fretmeni Yavuz Ahmet G\u00fcrb\u00fcz ise \u00f6\u011frencilerinin kenevirin radyasyon tesirini azaltt\u0131\u011f\u0131na dair okuduklar\u0131 bilimsel makaleden ilham alarak bu projeyi geli\u015ftirdiklerini belirtti. G\u00fcrb\u00fcz, &#8220;Kur\u015fun, yayg\u0131n olarak kullan\u0131lsa da insan s\u0131hhati i\u00e7in ziyanl\u0131 tesirleri var. Biz, Hint keneviri at\u0131klar\u0131n\u0131 kullanarak \u00e7evreci ve daha inan\u00e7l\u0131 bir radyasyon z\u0131rh\u0131 \u00fcrettik. Projemizin patent takviyesi alabilece\u011fine inan\u0131yoruz.&#8221; dedi.<\/p>\n<p><strong>Daha Kal\u0131n \u00dcretildi\u011finde Tesiri Artacak!<\/strong><\/p>\n<p>\u00d6\u011frenciler, projenin geli\u015ftirilmesi halinde daha kal\u0131n z\u0131rh plakalar\u0131n\u0131n \u00fcretilerek gama \u0131\u015f\u0131nlar\u0131n\u0131 neredeyse b\u00fcsb\u00fct\u00fcn engelleyebilece\u011fini belirtiyor. Ayr\u0131yeten, d\u00fc\u015f\u00fck maliyetli ve \u00e7evreci bir alternatif olan bu gerecin, kur\u015funla kaplama yap\u0131lan bir\u00e7ok alanda kullan\u0131labilece\u011fi \u00f6ng\u00f6r\u00fcl\u00fcyor.\u00a0<\/p>\n","protected":false},"excerpt":{"rendered":"<p>T\u00dcB\u0130TAK 56. Lise \u00d6\u011frencileri Ara\u015ft\u0131rma Projeleri kapsam\u0131nda yap\u0131lan \u00e7al\u0131\u015fmada, Hint keneviri at\u0131klar\u0131ndan \u00fcretilen plaka halindeki z\u0131rh\u0131n, X \u0131\u015f\u0131nlar\u0131n\u0131n %98\u2019ini ve gama \u0131\u015f\u0131nlar\u0131n\u0131n %65\u2019ini engelledi\u011fi ortaya kondu.<\/p>\n","protected":false},"author":1,"featured_media":50169,"comment_status":"open","ping_status":"open","sticky":false,"template":"","format":"standard","meta":{"footnotes":""},"categories":[25],"tags":[7022,4600,437,5020,3389],"class_list":["post-50168","post","type-post","status-publish","format-standard","has-post-thumbnail","hentry","category-gundem","tag-keneviri","tag-kursun","tag-proje","tag-radyasyon","tag-zirh"],"_links":{"self":[{"href":"https:\/\/ikimisli.tr\/index.php\/wp-json\/wp\/v2\/posts\/50168","targetHints":{"allow":["GET"]}}],"collection":[{"href":"https:\/\/ikimisli.tr\/index.php\/wp-json\/wp\/v2\/posts"}],"about":[{"href":"https:\/\/ikimisli.tr\/index.php\/wp-json\/wp\/v2\/types\/post"}],"author":[{"embeddable":true,"href":"https:\/\/ikimisli.tr\/index.php\/wp-json\/wp\/v2\/users\/1"}],"replies":[{"embeddable":true,"href":"https:\/\/ikimisli.tr\/index.php\/wp-json\/wp\/v2\/comments?post=50168"}],"version-history":[{"count":1,"href":"https:\/\/ikimisli.tr\/index.php\/wp-json\/wp\/v2\/posts\/50168\/revisions"}],"predecessor-version":[{"id":50172,"href":"https:\/\/ikimisli.tr\/index.php\/wp-json\/wp\/v2\/posts\/50168\/revisions\/50172"}],"wp:featuredmedia":[{"embeddable":true,"href":"https:\/\/ikimisli.tr\/index.php\/wp-json\/wp\/v2\/media\/50169"}],"wp:attachment":[{"href":"https:\/\/ikimisli.tr\/index.php\/wp-json\/wp\/v2\/media?parent=50168"}],"wp:term":[{"taxonomy":"category","embeddable":true,"href":"https:\/\/ikimisli.tr\/index.php\/wp-json\/wp\/v2\/categories?post=50168"},{"taxonomy":"post_tag","embeddable":true,"href":"https:\/\/ikimisli.tr\/index.php\/wp-json\/wp\/v2\/tags?post=50168"}],"curies":[{"name":"wp","href":"https:\/\/api.w.org\/{rel}","templated":true}]}}