{"id":50173,"date":"2025-06-23T20:36:07","date_gmt":"2025-06-23T20:36:07","guid":{"rendered":"https:\/\/ikimisli.tr\/?p=50173"},"modified":"2025-06-23T20:36:07","modified_gmt":"2025-06-23T20:36:07","slug":"akpli-belediyenin-chpli-belediyeye-gizli-oyunu-kameraya-takildi","status":"publish","type":"post","link":"https:\/\/ikimisli.tr\/index.php\/2025\/06\/23\/akpli-belediyenin-chpli-belediyeye-gizli-oyunu-kameraya-takildi\/","title":{"rendered":"AKP&#8217;li belediyenin CHP&#8217;li belediyeye gizli oyunu kameraya tak\u0131ld\u0131."},"content":{"rendered":"<p>Kocaeli\u2019de AKP\u2019li Kocaeli Belediyesi\u2019ne ili\u015fkin olan bir ara\u00e7 siyah po\u015fetlerle dolu \u00e7\u00f6pleri, \u0130zmit Belediyesi&#8217;ne ili\u015fkin \u00e7\u00f6p konteynerlerine att\u0131.<\/p>\n<div>\n<p>Ya\u015fanan duruma b\u00fcy\u00fck reaksiyon g\u00f6steren CHP\u2019li \u0130zmit Belediye Ba\u015fkan\u0131 Fatma Kaplan H\u00fcrriyet, o anlar\u0131 toplumsal medya hesab\u0131ndan payla\u015ft\u0131. H\u00fcrriyet,\u00a0<strong>\u201cS\u00fcrekli bir operasyon daima bir sinsi alg\u0131 y\u00f6netimi\u201d<\/strong>\u00a0dedi.<\/p>\n<p><b><strong>\u201c7 D\u00dcVELE KAR\u015eI GAYRET ED\u0130YORUZ&#8221;<\/strong><\/b><\/p>\n<p>Ba\u015fkan H\u00fcrriyet\u00a0\u201c7 d\u00fcvele kar\u015f\u0131 gayret ediyoruz vallahi. Bir yandan b\u00fcy\u00fck\u015fehir, bir yandan yanda\u015flar\u0131. Daima bir operasyon, daima bir sinsi alg\u0131 y\u00f6netimi! \u0130\u015fte bu da yenisi; Sanayi Mahallesi\u2019nde gruplar\u0131m\u0131z \u00e7al\u0131\u015fma yaparken, B\u00fcy\u00fck\u015fehir\u2019e ili\u015fkin bir transit arac\u0131n, siyah po\u015fetlerle dolu \u00e7\u00f6pleri \u0130zmit Belediyesine ili\u015fkin konteynerlere att\u0131\u011f\u0131n\u0131 g\u00f6r\u00fcnt\u00fcledi\u201d\u00a0dedi.<\/p>\n<p><b><strong>&#8220;B\u0130Z\u0130 AKTARMA \u0130STASYONU SANIYORLAR&#8221;<\/strong><\/b><\/p>\n<p>Kocaeli B\u00fcy\u00fck\u015fehir Belediyesi\u2019nin kendi \u00e7\u00f6p idare sistemine ve \u0130ZAYDA\u015e \u00fczere bir \u00e7\u00f6p bertaraf tesisine sahipken, neden halk\u0131n g\u00fcnl\u00fck kullan\u0131m\u0131na ayr\u0131lm\u0131\u015f konteynerleri doldurdu\u011funu anlayamad\u0131klar\u0131n\u0131 belirten H\u00fcrriyet,\u00a0\u201c\u00dcstelik yasa gere\u011fi bize aktarma istasyonu g\u00f6stermesi gereken Kocaeli B\u00fcy\u00fck\u015fehir kelam verdi\u011fi halde hala yerine getirmedi. Buna kar\u015f\u0131n bizi aktarma istasyonu san\u0131yor herhalde\u201d\u00a0dedi.<\/p>\n<p>H\u00fcrriyet, a\u00e7\u0131klamas\u0131n\u0131n devam\u0131nda \u015funlar\u0131 s\u00f6yledi,\u00a0\u201cBu durumun yaln\u0131zca plans\u0131zl\u0131k de\u011fil, birebir vakitte belediyenin pakl\u0131k hizmetlerine direkt ziyan veren bir hareket oldu\u011funu s\u00f6z eden H\u00fcrriyet, \u201cHalk\u0131n g\u00fcnl\u00fck evsel at\u0131klar\u0131 i\u00e7in kullan\u0131lan konteynerlere bu formda \u00e7\u00f6p b\u0131rak\u0131lmas\u0131, hem kapasiteyi zorlamakta hem de pakl\u0131k sistemini bozmaktad\u0131r. B\u00fcy\u00fck\u015fehir Belediyesi, kendi \u00e7\u00f6plerini bertaraf etmek yerine neden \u0130zmit\u2019in yani halk\u0131n konteynerlerini kullanmay\u0131 tercih ediyor? \u00dcstelik o \u00e7\u00f6pleri bir defada bertaraf etmek varken mod\u00fcl kesim konteynerlere atmaya \u00e7al\u0131\u015f\u0131yor. \u00dcstelik fazladan mesai ve yak\u0131t t\u00fcketerek. Bu \u0130SRAFI neden yap\u0131yor anlamad\u0131k!\u201d<\/p>\n<\/p><\/div>\n","protected":false},"excerpt":{"rendered":"<p>Ak\u0131lalmaz olay Kocaeli&#8217;nde ya\u015fand\u0131. AKP\u2019li Kocaeli Belediyesi\u2019ne ili\u015fkin olan bir ara\u00e7 CHP&#8217;li \u0130zmit Belediyesi hudutlar\u0131na \u00e7\u00f6p b\u0131rakt\u0131. Ya\u015fanan skandal cep telefonu kameras\u0131 ile kaydedildi. \u0130zmit Belediye Ba\u015fkan\u0131 Fatma Kaplan H\u00fcrriyet, &#8220;S\u00fcrekli bir\u00a0operasyon, daima bir sinsi alg\u0131 y\u00f6netimi\u201d \u00e7\u0131k\u0131\u015f\u0131yla reaksiyon g\u00f6sterdi.<\/p>\n","protected":false},"author":1,"featured_media":50174,"comment_status":"open","ping_status":"open","sticky":false,"template":"","format":"standard","meta":{"footnotes":""},"categories":[25],"tags":[40,908,6338],"class_list":["post-50173","post","type-post","status-publish","format-standard","has-post-thumbnail","hentry","category-gundem","tag-belediye","tag-cop","tag-hurriyet"],"_links":{"self":[{"href":"https:\/\/ikimisli.tr\/index.php\/wp-json\/wp\/v2\/posts\/50173","targetHints":{"allow":["GET"]}}],"collection":[{"href":"https:\/\/ikimisli.tr\/index.php\/wp-json\/wp\/v2\/posts"}],"about":[{"href":"https:\/\/ikimisli.tr\/index.php\/wp-json\/wp\/v2\/types\/post"}],"author":[{"embeddable":true,"href":"https:\/\/ikimisli.tr\/index.php\/wp-json\/wp\/v2\/users\/1"}],"replies":[{"embeddable":true,"href":"https:\/\/ikimisli.tr\/index.php\/wp-json\/wp\/v2\/comments?post=50173"}],"version-history":[{"count":1,"href":"https:\/\/ikimisli.tr\/index.php\/wp-json\/wp\/v2\/posts\/50173\/revisions"}],"predecessor-version":[{"id":50175,"href":"https:\/\/ikimisli.tr\/index.php\/wp-json\/wp\/v2\/posts\/50173\/revisions\/50175"}],"wp:featuredmedia":[{"embeddable":true,"href":"https:\/\/ikimisli.tr\/index.php\/wp-json\/wp\/v2\/media\/50174"}],"wp:attachment":[{"href":"https:\/\/ikimisli.tr\/index.php\/wp-json\/wp\/v2\/media?parent=50173"}],"wp:term":[{"taxonomy":"category","embeddable":true,"href":"https:\/\/ikimisli.tr\/index.php\/wp-json\/wp\/v2\/categories?post=50173"},{"taxonomy":"post_tag","embeddable":true,"href":"https:\/\/ikimisli.tr\/index.php\/wp-json\/wp\/v2\/tags?post=50173"}],"curies":[{"name":"wp","href":"https:\/\/api.w.org\/{rel}","templated":true}]}}