{"id":50213,"date":"2025-06-23T23:00:13","date_gmt":"2025-06-23T23:00:13","guid":{"rendered":"https:\/\/ikimisli.tr\/?p=50213"},"modified":"2025-06-23T23:00:13","modified_gmt":"2025-06-23T23:00:13","slug":"muteahhidin-borclari-daire-sahiplerini-evinden-etti","status":"publish","type":"post","link":"https:\/\/ikimisli.tr\/index.php\/2025\/06\/23\/muteahhidin-borclari-daire-sahiplerini-evinden-etti\/","title":{"rendered":"M\u00fcteahhidin bor\u00e7lar\u0131 daire sahiplerini evinden etti"},"content":{"rendered":"<p>Hamidiye Mahallesi\u2019nde Altunizade isimli sitedeki meskenler, \u015fimdi temel evresindeyken m\u00fcteahhit \u015e.E.E.A. taraf\u0131ndan sat\u0131ld\u0131. \u015e.E.E.A. arg\u00fcmana nazaran sitenin \u00fczerindeki arsay\u0131 annesine devredip, buray\u0131 ipotek g\u00f6stererek kredi \u00e7ekti. Lakin \u015e.E.E.A. krediyi \u00f6deyemedi. Bu s\u00fcre\u00e7te buhrana giren \u015e.E.E.A., i\u015f yerinde intihara te\u015febb\u00fcs etti. Tak\u0131mlar\u0131n vaktinde m\u00fcdahalesi ile kurtar\u0131lan \u015e.E.E.A., akabinde uyu\u015fturucu unsur kullanma c\u00fcrm\u00fcnden yakalanarak mesken hapsine \u00e7arpt\u0131r\u0131ld\u0131.<\/p>\n<p>M\u00fcteahhidin 4 y\u0131l evvel \u00e7ekti\u011fi ve \u00f6deyemedi\u011fi kredi nedeniyle meskenlerinin icra yoluyla sat\u0131\u015fa \u00e7\u0131kar\u0131laca\u011f\u0131n\u0131 \u00f6\u011frenen daire sahipleri, hata duyurusunda bulundu. Ayr\u0131yeten konut sahipleri, m\u00fcteahhidin meskeninin \u00f6n\u00fcne giderek yans\u0131lar\u0131n\u0131 lisana getirdi.<\/p>\n<p><b>&#8216;EVS\u0130Z KALACA\u011eIZ&#8217;<\/b><\/p>\n<p>Ev sahiplerinden \u0130brahim \u00c7ak\u0131r, ma\u011fduriyetlerinin giderilmesini isteyerek \u201c2018 y\u0131l\u0131n\u0131n haziran ay\u0131nda temelden dairemi sat\u0131n ald\u0131m. 2020 y\u0131l\u0131nda 5 milyon civar\u0131 bankaya dairelerimizin topra\u011f\u0131n\u0131 ipotek g\u00f6sterdi\u011fi i\u00e7in bize kat irtifak\u0131 b\u00f6lemedi ve bizlerin hak sahibi oldu\u011fumuz kan\u0131tlanam\u0131yor. Velhas\u0131l devlet bizi tan\u0131m\u0131yor. Bizim 2 y\u0131ld\u0131r bor\u00e7lar\u0131m\u0131z bitti\u011fi halde tapular\u0131m\u0131z ortada yok. Davam\u0131z devam ediyor fakat bu ortada banka kestirimi 15 milyon lira paray\u0131 talep etti\u011fi i\u00e7in b\u00fct\u00fcn bina ve emlak 13 Mart\u2019ta ihaleye \u00e7\u0131kacak. Biz muhtemelen 20 g\u00fcn sonra, bu kadar insan ma\u011fdur olup evsiz kalaca\u011f\u0131z. \u00d6demesini yapt\u0131\u011f\u0131m\u0131z halde dairemizden d\u0131\u015far\u0131 at\u0131laca\u011f\u0131z. Biz orta yol bulunsun ve ma\u011fduriyetimiz giderilsin istiyoruz\u201d dedi.<\/p>\n<p><b>\u2018M\u00dcVEK\u0130LLER\u0130M\u0130Z DOLANDIRILMI\u015e VE MA\u011eDUR ED\u0130LM\u0130\u015eLED\u0130R\u2019<\/b><\/p>\n<p>Ma\u011fdurlar\u0131n avukat\u0131 Enes Efe \u00d6zt\u00fcrk m\u00fcvekkillerinin doland\u0131r\u0131ld\u0131\u011f\u0131n\u0131 tez ederek, \u201cM\u00fcvekkillerimiz, \u015e.E.E.A.\u2019n\u0131n yetkilisi oldu\u011fu \u015e.A. taraf\u0131ndan 2018 ve devam\u0131ndaki s\u00fcre\u00e7te devam eden in\u015faatlardan mukavelelerle daire almak suretiyle ma\u011fdur edilmi\u015flerdir. Bu s\u00fcre\u00e7 i\u00e7inde m\u00fcvekkillerimiz mukavelelerine uygun olarak \u00f6demelerini yapmalar\u0131na kar\u015f\u0131n bu firma taraf\u0131ndan 2020 y\u0131l\u0131nda m\u00fcvekkillerin sat\u0131n alm\u0131\u015f oldu\u011fu dairelere ili\u015fkin yere bir ipotek tesis edilmi\u015ftir. Bu ipotek, arsa sahibinin annesi \u00fczerine tesis edilmi\u015ftir. Ortadan ge\u00e7en s\u00fcre\u00e7te m\u00fcvekkillere bu bilgi verilmeksizin banka borcu \u00f6denmemi\u015ftir. Bu nedenle bug\u00fcn biz dava a\u00e7m\u0131\u015f olsak dahi banka borcundan \u00f6t\u00fcr\u00fc m\u00fcvekkillerin 4 y\u0131ld\u0131r ikamet etti\u011fi ve hala \u00f6deme yapmaya devam ettikleri dairelerle alakal\u0131 hem daireler hem de dairelerin \u00fczerinde bulundu\u011fu arsa sat\u0131\u015fa \u00e7\u0131kar\u0131lm\u0131\u015ft\u0131r. Biz daval\u0131 firma yetkiliyle alakal\u0131 D\u00fczce Cumhuriyet Ba\u015fsavc\u0131l\u0131\u011f\u0131\u2019na soru\u015fturma belgesi a\u00e7\u0131lmas\u0131 i\u00e7in m\u00fcracaatta bulunduk. M\u00fcvekkiller bu halde doland\u0131r\u0131lm\u0131\u015f ve ma\u011fdur edilmi\u015ftir\u201d diye konu\u015ftu.<\/p>\n<p><b>\u2018UZLA\u015eMAYA HAZIRIZ\u2019<\/b><\/p>\n<p>Ma\u011fdurlar\u0131n avukatlar\u0131ndan Muhammed Yi\u011fit Ger\u00e7ek ise \u015funlar\u0131 s\u00f6yledi:<\/p>\n<p>\u201cBu sorun kar\u015f\u0131s\u0131nda \u015firket yetkilileri taraf\u0131ndan bizle bir uzla\u015f\u0131 sa\u011flanmazsa, bizimle irtibat kurulmazsa buradaki vatanda\u015flar, meskenlerinde bekleyen anneler, \u00e7ocuklar, bunlar\u0131n hepsi ma\u011fdur edilecek. Burada bahsetti\u011fimiz ki\u015fi say\u0131s\u0131 200-250 ki\u015fidir. 50 hane ma\u011fdur edilmi\u015ftir. Burada kas\u0131tl\u0131 olarak ma\u011fdur edilen be\u015ferler i\u00e7in topland\u0131k. Bu ma\u011fduriyetin bitirilmesi kar\u015f\u0131 taraf\u0131n elindedir. Buradan \u015firket yetkilisine de sesleniyoruz. Bizimle bir uzla\u015f\u0131 ortam\u0131 sa\u011flamak isterse, g\u00f6r\u00fc\u015fmek isterse bizim m\u00fcvekkillerimizden ald\u0131\u011f\u0131m\u0131z yetki dahilinde kap\u0131m\u0131z a\u00e7\u0131kt\u0131r. Biz sorunu \u00e7\u00f6zmek istiyoruz.\u201d<\/p>\n","protected":false},"excerpt":{"rendered":"<p>D\u00fczce\u2019de temel basama\u011f\u0131ndayken paras\u0131n\u0131 \u00f6deyip sat\u0131n ald\u0131klar\u0131 dairelerin tapusunu alamayan mesken sahipleri, m\u00fcteahhidin bor\u00e7lar\u0131 nedeniyle 4 y\u0131ld\u0131r oturduklar\u0131 binan\u0131n yeriyle birlikte sat\u0131\u015fa \u00e7\u0131kar\u0131laca\u011f\u0131n\u0131 belirterek duruma reaksiyon g\u00f6sterdi. Ma\u011fdurlar\u0131n avukatlar\u0131ndan Muhammed Yi\u011fit Ger\u00e7ek, \u201cBurada bahsetti\u011fimiz ki\u015fi say\u0131s\u0131 200-250 ki\u015fidir. 50 hane ma\u011fdur edilmi\u015ftir\u201d dedi.<\/p>\n","protected":false},"author":1,"featured_media":50214,"comment_status":"open","ping_status":"open","sticky":false,"template":"","format":"standard","meta":{"footnotes":""},"categories":[25],"tags":[289,3613,2081,7025,2045],"class_list":["post-50213","post","type-post","status-publish","format-standard","has-post-thumbnail","hentry","category-gundem","tag-arsa","tag-daire","tag-magdur","tag-tarafin","tag-yetki"],"_links":{"self":[{"href":"https:\/\/ikimisli.tr\/index.php\/wp-json\/wp\/v2\/posts\/50213","targetHints":{"allow":["GET"]}}],"collection":[{"href":"https:\/\/ikimisli.tr\/index.php\/wp-json\/wp\/v2\/posts"}],"about":[{"href":"https:\/\/ikimisli.tr\/index.php\/wp-json\/wp\/v2\/types\/post"}],"author":[{"embeddable":true,"href":"https:\/\/ikimisli.tr\/index.php\/wp-json\/wp\/v2\/users\/1"}],"replies":[{"embeddable":true,"href":"https:\/\/ikimisli.tr\/index.php\/wp-json\/wp\/v2\/comments?post=50213"}],"version-history":[{"count":1,"href":"https:\/\/ikimisli.tr\/index.php\/wp-json\/wp\/v2\/posts\/50213\/revisions"}],"predecessor-version":[{"id":50215,"href":"https:\/\/ikimisli.tr\/index.php\/wp-json\/wp\/v2\/posts\/50213\/revisions\/50215"}],"wp:featuredmedia":[{"embeddable":true,"href":"https:\/\/ikimisli.tr\/index.php\/wp-json\/wp\/v2\/media\/50214"}],"wp:attachment":[{"href":"https:\/\/ikimisli.tr\/index.php\/wp-json\/wp\/v2\/media?parent=50213"}],"wp:term":[{"taxonomy":"category","embeddable":true,"href":"https:\/\/ikimisli.tr\/index.php\/wp-json\/wp\/v2\/categories?post=50213"},{"taxonomy":"post_tag","embeddable":true,"href":"https:\/\/ikimisli.tr\/index.php\/wp-json\/wp\/v2\/tags?post=50213"}],"curies":[{"name":"wp","href":"https:\/\/api.w.org\/{rel}","templated":true}]}}