{"id":50222,"date":"2025-06-23T23:36:25","date_gmt":"2025-06-23T23:36:25","guid":{"rendered":"https:\/\/ikimisli.tr\/?p=50222"},"modified":"2025-06-23T23:36:25","modified_gmt":"2025-06-23T23:36:25","slug":"orucunu-erken-acmak-isteyenin-1-adim-atmasi-yetiyor","status":"publish","type":"post","link":"https:\/\/ikimisli.tr\/index.php\/2025\/06\/23\/orucunu-erken-acmak-isteyenin-1-adim-atmasi-yetiyor\/","title":{"rendered":"Orucunu erken a\u00e7mak isteyenin 1 ad\u0131m atmas\u0131 yetiyor"},"content":{"rendered":"<p>Ramazan ay\u0131n\u0131n gelmesiyle birlikte vatanda\u015f da birinci iftar\u0131n\u0131 yapt\u0131. Kimi vilayetlerde ise enteresan anlar ya\u015fand\u0131. Bunlardan biri de Ordu&#8217;nun \u0130kizce \u0130l\u00e7esi \u015eentepe mahallesi ile Samsun&#8217;un Terme il\u00e7esine ba\u011fl\u0131  Ambartepe mahallesinde oldu. \u0130ki ilin ortas\u0131ndan yaln\u0131zca 1 cadde ge\u00e7iyor ve mahalleliler kar\u015f\u0131l\u0131kl\u0131 oturuyorlar. Bu durumsa iftar saatinde \u015fa\u015f\u0131rtan anlar\u0131n ya\u015fanmas\u0131na neden oluyor.<\/p>\n<p><b>\u0130FTARI 1 DAK\u0130KA ORTAYLA A\u00c7IYORLAR<\/b><\/p>\n<p>\u015eentepe ve Ambartepe mahallelerini yaln\u0131zca 30 kilometrelik bir yol ay\u0131r\u0131yor. Yani iki mahalle kar\u015f\u0131l\u0131kl\u0131 oturuyor. Durum bu t\u00fcrl\u00fc olunca da yolun bir kenar\u0131 Ordulular\u0131n kar\u015f\u0131 taraf\u0131ysa Samsunlular\u0131n. \u0130ki mahallenin ortas\u0131ndaki iftar a\u00e7ma vakti ise yaln\u0131zca 1 dakika.<\/p>\n<p><img decoding=\"async\" src=\"https:\/\/ikimisli.tr\/wp-content\/uploads\/2025\/06\/orucunu-erken-acmak-isteyenin-1-adim-atmasi-yetiyor-0-64IywO1O.png\"\/><\/p>\n<p><b>SAMSUN&#8217;DAN ORDU&#8217;YA GE\u00c7MEK 1 DAK\u0130KA<\/b><\/p>\n<p>Mahalle sakinleri bu ramazan ay\u0131nda 19 g\u00fcn boyunca yan\u0131 saatte iftar a\u00e7acak, 10 g\u00fcn ise 1 dakika ortayla oru\u00e7lar\u0131n\u0131 a\u00e7acaklar. \u015eentepe mahallesi muhtar\u0131 Engin Arslan bir taraf\u0131nda Terme \u00f6teki taraf\u0131nda \u0130kizce oldu\u011funu s\u00f6z ederek, bunun meridyen fark\u0131ndan kaynakland\u0131\u011f\u0131n\u0131 s\u00f6yledi. \u0130ftar saatinde 1 dakikal\u0131k fark\u0131n olu\u015ftu\u011funu s\u00f6yleyen Arslan, &#8220;Ba\u011fl\u0131 oldu\u011fumuz mescitlere uymak zorunday\u0131z. Meskende oturdu\u011fumuz vakit iftar\u0131 beklerken masa ba\u015f\u0131nda kendi camimizin evvel okuyaca\u011f\u0131n\u0131 biliyoruz. \u00d6teki taraftaki vatanda\u015flar da bildi\u011fi i\u00e7in herkes buna uyuyor.&#8221; dedi.<\/p>\n<p><img decoding=\"async\" src=\"https:\/\/ikimisli.tr\/wp-content\/uploads\/2025\/06\/orucunu-erken-acmak-isteyenin-1-adim-atmasi-yetiyor-1-yhwfw4LZ.png\"\/><\/p>\n<p><b>MUHTARDAN MESKENLER\u0130 BOYAMA \u00d6NER\u0130S\u0130<\/b><\/p>\n<p>Bu mevkiin turizme kazand\u0131r\u0131lmas\u0131 gerekti\u011fini belirterek, Ordu taraf\u0131n\u0131n mor beyaza, Samsun taraf\u0131n\u0131nsa k\u0131rm\u0131z\u0131 beyaza boyanmas\u0131n\u0131 istedi.<\/p>\n<p><img decoding=\"async\" src=\"https:\/\/ikimisli.tr\/wp-content\/uploads\/2025\/06\/orucunu-erken-acmak-isteyenin-1-adim-atmasi-yetiyor-2-JHbYDYNv.png\"\/><\/p>\n<p><b>\u0130\u015eYER\u0130 SAMSUN&#8217;DA \u0130KAMET\u0130 ORDU&#8217;DA<\/b><\/p>\n<p>Ambartepe Mahallesi esnaf\u0131 Turan K\u0131\u015fla ise i\u015fyerinin Terme&#8217;de oldu\u011funu ikametinin ise \u0130kizce&#8217;de oldu\u011funu s\u00f6z ederek &#8221; Sol kolum Ordu \u0130kizce&#8217;yi, sa\u011f kolum Samsun Terme&#8217;yi g\u00f6steriyor. Ramazanda 19 g\u00fcn t\u0131pk\u0131, 10 g\u00fcn ise 1-1,5 dakika ortayla orucumuzu a\u00e7\u0131yoruz. Ramazan ay\u0131 ho\u015f ge\u00e7iyor.&#8221; diye konu\u015ftu.<\/p>\n","protected":false},"excerpt":{"rendered":"<p>Ordu ile Samsun ortas\u0131nda yer alan bir cadde, her ramazan enteresan anlara sahne oluyor. Orucunu erken a\u00e7mak isteyenin 1 ad\u0131m atmas\u0131 yetiyor.<\/p>\n","protected":false},"author":1,"featured_media":50223,"comment_status":"open","ping_status":"open","sticky":false,"template":"","format":"standard","meta":{"footnotes":""},"categories":[25],"tags":[7026,5493,968,1886,1555],"class_list":["post-50222","post","type-post","status-publish","format-standard","has-post-thumbnail","hentry","category-gundem","tag-1-dakika","tag-iftar","tag-mahalle","tag-ordu","tag-samsun"],"_links":{"self":[{"href":"https:\/\/ikimisli.tr\/index.php\/wp-json\/wp\/v2\/posts\/50222","targetHints":{"allow":["GET"]}}],"collection":[{"href":"https:\/\/ikimisli.tr\/index.php\/wp-json\/wp\/v2\/posts"}],"about":[{"href":"https:\/\/ikimisli.tr\/index.php\/wp-json\/wp\/v2\/types\/post"}],"author":[{"embeddable":true,"href":"https:\/\/ikimisli.tr\/index.php\/wp-json\/wp\/v2\/users\/1"}],"replies":[{"embeddable":true,"href":"https:\/\/ikimisli.tr\/index.php\/wp-json\/wp\/v2\/comments?post=50222"}],"version-history":[{"count":1,"href":"https:\/\/ikimisli.tr\/index.php\/wp-json\/wp\/v2\/posts\/50222\/revisions"}],"predecessor-version":[{"id":50227,"href":"https:\/\/ikimisli.tr\/index.php\/wp-json\/wp\/v2\/posts\/50222\/revisions\/50227"}],"wp:featuredmedia":[{"embeddable":true,"href":"https:\/\/ikimisli.tr\/index.php\/wp-json\/wp\/v2\/media\/50223"}],"wp:attachment":[{"href":"https:\/\/ikimisli.tr\/index.php\/wp-json\/wp\/v2\/media?parent=50222"}],"wp:term":[{"taxonomy":"category","embeddable":true,"href":"https:\/\/ikimisli.tr\/index.php\/wp-json\/wp\/v2\/categories?post=50222"},{"taxonomy":"post_tag","embeddable":true,"href":"https:\/\/ikimisli.tr\/index.php\/wp-json\/wp\/v2\/tags?post=50222"}],"curies":[{"name":"wp","href":"https:\/\/api.w.org\/{rel}","templated":true}]}}