{"id":50416,"date":"2025-06-24T11:12:07","date_gmt":"2025-06-24T11:12:07","guid":{"rendered":"https:\/\/ikimisli.tr\/?p=50416"},"modified":"2025-06-24T11:12:07","modified_gmt":"2025-06-24T11:12:07","slug":"meloni-eger-ayrisirsak-daha-zayif-hale-gelecegiz","status":"publish","type":"post","link":"https:\/\/ikimisli.tr\/index.php\/2025\/06\/24\/meloni-eger-ayrisirsak-daha-zayif-hale-gelecegiz\/","title":{"rendered":"Meloni: &#8220;E\u011fer ayr\u0131\u015f\u0131rsak daha zay\u0131f hale gelece\u011fiz&#8221;"},"content":{"rendered":"<p>\u0130ngiltere Ba\u015fbakan\u0131 Starmer ve \u0130talyan mevkida\u015f\u0131 Meloni, Londra&#8217;da yapacaklar\u0131 ba\u015f ba\u015fa g\u00f6r\u00fc\u015fme \u00f6ncesi bas\u0131na a\u00e7\u0131klamalarda bulundu.<\/p>\n<p>\u00c7ok k\u0131ymetli bir devirde bir ortaya geldiklerini belirten Starmer, ge\u00e7en y\u0131l Roma&#8217;da yapt\u0131klar\u0131 g\u00f6r\u00fc\u015fmede iktisat, g\u00f6\u00e7, savunma ve g\u00fcvenlik \u00fczere ortak sorunlar\u0131 ele ald\u0131klar\u0131n\u0131 anlatt\u0131.<\/p>\n<p>Starmer, iki \u00fclkeyi ilgilendiren ortak bahislere benzeri fikirle yakla\u015ft\u0131klar\u0131n\u0131 vurgulad\u0131.<\/p>\n<p><b>&#8211; &#8220;\u0130ngiltere ve \u0130talya birle\u015ftirici bir rol oynayabilir&#8221;<\/b><\/p>\n<p>Meloni de \u00e7ok \u00f6zel bir devirde olduklar\u0131n\u0131 lisana getirerek, &#8220;Bu periyotta birbirimizle konu\u015fmak ve uyum \u00e7ok k\u0131ymetli. (Ukrayna bahisli zirve) Bu tepeye mesken sahipli\u011fi yapt\u0131\u011f\u0131n\u0131z i\u00e7in te\u015fekk\u00fcr ediyorum.&#8221; dedi.<\/p>\n<p>Ukrayna&#8217;da kal\u0131c\u0131 bar\u0131\u015f amac\u0131na ula\u015fmakta kararl\u0131 olduklar\u0131n\u0131 vurgulayan Meloni, &#8220;Bat\u0131&#8217;n\u0131n b\u00f6l\u00fcnmesi riskini \u00f6nlememizin \u00e7ok k\u0131ymetli oldu\u011funu d\u00fc\u015f\u00fcn\u00fcyorum. Bu noktada \u0130ngiltere ve \u0130talya birle\u015ftirici bir rol oynayabilir. Ben de ABD ile Avrupa ba\u015fkanlar\u0131 ortas\u0131nda bir tepe teklif ettim. \u015eayet ayr\u0131\u015f\u0131rsak bu, bizi daha zay\u0131f hale getirecektir.&#8221; de\u011ferlendirmesini yapt\u0131.<\/p>\n<p>Meloni, \u0130ngiltere ile \u0130talya&#8217;n\u0131n ikili ba\u011flant\u0131larda uyumlu oldu\u011funu belirterek, &#8220;\u0130kimiz de al\u0131\u015f\u0131lm\u0131\u015f\u0131n d\u0131\u015f\u0131nda d\u00fc\u015f\u00fcn\u00fcyoruz ve vatanda\u015flar\u0131m\u0131z\u0131 etkileyen meselelerin tahlili i\u00e7in yeni ara\u00e7lar ve fikirlere gereksinimimizin oldu\u011funu biliyoruz.&#8221; diye konu\u015ftu.<\/p>\n<p>\u0130kili g\u00f6r\u00fc\u015fme, Londra&#8217;da bug\u00fcn bir\u00e7ok Avrupa \u00fclkesinden ba\u015fkan ve bakan d\u00fczeyinde temsilcinin kat\u0131laca\u011f\u0131 Ukrayna bahisli tepe kapsam\u0131nda yap\u0131ld\u0131.<\/p>\n<p>ABD Ba\u015fkan\u0131 Donald Trump ile 28 \u015eubat&#8217;ta Washington&#8217;da kameralar \u00f6n\u00fcnde tart\u0131\u015fma ya\u015fayan Ukrayna Devlet Ba\u015fkan\u0131 Volodimir Zelenskiy&#8217;nin de kat\u0131laca\u011f\u0131 tepede Ukrayna&#8217;da adil ve kal\u0131c\u0131 bar\u0131\u015f\u0131n sa\u011flanmas\u0131 u\u011fra\u015flar\u0131n\u0131n a\u011f\u0131rla\u015fmas\u0131 bekleniyor.<\/p>\n<p>\u0130ngiltere Ba\u015fbakan\u0131 Starmer, Beyaz Saray&#8217;daki tart\u0131\u015fma sonras\u0131 g\u00fcndemin birinci s\u0131ras\u0131na gelen Ukrayna konusunda Fransa ve m\u00fcmk\u00fcn 1-2 \u00fclkeyle birlikte bar\u0131\u015fa y\u00f6nelik plan \u00fczerinde \u00e7al\u0131\u015ft\u0131klar\u0131n\u0131, bu plan\u0131n daha sonra da ABD&#8217;yle payla\u015f\u0131laca\u011f\u0131n\u0131 a\u00e7\u0131klam\u0131\u015ft\u0131.<\/p>\n","protected":false},"excerpt":{"rendered":"<p>\u0130ngiltere Ba\u015fbakan\u0131 Keir Starmer ile Londra&#8217;da bir ortaya gelen \u0130talya Ba\u015fbakan\u0131 Giorgia Meloni, &#8220;Bat\u0131&#8217;n\u0131n b\u00f6l\u00fcnmesi riskini \u00f6nlememizin \u00e7ok k\u0131ymetli oldu\u011funu d\u00fc\u015f\u00fcn\u00fcyorum. \u015eayet ayr\u0131\u015f\u0131rsak bu, bizi daha zay\u0131f hale getirecektir.&#8221; diye konu\u015ftu.<\/p>\n","protected":false},"author":1,"featured_media":50417,"comment_status":"open","ping_status":"open","sticky":false,"template":"","format":"standard","meta":{"footnotes":""},"categories":[43],"tags":[497,1301,201,5307],"class_list":["post-50416","post","type-post","status-publish","format-standard","has-post-thumbnail","hentry","category-dunya","tag-bas","tag-ingiltere","tag-ukrayna","tag-zirve"],"_links":{"self":[{"href":"https:\/\/ikimisli.tr\/index.php\/wp-json\/wp\/v2\/posts\/50416","targetHints":{"allow":["GET"]}}],"collection":[{"href":"https:\/\/ikimisli.tr\/index.php\/wp-json\/wp\/v2\/posts"}],"about":[{"href":"https:\/\/ikimisli.tr\/index.php\/wp-json\/wp\/v2\/types\/post"}],"author":[{"embeddable":true,"href":"https:\/\/ikimisli.tr\/index.php\/wp-json\/wp\/v2\/users\/1"}],"replies":[{"embeddable":true,"href":"https:\/\/ikimisli.tr\/index.php\/wp-json\/wp\/v2\/comments?post=50416"}],"version-history":[{"count":1,"href":"https:\/\/ikimisli.tr\/index.php\/wp-json\/wp\/v2\/posts\/50416\/revisions"}],"predecessor-version":[{"id":50418,"href":"https:\/\/ikimisli.tr\/index.php\/wp-json\/wp\/v2\/posts\/50416\/revisions\/50418"}],"wp:featuredmedia":[{"embeddable":true,"href":"https:\/\/ikimisli.tr\/index.php\/wp-json\/wp\/v2\/media\/50417"}],"wp:attachment":[{"href":"https:\/\/ikimisli.tr\/index.php\/wp-json\/wp\/v2\/media?parent=50416"}],"wp:term":[{"taxonomy":"category","embeddable":true,"href":"https:\/\/ikimisli.tr\/index.php\/wp-json\/wp\/v2\/categories?post=50416"},{"taxonomy":"post_tag","embeddable":true,"href":"https:\/\/ikimisli.tr\/index.php\/wp-json\/wp\/v2\/tags?post=50416"}],"curies":[{"name":"wp","href":"https:\/\/api.w.org\/{rel}","templated":true}]}}