{"id":50449,"date":"2025-06-24T13:12:10","date_gmt":"2025-06-24T13:12:10","guid":{"rendered":"https:\/\/ikimisli.tr\/?p=50449"},"modified":"2025-06-24T13:12:10","modified_gmt":"2025-06-24T13:12:10","slug":"uyusturucu-suclamasiyla-gozaltina-alinmislardi-dilan-polat-ve-engin-polatin-ifadesinde-dikkat-ceken-detaylar","status":"publish","type":"post","link":"https:\/\/ikimisli.tr\/index.php\/2025\/06\/24\/uyusturucu-suclamasiyla-gozaltina-alinmislardi-dilan-polat-ve-engin-polatin-ifadesinde-dikkat-ceken-detaylar\/","title":{"rendered":"Uyu\u015fturucu su\u00e7lamas\u0131yla g\u00f6zalt\u0131na al\u0131nm\u0131\u015flard\u0131: Dilan Polat ve Engin Polat&#8217;\u0131n ifadesinde dikkat \u00e7eken detaylar"},"content":{"rendered":"<p>Sosyal medyada payla\u015ft\u0131klar\u0131 g\u00f6r\u00fcnt\u00fcn\u00fcn akabinde; haklar\u0131nda &#8216;uyu\u015fturucu husus sat\u0131n almak, bulundurmak yahut kullanmak&#8217; hatas\u0131ndan ba\u015flat\u0131lan soru\u015fturma kapsam\u0131nda g\u00f6zalt\u0131na al\u0131nan Dilan Polat ve Engin Polat h\u00fcr b\u0131rak\u0131ld\u0131.<\/p>\n<p><b>&#8220;V\u0130DEO 2024&#8217;E A\u0130T&#8221;<\/b><\/p>\n<p>Habert\u00fcrk&#8217;te yer alan habere nazaran; Dilan Polat g\u00f6r\u00fcnt\u00fcn\u00fcn yay\u0131nlanma tarihinin Aral\u0131k 2024 oldu\u011funu ve Sapanca&#8217;da bir konutta manzaralar\u0131n kaydedildi\u011fini s\u00f6yledi.<\/p>\n<p><b>&#8220;T\u00dcP BEBEK TEDAV\u0130S\u0130 G\u00d6R\u00dcYORUM&#8221;<\/b><\/p>\n<p>Videodaki &#8220;Kimse kalkam\u0131yor&#8221; bildirisinde ise herkesin yorgun oldu\u011fundan bahsetti\u011fini s\u00f6yleyen Dilan Polat, &#8220;E\u015fimin karde\u015fi o masay\u0131 temizliyordu biz de kahvalt\u0131 edecektik. T\u00fcp bebek tedavisi g\u00f6r\u00fcyorum, hayat\u0131m\u0131n hi\u00e7bir periyodunda uyu\u015fturucu kullanmad\u0131m. Psikiyatrik tedavi hedefli birtak\u0131m ila\u00e7lardan di\u011fer bir \u015fey kullanmad\u0131m&#8221; dedi.<\/p>\n<p><b>NE OLMU\u015eTU?<\/b><\/p>\n<p>\u0130stanbul Cumhuriyet Ba\u015fsavc\u0131l\u0131\u011f\u0131nca, toplumsal medyada payla\u015f\u0131lan ve reaksiyon \u00e7eken bir g\u00f6r\u00fcnt\u00fc i\u00e7eri\u011fiyle ilgili yap\u0131lan ihbarlar sonucunda g\u00f6r\u00fcnt\u00fcde yer alan Engin Polat, Alper K\u00fcr\u015fat Polat, Hazal Erdo\u011fan ve g\u00f6r\u00fcnt\u00fcy\u00fc \u00e7eken Dilan Polat hakk\u0131nda re&#8217;sen soru\u015fturma ba\u015flat\u0131lm\u0131\u015ft\u0131.<\/p>\n<p>Ki\u015filer hakk\u0131nda savc\u0131l\u0131k\u00e7a &#8216;kullanmak i\u00e7in uyu\u015fturucu yahut uyar\u0131c\u0131 unsur sat\u0131n almak, kabul etmek yahut bulundurmak&#8217; c\u00fcr\u00fcmlerinden g\u00f6zalt\u0131 karar\u0131 verildi. Soru\u015fturma kapsam\u0131nda Dilan ve Engin Polat gece saatlerinde g\u00f6zalt\u0131na al\u0131nm\u0131\u015ft\u0131.<\/p>\n<p>Dilan-Engin Polat, Alper K\u00fcr\u015fat Polat ve Hazal Erdo\u011fan, \u0130stanbul Emniyet M\u00fcd\u00fcrl\u00fc\u011f\u00fc&#8217;ndeki s\u00fcre\u00e7lerinin akabinde bug\u00fcn \u00f6zg\u00fcr b\u0131rak\u0131ld\u0131.<\/p>\n","protected":false},"excerpt":{"rendered":"<p>G\u00f6zalt\u0131na al\u0131nd\u0131ktan sonra h\u00fcr b\u0131rak\u0131lan Dilan Polat&#8217;\u0131n emniyetteki tabiri ortaya \u00e7\u0131kt\u0131.<\/p>\n","protected":false},"author":1,"featured_media":50450,"comment_status":"open","ping_status":"open","sticky":false,"template":"","format":"standard","meta":{"footnotes":""},"categories":[25],"tags":[7056,1596,2892],"class_list":["post-50449","post","type-post","status-publish","format-standard","has-post-thumbnail","hentry","category-gundem","tag-dilan","tag-polat","tag-video"],"_links":{"self":[{"href":"https:\/\/ikimisli.tr\/index.php\/wp-json\/wp\/v2\/posts\/50449","targetHints":{"allow":["GET"]}}],"collection":[{"href":"https:\/\/ikimisli.tr\/index.php\/wp-json\/wp\/v2\/posts"}],"about":[{"href":"https:\/\/ikimisli.tr\/index.php\/wp-json\/wp\/v2\/types\/post"}],"author":[{"embeddable":true,"href":"https:\/\/ikimisli.tr\/index.php\/wp-json\/wp\/v2\/users\/1"}],"replies":[{"embeddable":true,"href":"https:\/\/ikimisli.tr\/index.php\/wp-json\/wp\/v2\/comments?post=50449"}],"version-history":[{"count":1,"href":"https:\/\/ikimisli.tr\/index.php\/wp-json\/wp\/v2\/posts\/50449\/revisions"}],"predecessor-version":[{"id":50451,"href":"https:\/\/ikimisli.tr\/index.php\/wp-json\/wp\/v2\/posts\/50449\/revisions\/50451"}],"wp:featuredmedia":[{"embeddable":true,"href":"https:\/\/ikimisli.tr\/index.php\/wp-json\/wp\/v2\/media\/50450"}],"wp:attachment":[{"href":"https:\/\/ikimisli.tr\/index.php\/wp-json\/wp\/v2\/media?parent=50449"}],"wp:term":[{"taxonomy":"category","embeddable":true,"href":"https:\/\/ikimisli.tr\/index.php\/wp-json\/wp\/v2\/categories?post=50449"},{"taxonomy":"post_tag","embeddable":true,"href":"https:\/\/ikimisli.tr\/index.php\/wp-json\/wp\/v2\/tags?post=50449"}],"curies":[{"name":"wp","href":"https:\/\/api.w.org\/{rel}","templated":true}]}}