{"id":50470,"date":"2025-06-24T14:36:06","date_gmt":"2025-06-24T14:36:06","guid":{"rendered":"https:\/\/ikimisli.tr\/?p=50470"},"modified":"2025-06-24T14:36:06","modified_gmt":"2025-06-24T14:36:06","slug":"ingiltere-basbakani-trumpin-ziyaretinin-iptal-edilmesi-cagrilarini-reddetti","status":"publish","type":"post","link":"https:\/\/ikimisli.tr\/index.php\/2025\/06\/24\/ingiltere-basbakani-trumpin-ziyaretinin-iptal-edilmesi-cagrilarini-reddetti\/","title":{"rendered":"\u0130ngiltere Ba\u015fbakan\u0131 Trump&#8217;\u0131n ziyaretinin iptal edilmesi \u00e7a\u011fr\u0131lar\u0131n\u0131 reddetti"},"content":{"rendered":"<p>Starmer, ge\u00e7en hafta Washington&#8217;da d\u00fczenlenen bir toplant\u0131da, Trump&#8217;tan Rusya ile sava\u015f\u0131 sona erdirecek bir mutabakata var\u0131lmas\u0131 halinde Ukrayna&#8217;y\u0131 korumak i\u00e7in ABD g\u00fcvenlik garantisi taahh\u00fcd\u00fc alabilmek hedefiyle, kraliyet ailesinden ald\u0131\u011f\u0131 ikinci defa gibisi g\u00f6r\u00fclmemi\u015f bir devlet ziyareti davetini ve iltifatlar\u0131 bir ortada kulland\u0131.<\/p>\n<p>\u0130sko\u00e7 Ulusal Partisi (SNP) ba\u015fkan\u0131 de dahil olmak \u00fczere kimi \u0130ngiliz siyaset\u00e7iler, Trump&#8217;\u0131n Zelenskiy&#8217;i Ukrayna sava\u015f\u0131nda ABD&#8217;nin verdi\u011fi takviyeye gere\u011fince minnettar olmamakla su\u00e7lamas\u0131n\u0131n akabinde teklifin geri \u00e7ekilmesi davetinde bulundu.<\/p>\n<p>Devlet ziyaretinin iptal edilmesi gerekip gerekmedi\u011fi soruldu\u011funda Starmer, Avrupa&#8217;n\u0131n &#8220;ger\u00e7ek bir k\u0131r\u0131lganl\u0131k an\u0131&#8221; ile kar\u015f\u0131 kar\u015f\u0131ya oldu\u011fu bir devirde Washington ile ayr\u0131\u015fmay\u0131 derinle\u015ftirmek isteyen siyaset\u00e7ileri ele\u015ftirdi.<\/p>\n<p>Starmer BBC&#8217;ye yapt\u0131\u011f\u0131 a\u00e7\u0131klamada, &#8220;SNP yahut ba\u015fkalar\u0131n\u0131n, burada kelam konusu olan en k\u0131ymetli \u015feyin ne oldu\u011funu sahiden takdir etmeden telaffuzlar\u0131n\u0131 art\u0131rmaya \u00e7al\u0131\u015fmas\u0131na m\u00fcsaade vermeyece\u011fim, Avrupa&#8217;da bar\u0131\u015ftan bahsediyoruz.&#8221; dedi.<\/p>\n<p>Starmer, Gazze&#8217;den Ukrayna&#8217;ya kadar her hususta k\u0131\u015fk\u0131rtmalara ve m\u00fcmk\u00fcn g\u00fcmr\u00fck vergilerine kar\u015f\u0131n, Avrupa&#8217;daki birtak\u0131m ba\u015fkanlar\u0131n tersine Trump&#8217;\u0131 ele\u015ftirmekten ka\u00e7\u0131nmaya \u00e7al\u0131\u015ft\u0131 .<\/p>\n<p><b>T\u00d6RENSEL \u0130\u015e<\/b><\/p>\n<p>Kral Charles&#8217;\u0131n davetini d\u00fcnya bas\u0131n\u0131n\u0131n \u00f6n\u00fcnde Oval Ofis&#8217;te Starmer&#8217;\u0131n Trump&#8217;a teslim etmesiyle birlikte ABD Ba\u015fkan\u0131, modern zamanlarda bir \u0130ngiliz h\u00fck\u00fcmdar\u0131 taraf\u0131ndan iki resmi ziyarette a\u011f\u0131rlanan birinci se\u00e7ilmi\u015f siyasi ba\u015fkan olacak.<\/p>\n<p>Devlet ziyareti, ihti\u015fam ve g\u00f6steri\u015fle dolu g\u00f6rkemli bir t\u00f6rensel olayd\u0131r ve \u00e7oklukla bir otomobil gezisi ve g\u00f6rkemli bir devlet ziyafeti i\u00e7erir.<\/p>\n<p>Merhum Krali\u00e7e Elizabeth devrinde sadece \u00fc\u00e7 ABD liderine tam resmi ziyaret m\u00fcsaadesi verilmi\u015fti: Barack Obama, George W. Bush ve Trump.<\/p>\n<p>Annesi \u0130sko\u00e7yal\u0131 olan Trump, \u0130ngiliz kraliyet ailesine olan hayranl\u0131\u011f\u0131ndan sistemli olarak bahsetmi\u015ftir. Kraliyet ailesinin apolitik olmas\u0131 beklenmesine kar\u015f\u0131n, ekseriyetle d\u00fcnya ba\u015fkanlar\u0131yla olumlu ba\u011flant\u0131lar kurmaya \u00e7al\u0131\u015fmak i\u00e7in g\u00f6revlendirilirler.<\/p>\n<p>Trump&#8217;\u0131n Haziran 2019&#8217;da ger\u00e7ekle\u015ftirdi\u011fi birinci resmi ziyaret \u00fc\u00e7 g\u00fcn s\u00fcrm\u00fc\u015f, bu m\u00fcddet zarf\u0131nda bir devlet yeme\u011fine kat\u0131lm\u0131\u015f ve o periyot taht\u0131n varisi olan Charles ile \u00e7ay i\u00e7mi\u015fti.<\/p>\n<p>SNP lideri John Swinney, Pazar g\u00fcn\u00fc yapt\u0131\u011f\u0131 a\u00e7\u0131klamada Trump&#8217;a yap\u0131lan teklifin hala ge\u00e7erli oldu\u011funa &#8220;inanman\u0131n s\u0131k\u0131nt\u0131 oldu\u011funu&#8221; s\u00f6yledi.<\/p>\n<p>Muhalefetteki Muhafazakar Parti milletvekili ve daha evvel parlamentonun d\u0131\u015f m\u00fcnasebetler komitesi ba\u015fkanl\u0131\u011f\u0131n\u0131 y\u00fcr\u00fcten Alicia Kearns de ABD&#8217;nin Ukrayna&#8217;ya g\u00fcvenlik garantisi teklif etmesine kadar ziyaretin durdurulmas\u0131 gerekti\u011fini s\u00f6yledi.<\/p>\n<p>Davetiyenin iptali i\u00e7in yap\u0131lan dilek\u00e7e yakla\u015f\u0131k 70.000 imza toplad\u0131 ve ola\u011fanda sa\u011fc\u0131 olan birtak\u0131m \u0130ngiliz gazeteleri de Zelenskiy ile ya\u015fad\u0131\u011f\u0131 uyu\u015fmazl\u0131ktan beri Trump&#8217;\u0131 ele\u015ftirdi. Telegraph, &#8220;haks\u0131z yere ve utan\u00e7 verici bir formda zorbal\u0131\u011fa u\u011frad\u0131\u011f\u0131n\u0131&#8221; s\u00f6yledi.<\/p>\n","protected":false},"excerpt":{"rendered":"<p>\u0130ngiltere Ba\u015fbakan\u0131 Keir Starmer, Pazar g\u00fcn\u00fc , Ukrayna lideri Volodimir Zelenskiy ile Beyaz Saray&#8217;da ya\u015fad\u0131\u011f\u0131 s\u0131ra d\u0131\u015f\u0131 tart\u0131\u015fman\u0131n ard\u0131ndan ABD Ba\u015fkan\u0131 Donald Trump&#8217;a resmi ziyaret teklifinin iptal edilmesi davetlerini reddetti .<\/p>\n","protected":false},"author":1,"featured_media":50471,"comment_status":"open","ping_status":"open","sticky":false,"template":"","format":"standard","meta":{"footnotes":""},"categories":[43],"tags":[297,1033,1514,1302,642],"class_list":["post-50470","post","type-post","status-publish","format-standard","has-post-thumbnail","hentry","category-dunya","tag-devlet","tag-kral","tag-lider","tag-starmer","tag-ziyaret"],"_links":{"self":[{"href":"https:\/\/ikimisli.tr\/index.php\/wp-json\/wp\/v2\/posts\/50470","targetHints":{"allow":["GET"]}}],"collection":[{"href":"https:\/\/ikimisli.tr\/index.php\/wp-json\/wp\/v2\/posts"}],"about":[{"href":"https:\/\/ikimisli.tr\/index.php\/wp-json\/wp\/v2\/types\/post"}],"author":[{"embeddable":true,"href":"https:\/\/ikimisli.tr\/index.php\/wp-json\/wp\/v2\/users\/1"}],"replies":[{"embeddable":true,"href":"https:\/\/ikimisli.tr\/index.php\/wp-json\/wp\/v2\/comments?post=50470"}],"version-history":[{"count":1,"href":"https:\/\/ikimisli.tr\/index.php\/wp-json\/wp\/v2\/posts\/50470\/revisions"}],"predecessor-version":[{"id":50472,"href":"https:\/\/ikimisli.tr\/index.php\/wp-json\/wp\/v2\/posts\/50470\/revisions\/50472"}],"wp:featuredmedia":[{"embeddable":true,"href":"https:\/\/ikimisli.tr\/index.php\/wp-json\/wp\/v2\/media\/50471"}],"wp:attachment":[{"href":"https:\/\/ikimisli.tr\/index.php\/wp-json\/wp\/v2\/media?parent=50470"}],"wp:term":[{"taxonomy":"category","embeddable":true,"href":"https:\/\/ikimisli.tr\/index.php\/wp-json\/wp\/v2\/categories?post=50470"},{"taxonomy":"post_tag","embeddable":true,"href":"https:\/\/ikimisli.tr\/index.php\/wp-json\/wp\/v2\/tags?post=50470"}],"curies":[{"name":"wp","href":"https:\/\/api.w.org\/{rel}","templated":true}]}}