{"id":50488,"date":"2025-06-24T15:48:08","date_gmt":"2025-06-24T15:48:08","guid":{"rendered":"https:\/\/ikimisli.tr\/?p=50488"},"modified":"2025-06-24T15:48:08","modified_gmt":"2025-06-24T15:48:08","slug":"alevi-orgutlerinden-suriye-cagrisi","status":"publish","type":"post","link":"https:\/\/ikimisli.tr\/index.php\/2025\/06\/24\/alevi-orgutlerinden-suriye-cagrisi\/","title":{"rendered":"Alevi \u00f6rg\u00fctlerinden Suriye \u00e7a\u011fr\u0131s\u0131"},"content":{"rendered":"<p>Mersin, Adana ve Hatay\u2019daki Alevi \u00f6rg\u00fctleri, Suriye\u2019de idaresi ele alan HT\u015e\u2019nin Alevilere y\u00f6nelik ayr\u0131mc\u0131 bir tav\u0131r sergiledi\u011fini belirterek duruma reaksiyon g\u00f6steren bir bas\u0131n a\u00e7\u0131klamas\u0131 yapt\u0131. A\u00e7\u0131klama Kilikya Irmak Derne\u011fi, Alevi Bekta\u015fi Federasyonu Mersin Ba\u015fkanl\u0131\u011f\u0131, Adana Alevi Platformu, Mersin Arap Alevi K\u00fclt\u00fcr Derne\u011fi, Mersin Hatayl\u0131lar Derne\u011fi, Adana Alevi K\u00fclt\u00fcr\u00fcn\u00fc Ara\u015ft\u0131rma Derne\u011fi, Alevi K\u00fclt\u00fcr Dernekleri Yeni\u015fehir, Toroslar ve Mezitli \u015fubeleri taraf\u0131ndan yap\u0131ld\u0131. A\u00e7\u0131klamaya Mersin Ortodoks Kilisesi temsilcileriyle Mersin Emek ve Demokrasi Platformu da takviye verdi.<\/p>\n<p><b>\u0130NFAZ VE SU\u0130KAST<\/b><\/p>\n<p>Ortak a\u00e7\u0131klamay\u0131 okuyan Arap Alevi kanaat lideri Ahmet \u00d6zu\u011furlu, konu\u015fmas\u0131nda \u015funlar\u0131 kaydetti:<\/p>\n<p>*\u00d6zellikle son birka\u00e7 g\u00fcnd\u00fcr k\u0131y\u0131 b\u00f6lgesinde yap\u0131lan tutuklamalarla adeta b\u00f6lge erkek n\u00fcfustan ar\u0131nd\u0131r\u0131lmaktad\u0131r. Bayanlar ve gen\u00e7 k\u0131zlar konutlar\u0131ndan hatta durdurulan toplu ta\u015f\u0131ma ara\u00e7lar\u0131ndan al\u0131nmakta ve ak\u0131betleri bilinmemektedir. Bilim insanlar\u0131 ve toplumun k\u0131ymetleri olan kimi be\u015ferler tutuklan\u0131p infaz edilmekte yahut suikast sonucu katledilmektedir.<\/p>\n<p>*\u00d6zellikle k\u0131rsal b\u00f6lgelerde be\u015ferler sebepsiz yere katledilmekte ve be\u015ferler ya\u015fad\u0131klar\u0131 b\u00f6lgeyi terk etmeye zorlanmaktad\u0131r.<\/p>\n<p>*Kutsal yerlere h\u00fccumlar yap\u0131lmakta, b\u00f6ylelikle bilhassa Alevi halk tahrik edilerek katliamlara sebep yarat\u0131lmaya \u00e7al\u0131\u015f\u0131lmaktad\u0131r. Be\u015ferler inan\u00e7lar\u0131 hasebiyle a\u015fa\u011f\u0131lanmakta ve bu da te\u015fhir edilmektedir.<\/p>\n<p>*Devlet memuru olan Aleviler sebepsiz olarak i\u015ften \u00e7\u0131kar\u0131lmakta, emekli maa\u015f\u0131, \u015fehit maa\u015f\u0131 \u00fczere maa\u015flar \u00f6denmemekte, \u00e7ift\u00e7iler topraklar\u0131n\u0131 i\u015fleyememekte, bu da onlar\u0131 a\u00e7l\u0131kla kar\u015f\u0131 kar\u015f\u0131ya b\u0131rakmaktad\u0131r.<\/p>\n<p><strong>&#8220;OLUMSUZ ETK\u0130LENMEKTED\u0130R&#8221;<\/strong><\/p>\n<p>*Bug\u00fcn Suriye\u2019de ya\u015fayan halklar deh\u015fet ve kayg\u0131 i\u00e7erisinde ya\u015famakta, geleceklerini me\u00e7hul olarak g\u00f6rmektedir. Bu ise bir insan\u0131n kendi vatan\u0131nda ba\u015f\u0131na gelebilecek en berbat \u015feylerden biridir. Her ne kadar Suriye\u2019de ya\u015fayan t\u00fcm halklar bask\u0131 alt\u0131nda olsa da bilhassa Alevilerin katlinin vacip oldu\u011funa dair kullan\u0131lan telaffuzlar Alevilerin durumunu daha da \u00f6zel k\u0131lmaktad\u0131r.<\/p>\n<p>*T\u00fcm bunlara kar\u015f\u0131n Aleviler, \u015fu ana kadar bu tahriklere kap\u0131lmam\u0131\u015f, yaln\u0131zca u\u011frad\u0131klar\u0131 haks\u0131zl\u0131klar\u0131 lisana getirmek hedefiyle zarars\u0131z protestolar yapm\u0131\u015flard\u0131r. Fakat durum onlar a\u00e7\u0131s\u0131ndan her g\u00fcn biraz daha zorla\u015fmaktad\u0131r.<\/p>\n<p>*\u015eunu net olarak vurgulamal\u0131y\u0131z: Suriye\u2019de meydana gelen olaylardan ve mevcut idarenin \u00fclkeyi y\u00f6netememesinden yaln\u0131zca Aleviler de\u011fil, H\u0131ristiyanlar, Ezidiler, D\u00fcrziler ve laik S\u00fcnniler de mustariptir. Yani asl\u0131nda durumdan \u00fclkenin ezici \u00e7o\u011funlu\u011fu \u015fikayet\u00e7idir ve olumsuz etkilenmektedir.<\/p>\n<p><strong>&#8220;GARANT\u0130 ALTINA ALINMALIDIR&#8221;<\/strong><\/p>\n<p>*\u015eimdi bizler \u00f6ncelikle devletimizden, HT\u015e\u2019ye m\u00fcdahale etmesini, T\u00fcrkiye\u2019de ya\u015fayan ve kay\u0131ts\u0131z ko\u015fulsuz vatansever olan Alevilerin Suriye\u2019deki akrabalar\u0131na y\u00f6nelik zulm\u00fcn durdurulmas\u0131 i\u00e7in somut ad\u0131mlar atmas\u0131n\u0131 ve bu zulm\u00fcn \u00f6n\u00fcne net bir halde ge\u00e7mesini talep ediyoruz.<\/p>\n<p>*Ayr\u0131ca bizler, Birle\u015fmi\u015f Milletler \u0130nsan Haklar\u0131 Kurulu organlar\u0131na, Birle\u015fmi\u015f Milletler \u0130nsan Haklar\u0131 Komitesi\u2019ne Avrupa Kurulu \u0130nsan Haklar\u0131 Komiseri\u2019ne ve hak ihlallerine ait \u00e7al\u0131\u015fma y\u00fcr\u00fcten \u0130nsan Haklar\u0131 \u0130zleme \u00d6rg\u00fct\u00fc ve Memleketler aras\u0131 Af \u00d6rg\u00fct\u00fc ba\u015fta olmak \u00fczere t\u00fcm insan haklar\u0131 \u00f6rg\u00fctlerine davette bulunuyoruz: Suriye\u2019de ya\u015fayan her bir bireyin hayat\u0131, garanti alt\u0131na al\u0131nmal\u0131d\u0131r.<\/p>\n<p>*Keyfi tutuklamalara son verilmelidir. Keyfi i\u015ften \u00e7\u0131karmalara son verilmeli, \u00f6b\u00fcr geliri olmayan vatanda\u015flar\u0131n a\u00e7l\u0131\u011fa mahk\u00fbm edilmelerinin \u00f6n\u00fcne ge\u00e7ilmelidir. Suriye, bir an evvel t\u00fcm halklar\u0131n e\u015fit haklara sahip olarak ortak, demokratik, laik bir idare bi\u00e7imine kavu\u015fturulmal\u0131d\u0131r. Suriye\u2019de ya\u015fayan t\u00fcm halklar\u0131n inan\u00e7 \u00f6zg\u00fcrl\u00fc\u011f\u00fc garanti alt\u0131na al\u0131nmal\u0131d\u0131r. Suriye\u2019de ger\u00e7ekle\u015fen insan haklar\u0131 ihlallerinin bir an evvel \u00f6n\u00fcne ge\u00e7ilmelidir.<\/p>\n<p>*Ge\u00e7en her g\u00fcn hatta her saat bir insan\u0131n daha can\u0131na mal olacakt\u0131r\/olmaktad\u0131r. Ve bu ihlallere g\u00f6z yummak direkt su\u00e7a i\u015ftiraktir ve insan haklar\u0131 \u00f6rg\u00fctlerinin g\u00f6stermelik oldu\u011fu manas\u0131na gelecektir. Bir sefer daha belirtiyoruz ki olanlar kar\u015f\u0131s\u0131nda sessiz kalmak su\u00e7a i\u015ftirak etmektir.<\/p>\n","protected":false},"excerpt":{"rendered":"<p>Mersin, Adana ve Hatay\u2019daki Alevi \u00f6rg\u00fctleri, Suriye\u2019de idaresi ele alan HT\u015e\u2019nin Alevilere y\u00f6nelik ayr\u0131mc\u0131 bir tav\u0131r sergiledi\u011fini  belirterek duruma reaksiyon g\u00f6sterdi.<\/p>\n","protected":false},"author":1,"featured_media":50489,"comment_status":"open","ping_status":"open","sticky":false,"template":"","format":"standard","meta":{"footnotes":""},"categories":[25],"tags":[1436,7060,1318,2365,7061],"class_list":["post-50488","post","type-post","status-publish","format-standard","has-post-thumbnail","hentry","category-gundem","tag-alevi","tag-insan-haklari","tag-mersin","tag-suriyede","tag-yasayan"],"_links":{"self":[{"href":"https:\/\/ikimisli.tr\/index.php\/wp-json\/wp\/v2\/posts\/50488","targetHints":{"allow":["GET"]}}],"collection":[{"href":"https:\/\/ikimisli.tr\/index.php\/wp-json\/wp\/v2\/posts"}],"about":[{"href":"https:\/\/ikimisli.tr\/index.php\/wp-json\/wp\/v2\/types\/post"}],"author":[{"embeddable":true,"href":"https:\/\/ikimisli.tr\/index.php\/wp-json\/wp\/v2\/users\/1"}],"replies":[{"embeddable":true,"href":"https:\/\/ikimisli.tr\/index.php\/wp-json\/wp\/v2\/comments?post=50488"}],"version-history":[{"count":1,"href":"https:\/\/ikimisli.tr\/index.php\/wp-json\/wp\/v2\/posts\/50488\/revisions"}],"predecessor-version":[{"id":50490,"href":"https:\/\/ikimisli.tr\/index.php\/wp-json\/wp\/v2\/posts\/50488\/revisions\/50490"}],"wp:featuredmedia":[{"embeddable":true,"href":"https:\/\/ikimisli.tr\/index.php\/wp-json\/wp\/v2\/media\/50489"}],"wp:attachment":[{"href":"https:\/\/ikimisli.tr\/index.php\/wp-json\/wp\/v2\/media?parent=50488"}],"wp:term":[{"taxonomy":"category","embeddable":true,"href":"https:\/\/ikimisli.tr\/index.php\/wp-json\/wp\/v2\/categories?post=50488"},{"taxonomy":"post_tag","embeddable":true,"href":"https:\/\/ikimisli.tr\/index.php\/wp-json\/wp\/v2\/tags?post=50488"}],"curies":[{"name":"wp","href":"https:\/\/api.w.org\/{rel}","templated":true}]}}