{"id":50551,"date":"2025-06-24T19:24:12","date_gmt":"2025-06-24T19:24:12","guid":{"rendered":"https:\/\/ikimisli.tr\/?p=50551"},"modified":"2025-06-24T19:24:12","modified_gmt":"2025-06-24T19:24:12","slug":"dilan-polat-ile-engin-polat-ayriliyor","status":"publish","type":"post","link":"https:\/\/ikimisli.tr\/index.php\/2025\/06\/24\/dilan-polat-ile-engin-polat-ayriliyor\/","title":{"rendered":"Dilan Polat ile Engin Polat ayr\u0131l\u0131yor"},"content":{"rendered":"<p>Engin Polat, Alper K\u00fcr\u015fat Polat, Hazal Erdo\u011fan ve g\u00f6r\u00fcnt\u00fcy\u00fc \u00e7eken Dilan Polat hakk\u0131nda, &#8216;kullanmak i\u00e7in uyu\u015fturucu yahut uyar\u0131c\u0131 husus sat\u0131n almak, kabul etmek yahut bulundurmak&#8217; su\u00e7lamas\u0131yla re&#8217;sen soru\u015fturma ba\u015flat\u0131lm\u0131\u015ft\u0131.<\/p>\n<p>Soru\u015fturma kapsam\u0131nda g\u00f6zalt\u0131na al\u0131nan Polat \u00e7ifti i\u00e7in yeni bir geli\u015fme ya\u015fand\u0131. Dilan Polat, toplumsal medya hesab\u0131ndan yapt\u0131\u011f\u0131 payla\u015f\u0131mda e\u015fi Engin Polat ile yollar\u0131n\u0131 ay\u0131rma karar\u0131 ald\u0131\u011f\u0131n\u0131 duyurdu.<\/p>\n<p>Dilan Polat, &#8220;Biz bir ortada ziyan ziyan\u0131z. olmuyor demek ki. Ben fark\u0131nda olmadan yeterli niyetim ile ziyan veriyorum uzakla\u015fmak istiyorum herkesten her \u015feyden ya\u015fama hevesim de kalmad\u0131. E\u015fim Engin Polat ile de yollar\u0131m\u0131 ay\u0131rma karar\u0131 ald\u0131m&#8221; s\u00f6zlerini kulland\u0131.<\/p>\n<p><img decoding=\"async\" src=\"https:\/\/ikimisli.tr\/wp-content\/uploads\/2025\/06\/dilan-polat-ile-engin-polat-ayriliyor-0-WFTRxLGC.jpg\"\/><\/p>\n<p>Sosyal medya hesaplar\u0131n\u0131 kapataca\u011f\u0131n\u0131 da belirten Polat a\u00e7\u0131klamas\u0131n\u0131n devam\u0131nda \u015fu tabirlere yer verdi:<\/p>\n<p>&#8220;Kimseye fark\u0131nda olmadan ziyan vermek istemiyorum, yaln\u0131zca uzakla\u015fmak istiyorum. Her \u015feyimi elimden ald\u0131n\u0131z: Ya\u015fama sevincimi, heveslerimi, her \u015feyimi&#8221;<\/p>\n<p><img decoding=\"async\" src=\"https:\/\/ikimisli.tr\/wp-content\/uploads\/2025\/06\/dilan-polat-ile-engin-polat-ayriliyor-1-n8GJry6e.jpg\"\/><\/p>\n","protected":false},"excerpt":{"rendered":"<p>Gece saatlerinde &#8216;uyu\u015fturucu kulland\u0131klar\u0131&#8217; teziyle g\u00f6zalt\u0131na al\u0131nan ve akabinde \u00f6zg\u00fcr b\u0131rak\u0131lan Dilan ve Engin Polat \u00e7ifti ayr\u0131l\u0131k karar\u0131 ald\u0131. Dilan Polat ayr\u0131l\u0131k karar\u0131n\u0131 toplumsal medya hesab\u0131ndan payla\u015ft\u0131.<\/p>\n","protected":false},"author":1,"featured_media":50552,"comment_status":"open","ping_status":"open","sticky":false,"template":"","format":"standard","meta":{"footnotes":""},"categories":[27],"tags":[1596],"class_list":["post-50551","post","type-post","status-publish","format-standard","has-post-thumbnail","hentry","category-magazin","tag-polat"],"_links":{"self":[{"href":"https:\/\/ikimisli.tr\/index.php\/wp-json\/wp\/v2\/posts\/50551","targetHints":{"allow":["GET"]}}],"collection":[{"href":"https:\/\/ikimisli.tr\/index.php\/wp-json\/wp\/v2\/posts"}],"about":[{"href":"https:\/\/ikimisli.tr\/index.php\/wp-json\/wp\/v2\/types\/post"}],"author":[{"embeddable":true,"href":"https:\/\/ikimisli.tr\/index.php\/wp-json\/wp\/v2\/users\/1"}],"replies":[{"embeddable":true,"href":"https:\/\/ikimisli.tr\/index.php\/wp-json\/wp\/v2\/comments?post=50551"}],"version-history":[{"count":1,"href":"https:\/\/ikimisli.tr\/index.php\/wp-json\/wp\/v2\/posts\/50551\/revisions"}],"predecessor-version":[{"id":50555,"href":"https:\/\/ikimisli.tr\/index.php\/wp-json\/wp\/v2\/posts\/50551\/revisions\/50555"}],"wp:featuredmedia":[{"embeddable":true,"href":"https:\/\/ikimisli.tr\/index.php\/wp-json\/wp\/v2\/media\/50552"}],"wp:attachment":[{"href":"https:\/\/ikimisli.tr\/index.php\/wp-json\/wp\/v2\/media?parent=50551"}],"wp:term":[{"taxonomy":"category","embeddable":true,"href":"https:\/\/ikimisli.tr\/index.php\/wp-json\/wp\/v2\/categories?post=50551"},{"taxonomy":"post_tag","embeddable":true,"href":"https:\/\/ikimisli.tr\/index.php\/wp-json\/wp\/v2\/tags?post=50551"}],"curies":[{"name":"wp","href":"https:\/\/api.w.org\/{rel}","templated":true}]}}