{"id":50597,"date":"2025-06-24T21:48:07","date_gmt":"2025-06-24T21:48:07","guid":{"rendered":"https:\/\/ikimisli.tr\/?p=50597"},"modified":"2025-06-24T21:48:07","modified_gmt":"2025-06-24T21:48:07","slug":"netanyahu-ateskesin-ikinci-asamasina-kapilari-kapatti","status":"publish","type":"post","link":"https:\/\/ikimisli.tr\/index.php\/2025\/06\/24\/netanyahu-ateskesin-ikinci-asamasina-kapilari-kapatti\/","title":{"rendered":"Netanyahu ate\u015fkesin ikinci a\u015famas\u0131na kap\u0131lar\u0131 kapatt\u0131!"},"content":{"rendered":"<p>\u0130srail Ba\u015fbakan\u0131 Binyamin Netanyahu, Hamas&#8217;la mutabakat\u0131n ikinci basama\u011f\u0131n\u0131 m\u00fczakere etmek yerine birinci kademenin uzat\u0131lmas\u0131 taraf\u0131ndaki ABD Ba\u015fbakan\u0131 Donald Trump&#8217;\u0131n Orta Do\u011fu \u00d6zel Temsilcisi Steve Witkoff&#8217;un \u00f6nerdi\u011fi teklifi benimsediklerini duyurdu.<\/p>\n<p>Netanyahu, kabine toplant\u0131s\u0131 \u00f6ncesi yapt\u0131\u011f\u0131 a\u00e7\u0131klamada, mutabakat\u0131n birinci basama\u011f\u0131n\u0131n uzat\u0131lmas\u0131n\u0131 istediklerini belirterek Gazze&#8217;ye ak\u0131nlara tekrar ba\u015flayabileceklerini ima etti.<\/p>\n<p>Netanyahu, \u0130srailli yetkililerle d\u00fcn yapt\u0131\u011f\u0131 toplant\u0131da, Witkoff&#8217;un ramazan ay\u0131 ve Hamursuz Bayram\u0131 boyunca birinci basama\u011f\u0131n uzat\u0131lmas\u0131n\u0131 \u00f6ng\u00f6ren \u00e7er\u00e7eve teklifi benimseme karar\u0131 ald\u0131klar\u0131n\u0131 s\u00f6yledi.<\/p>\n<p>Hamas&#8217;la var\u0131lan Gazze&#8217;de ate\u015fkes ve esir takas\u0131 muahedesine nazaran, \u0130srail&#8217;in &#8220;m\u00fczakerelerin etkisiz kald\u0131\u011f\u0131 izlenimini edinmesi&#8221; durumunda birinci basama\u011f\u0131n bitmesinin akabinde Gazze&#8217;de taarruzlar\u0131 tekrar ba\u015flatabilece\u011fini sav eden Netanyahu, &#8220;Bu unsur evvelki ABD idaresinin bir yan mektubuyla desteklenmi\u015f ve Trump idaresinin de tam takviyesini alm\u0131\u015ft\u0131r.&#8221; dedi.<\/p>\n<p><b>&#8216;BEDAVA \u00d6\u011eLEN YEME\u011e\u0130 OLMAYACAK&#8217;<\/b><\/p>\n<p>Netanyahu, Gazze&#8217;ye insani yard\u0131mlar\u0131n giri\u015flerini bug\u00fcn prestijiyle durdurma karar\u0131 almalar\u0131na ait, &#8220;Bir hususu a\u00e7\u0131kl\u0131\u011fa kavu\u015fturmak istiyorum: \u00dccretsiz \u00f6\u011flen yeme\u011fi olmayacak&#8221; tabirini kulland\u0131.<\/p>\n<p>Gazze&#8217;de ate\u015fkes ve esir takas\u0131 muahedesinin ikinci evresinin m\u00fczakerelerine derhal ba\u015flanmas\u0131 daveti yapan Hamas&#8217;\u0131n Witkoff&#8217;un birinci etab\u0131n uzat\u0131lmas\u0131 teklifini reddetti\u011fini s\u00f6yleyen Netanyahu, &#8220;Bu sabah prestijiyle Gazze&#8217;ye mal ve gere\u00e7 giri\u015finin engellenmesine karar verdik.&#8221; dedi.<\/p>\n<p>Netanyahu, &#8220;Hamas tavr\u0131n\u0131 s\u00fcrd\u00fcr\u00fcr ve esirleri \u00f6zg\u00fcr b\u0131rakmazsa, burada detaylar\u0131na girmeyece\u011fim di\u011fer sonu\u00e7lar da olacakt\u0131r.&#8221; tabirleriyle Gazze&#8217;ye ak\u0131nlar\u0131 tekrar ba\u015flatabileceklerini ima etti.<\/p>\n<p><b>ATE\u015eKES 19 OCAK&#8217;TA Y\u00dcR\u00dcRL\u00dc\u011eE G\u0130RM\u0130\u015eT\u0130<\/b><\/p>\n<p>Hamas ile \u0130srail ortas\u0131nda var\u0131lan ate\u015fkes ve esir takas\u0131 mutabakat\u0131 19 Ocak Pazar g\u00fcn\u00fc TS\u0130 12.15&#8217;te y\u00fcr\u00fcrl\u00fc\u011fe girmi\u015fti.<\/p>\n<p>Anla\u015fma kapsam\u0131nda 27 Ocak Pazartesi g\u00fcn\u00fc, Netzarim Koridoru Gazze \u015eeridi\u2019ndeki Filistinlilerin g\u00fcneyden kuzeye ge\u00e7i\u015fine a\u00e7\u0131lm\u0131\u015f, \u0130srail ordusu 9 \u015eubat&#8217;ta Netzarim Koridoru&#8217;ndan \u00e7ekilmi\u015fti.<\/p>\n<p>Gazze \u015eeridi ile M\u0131s\u0131r ortas\u0131ndaki Refah Hudut Kap\u0131s\u0131, \u0130srail ordusunun 8 ay s\u00fcren i\u015fgalinin akabinde 1 \u015eubat&#8217;ta hasta ve yaral\u0131lar\u0131n tahliyesi i\u00e7in a\u00e7\u0131lm\u0131\u015ft\u0131.<\/p>\n<p>Anla\u015fman\u0131n birinci evredeki esir takaslar\u0131nda, \u0130srail hapishanelerindeki 1700\u2019\u00fcn \u00fczerinde Filistinli esir \u00f6zg\u00fcr b\u0131rak\u0131l\u0131rken Gazze&#8217;deki 25&#8217;i sa\u011f 8&#8217;i meyyit olmak \u00fczere 33 \u0130srailli esir teslim edildi. Ayr\u0131yeten Gazze&#8217;deki 5 Taylandl\u0131 esir de \u00f6zg\u00fcr kald\u0131.<\/p>\n<p>Gazze&#8217;de ate\u015fkes ve esir takas\u0131 mutabakat\u0131n\u0131n 42 g\u00fcnl\u00fck birinci kademesi 1 Mart&#8217;ta sona erdi.<\/p>\n<p>Anla\u015fman\u0131n ikinci etap m\u00fczakerelerinin, 3 \u015eubat&#8217;ta ba\u015flamas\u0131 gerekiyordu. \u0130srail bas\u0131n\u0131na nazaran, Netanyahu ikinci evre m\u00fczakerelerinin ba\u015flamas\u0131n\u0131 engelledi.<\/p>\n","protected":false},"excerpt":{"rendered":"<p>\u0130srail Ba\u015fbakan\u0131 Netanyahu, Hamas&#8217;la var\u0131lan ate\u015fkesin ikinci kademesini m\u00fczakere etmeyi reddettiklerini duyurdu. Netanyahu, abluka alt\u0131ndaki Gazze&#8217;ye insani yard\u0131mlar\u0131n giri\u015flerini durdurma karar\u0131na ait, &#8220;Bedava \u00f6\u011flen yeme\u011fi olmayacak&#8221; s\u00f6z\u00fcn\u00fc kulland\u0131.<\/p>\n","protected":false},"author":1,"featured_media":50598,"comment_status":"open","ping_status":"open","sticky":false,"template":"","format":"standard","meta":{"footnotes":""},"categories":[43],"tags":[284,2208,83,80,1869],"class_list":["post-50597","post","type-post","status-publish","format-standard","has-post-thumbnail","hentry","category-dunya","tag-anlasma","tag-asama","tag-gazze","tag-israil","tag-netanyahu"],"_links":{"self":[{"href":"https:\/\/ikimisli.tr\/index.php\/wp-json\/wp\/v2\/posts\/50597","targetHints":{"allow":["GET"]}}],"collection":[{"href":"https:\/\/ikimisli.tr\/index.php\/wp-json\/wp\/v2\/posts"}],"about":[{"href":"https:\/\/ikimisli.tr\/index.php\/wp-json\/wp\/v2\/types\/post"}],"author":[{"embeddable":true,"href":"https:\/\/ikimisli.tr\/index.php\/wp-json\/wp\/v2\/users\/1"}],"replies":[{"embeddable":true,"href":"https:\/\/ikimisli.tr\/index.php\/wp-json\/wp\/v2\/comments?post=50597"}],"version-history":[{"count":1,"href":"https:\/\/ikimisli.tr\/index.php\/wp-json\/wp\/v2\/posts\/50597\/revisions"}],"predecessor-version":[{"id":50599,"href":"https:\/\/ikimisli.tr\/index.php\/wp-json\/wp\/v2\/posts\/50597\/revisions\/50599"}],"wp:featuredmedia":[{"embeddable":true,"href":"https:\/\/ikimisli.tr\/index.php\/wp-json\/wp\/v2\/media\/50598"}],"wp:attachment":[{"href":"https:\/\/ikimisli.tr\/index.php\/wp-json\/wp\/v2\/media?parent=50597"}],"wp:term":[{"taxonomy":"category","embeddable":true,"href":"https:\/\/ikimisli.tr\/index.php\/wp-json\/wp\/v2\/categories?post=50597"},{"taxonomy":"post_tag","embeddable":true,"href":"https:\/\/ikimisli.tr\/index.php\/wp-json\/wp\/v2\/tags?post=50597"}],"curies":[{"name":"wp","href":"https:\/\/api.w.org\/{rel}","templated":true}]}}