{"id":50600,"date":"2025-06-24T22:00:07","date_gmt":"2025-06-24T22:00:07","guid":{"rendered":"https:\/\/ikimisli.tr\/?p=50600"},"modified":"2025-06-24T22:00:07","modified_gmt":"2025-06-24T22:00:07","slug":"ingiltere-krali-charles-zelenskiy-ile-gorustu","status":"publish","type":"post","link":"https:\/\/ikimisli.tr\/index.php\/2025\/06\/24\/ingiltere-krali-charles-zelenskiy-ile-gorustu\/","title":{"rendered":"\u0130ngiltere Kral\u0131 Charles, Zelenskiy ile g\u00f6r\u00fc\u015ft\u00fc"},"content":{"rendered":"<p>Kraliyet Ailesi&#8217;nin X hesab\u0131ndan yap\u0131lan payla\u015f\u0131mda, Kral Charles&#8217;\u0131n bu ak\u015fam Ukrayna Devlet Ba\u015fkan\u0131 Volodimir Zelenskiy&#8217;yi Norfolk&#8217;taki Sandringham Saray\u0131&#8217;nda kabul etti\u011fi belirtildi.<\/p>\n<p>Zelenskiy&#8217;nin Kral Charles taraf\u0131ndan s\u0131cak halde kar\u015f\u0131land\u0131\u011f\u0131 ve toplant\u0131n\u0131n 1 saatten az s\u00fcrd\u00fc\u011f\u00fc bilgisi edinildi.<\/p>\n<p>Ukraynal\u0131 \u00f6nder Zelenskiy, \u0130ngiltere Ba\u015fbakan\u0131 Keir Starmer&#8217;\u0131n mesken sahipli\u011finde \u00e7ok say\u0131da Avrupal\u0131 ba\u015fkan\u0131n i\u015ftirakiyle ba\u015f\u015fehir Londra&#8217;da yap\u0131lan Ukrayna bahisli doru\u011fa kat\u0131lm\u0131\u015ft\u0131.<\/p>\n<p><img decoding=\"async\" src=\"https:\/\/ikimisli.tr\/wp-content\/uploads\/2025\/06\/ingiltere-krali-charles-zelenskiy-ile-gorustu-0-2kjqSv16.jpg\"\/><\/p>\n<p><b>CHARLES&#8217;TAN TRUMP&#8217;A DAVET<\/b><\/p>\n<p>\u0130ngiltere Ba\u015fbakan\u0131 Keir Starmer, 27 \u015eubat&#8217;ta ABD&#8217;ye yapt\u0131\u011f\u0131 resmi ziyarette, Kral Charles taraf\u0131ndan ABD Ba\u015fkan\u0131 Donald Trump&#8217;\u0131 \u0130ngiltere&#8217;ye resmi olarak davet eden mektubu Ba\u015fkan&#8217;a iletmi\u015fti.<\/p>\n<p>Trump ise ald\u0131\u011f\u0131 davet \u00fczerine, &#8220;Bu hakikaten \u00e7ok \u00f6zel, daha evvel hi\u00e7 olmam\u0131\u015ft\u0131. Yak\u0131nda \u0130ngiltere&#8217;yi ziyaret edece\u011fim.&#8221; tabirini kullanm\u0131\u015ft\u0131.<\/p>\n","protected":false},"excerpt":{"rendered":"<p>\u0130ngiltere H\u00fck\u00fcmdar\u0131 3. Charles, Ukrayna bahisli tepe kapsam\u0131nda ba\u015f\u015fehir Londra&#8217;da bulunan Ukrayna Devlet Ba\u015fkan\u0131 Volodimir Zelenskiy&#8217;yi kabul etti.<\/p>\n","protected":false},"author":1,"featured_media":50601,"comment_status":"open","ping_status":"open","sticky":false,"template":"","format":"standard","meta":{"footnotes":""},"categories":[43],"tags":[],"class_list":["post-50600","post","type-post","status-publish","format-standard","has-post-thumbnail","hentry","category-dunya"],"_links":{"self":[{"href":"https:\/\/ikimisli.tr\/index.php\/wp-json\/wp\/v2\/posts\/50600","targetHints":{"allow":["GET"]}}],"collection":[{"href":"https:\/\/ikimisli.tr\/index.php\/wp-json\/wp\/v2\/posts"}],"about":[{"href":"https:\/\/ikimisli.tr\/index.php\/wp-json\/wp\/v2\/types\/post"}],"author":[{"embeddable":true,"href":"https:\/\/ikimisli.tr\/index.php\/wp-json\/wp\/v2\/users\/1"}],"replies":[{"embeddable":true,"href":"https:\/\/ikimisli.tr\/index.php\/wp-json\/wp\/v2\/comments?post=50600"}],"version-history":[{"count":1,"href":"https:\/\/ikimisli.tr\/index.php\/wp-json\/wp\/v2\/posts\/50600\/revisions"}],"predecessor-version":[{"id":50603,"href":"https:\/\/ikimisli.tr\/index.php\/wp-json\/wp\/v2\/posts\/50600\/revisions\/50603"}],"wp:featuredmedia":[{"embeddable":true,"href":"https:\/\/ikimisli.tr\/index.php\/wp-json\/wp\/v2\/media\/50601"}],"wp:attachment":[{"href":"https:\/\/ikimisli.tr\/index.php\/wp-json\/wp\/v2\/media?parent=50600"}],"wp:term":[{"taxonomy":"category","embeddable":true,"href":"https:\/\/ikimisli.tr\/index.php\/wp-json\/wp\/v2\/categories?post=50600"},{"taxonomy":"post_tag","embeddable":true,"href":"https:\/\/ikimisli.tr\/index.php\/wp-json\/wp\/v2\/tags?post=50600"}],"curies":[{"name":"wp","href":"https:\/\/api.w.org\/{rel}","templated":true}]}}