{"id":50656,"date":"2025-06-25T01:00:14","date_gmt":"2025-06-25T01:00:14","guid":{"rendered":"https:\/\/ikimisli.tr\/?p=50656"},"modified":"2025-06-25T01:00:14","modified_gmt":"2025-06-25T01:00:14","slug":"yaslanmaya-karsi-4-koldan-savas","status":"publish","type":"post","link":"https:\/\/ikimisli.tr\/index.php\/2025\/06\/25\/yaslanmaya-karsi-4-koldan-savas\/","title":{"rendered":"Ya\u015flanmaya kar\u015f\u0131 \u20184 koldan\u2019 sava\u015f"},"content":{"rendered":"<p>Baharatlar beslenme al\u0131\u015fkanl\u0131klar\u0131m\u0131z\u0131n vazge\u00e7ilmez bir par\u00e7as\u0131\u2026 Fakat son y\u0131llarda kimi baharatlar al\u0131\u015fkanl\u0131k \u00f6tesinde \u201cher derda deva harika g\u0131da\u201d stat\u00fcs\u00fcne terfi etmi\u015f durumda\u2026Bunlardan biri de zencefil\u2026<\/p>\n<p>Beslenme ve Diyet Uzman\u0131 \u015eahane \u00d6zkaya Yurttadur, bilhassa antiaging istikametiyle \u00f6ne \u00e7\u0131kan zerde\u00e7al\u0131 enine uzunlu\u011funa konu\u015ftuk\u2026<\/p>\n<p><img decoding=\"async\" src=\"https:\/\/ikimisli.tr\/wp-content\/uploads\/2025\/06\/yaslanmaya-karsi-4-koldan-savas-0-lUbx56wU.jpg\"\/><\/p>\n<p><b><span>YA\u015eLANMA S\u00dcREC\u0130N\u0130 BU T\u00dcRL\u00dc YAVA\u015eLATIYOR<\/span><\/b><\/p>\n<p>Kurkuminin antiaging (ya\u015flanma kar\u015f\u0131t\u0131) \u00f6zellikleri ile h\u00fccresel seviyede ve sistemik ya\u015flanma s\u00fcrecini yava\u015flatabilecek d\u00fczenekler \u00fczerinde de tesir g\u00f6sterdi\u011fi bilinmektedir. Bu 4 etkiyi \u015f\u00f6yle s\u0131ralayabiliriz:<\/p>\n<p><img decoding=\"async\" src=\"https:\/\/ikimisli.tr\/wp-content\/uploads\/2025\/06\/yaslanmaya-karsi-4-koldan-savas-1-W7LDXMT6.jpg\"\/><\/p>\n<p><strong>1- H\u00fccre tamirat\u0131n\u0131 ve uzun \u00f6m\u00fcr sistemlerini destekler<\/strong><\/p>\n<p>Oksidatif gerilim ve h\u00fcr radikallerin h\u00fccrelere ziyan\u0131 ya\u015flanman\u0131n temel nedenlerinden biridir. Bu noktada zerda\u00e7al\u0131n i\u00e7erdi\u011fi \u2018kurkumin\u2019 oksidatif gerilimi ve \u00f6zg\u00fcr radikalleri azaltarak, h\u00fccre hasar\u0131n\u0131 \u00f6nlemeye katk\u0131 sa\u011flar. Ara\u015ft\u0131rmalar, kurkuminin E vitamininden birka\u00e7 kat daha g\u00fc\u00e7l\u00fc bir h\u00fcr radikal temizleyici oldu\u011funu g\u00f6stermektedir. <\/p>\n<p>Dolay\u0131s\u0131yla h\u00fccre yenilenmesi ve DNA tamir d\u00fczeneklerini destekleyerek ya\u015flanman\u0131n tesirlerini geciktirebilir. Bedenin kendi antioksidan sistemlerini (glutatyon, s\u00fcperoksit dismutaz, katalaz) destekledi\u011fi i\u00e7in h\u00fccrelerin daha sa\u011fl\u0131kl\u0131 kalmas\u0131na yard\u0131mc\u0131 olur. Bilhassa sirtuinler (SIRT1 aktivasyonu) ve AMPK \u00fczere uzun \u00f6m\u00fcrle ba\u011fl\u0131 proteinleri aktive ederek h\u00fccresel ya\u015flanmay\u0131 yava\u015flatabilir. <\/p>\n<p><strong>2- Cilt ya\u015flanmas\u0131n\u0131 geciktirir<\/strong><\/p>\n<p>Kurkuminin antioksidan ve iltihap z\u0131dd\u0131 \u00f6zellikleri, cilt h\u00fccrelerini koruyarak k\u0131r\u0131\u015f\u0131kl\u0131klar\u0131n ve ince \u00e7izgilerin olu\u015fumunu geciktirebilir. Ayr\u0131yeten UV hasar\u0131na kar\u015f\u0131 kollay\u0131c\u0131 tesir g\u00f6stererek cildin elastikiyetini art\u0131rabilir.<\/p>\n<p><img decoding=\"async\" src=\"https:\/\/ikimisli.tr\/wp-content\/uploads\/2025\/06\/yaslanmaya-karsi-4-koldan-savas-2-QXOw7rxR.jpg\"\/><\/p>\n<p><strong>3- Mitokondrileri iyile\u015ftirir<\/strong><\/p>\n<p>Mitokondriler h\u00fccrelerin g\u00fc\u00e7 merkezleridir ve ya\u015flanma s\u00fcrecinde fonksiyonlar\u0131 azal\u0131r. Kurkumin, mitokondriyal i\u015flevi destekleyerek h\u00fccrelerin daha uzun m\u00fchlet enerjik kalmas\u0131n\u0131 sa\u011flayabilir.<\/p>\n<p><img decoding=\"async\" src=\"https:\/\/ikimisli.tr\/wp-content\/uploads\/2025\/06\/yaslanmaya-karsi-4-koldan-savas-3-rAA4ji6i.jpg\"\/><\/p>\n<p><strong>4- Hastal\u0131klara kalkan olur<\/strong><\/p>\n<p>Kurkumin bir\u00e7ok hastal\u0131\u011f\u0131 engelleyerek de ya\u015flanma surat\u0131n\u0131 yava\u015flatmay\u0131 sa\u011flayabilir. \u00d6zg\u00fcr radikallerin h\u00fccrelere ziyan vermesiyle ortaya \u00e7\u0131kan oksidatif gerilimin inflamasyon, n\u00f6rodejeneratif hastal\u0131klar, miyokardiyal iskemi, kanser \u00fczere pek \u00e7ok hastal\u0131\u011f\u0131n olu\u015fumuna da yer haz\u0131rlad\u0131\u011f\u0131 bilinmektedir. <\/p>\n<p>Kurkumin, g\u00fc\u00e7l\u00fc antioksidan \u00f6zellikleri sayesinde ziyanl\u0131 bile\u015fikleri n\u00f6tralize ederek hastal\u0131klara kar\u015f\u0131 kalkan olu\u015fturur\u2026<\/p>\n<p><b><span>\u0130\u015fte tesir g\u00f6sterdi\u011fi hastal\u0131klar:<\/span><\/b><\/p>\n<p><strong>Kalbe ve damarlara tesirleri: <\/strong>Yakla\u015f\u0131k son 50 y\u0131lda yap\u0131lan ayr\u0131nt\u0131l\u0131 ara\u015ft\u0131rmalar\u0131 \u00f6zetleyen bir \u00e7al\u0131\u015fmada, kurkuminin LDL (k\u00f6t\u00fc kolesterol) d\u00fczeyini d\u00fc\u015f\u00fcr\u00fcrken, HDL (iyi kolesterol) d\u00fczeyini koruyarak kalp ve damar hastal\u0131klar\u0131na kar\u015f\u0131 kollay\u0131c\u0131 tesir g\u00f6sterdi\u011fi saptanm\u0131\u015ft\u0131r. Bu \u00f6zelli\u011fi ile kalp s\u0131hhatini destekleyici do\u011fal bile\u015fenler ortas\u0131nda yer almaktad\u0131r.<\/p>\n<p><strong>Kansere kar\u015f\u0131 tesiri:<\/strong> Bug\u00fcne kadar yap\u0131lan 800\u2019den fazla bilimsel \u00e7al\u0131\u015fma, kurkuminin kanser h\u00fccrelerinin \u00e7o\u011falmas\u0131n\u0131 ve metastaz\u0131n\u0131 \u00f6nleyici tesirler ta\u015f\u0131d\u0131\u011f\u0131n\u0131 ortaya koymu\u015ftur. <\/p>\n<p><strong>Diyabete kar\u015f\u0131 tesiri:<\/strong> Kurkumin, kan \u015fekeri d\u00fczeylerini dengeleyerek diyabet komplikasyonlar\u0131n\u0131 azaltabilir. Kurkumin uygulanan hastalarda ya\u015fa ba\u011fl\u0131 diyabet komplikasyonlar\u0131n\u0131n \u00f6nledi\u011fi tespit edilmi\u015ftir. Kurkuminin ay\u0131ca kan glikozu ve glikolize hemoglobin seviyelerini besbelli formda azaltt\u0131\u011f\u0131 saptanm\u0131\u015ft\u0131r.<\/p>\n<p><strong>Obeziteye tesiri:<\/strong>  \u0130nflamasyon, \u00f6b\u00fcr bir\u00e7ok kronik hastal\u0131kta oldu\u011fu \u00fczere obezite i\u00e7in de temel rol oynamaktad\u0131r. Fareler ile yap\u0131lan \u00e7al\u0131\u015fmalarda bir polifenol olan kurkuminin obeziteyi \u00f6nledi\u011fi bulunmu\u015ftur. Kurkumin bu faydal\u0131 tesirini ins\u00fclin ve leptin direncini azaltarak, inflamatuvar sitokin sal\u0131n\u0131m\u0131n\u0131 azaltarak, ya\u011f asidi oksidasyonunu h\u0131zland\u0131rarak ve antioksidan enzim sal\u0131n\u0131m\u0131n\u0131 art\u0131rarak g\u00f6stermektedir. Bu sayede kilo denetiminde ve obeziteye ba\u011fl\u0131 problemlerde gayrette yard\u0131mc\u0131 olmaktad\u0131r.  <\/p>\n<p><img decoding=\"async\" src=\"https:\/\/ikimisli.tr\/wp-content\/uploads\/2025\/06\/yaslanmaya-karsi-4-koldan-savas-4-9m8Bbm4D.jpg\"\/><\/p>\n<p><b><span>Kurkumin nedir? <\/span><\/b><\/p>\n<p>Kurkumin; halk ortas\u0131nda \u201czerde\u00e7al, zerde\u00e7\u00f6p, hint safran\u0131, safran k\u00f6k\u00fc\u201d olarak bilinen curcuma longa\u2019n\u0131n rizomlar\u0131ndan elde edilen, sar\u0131-turuncu renkli, antioksidan \u00f6zellikli polifenolik bir bile\u015fiktir. Zerde\u00e7al\u0131n en de\u011ferli ve en etkin olan ana bile\u015feni kurkumin unsurudur.<\/p>\n<p>Do\u011fal bir polifenol olan kurkumin, t\u0131bbi \u00f6zellikleriyle yayg\u0131n olarak bilinir. H\u00fcr radikallerin olu\u015fturdu\u011fu ziyanl\u0131 tesirleri azaltt\u0131\u011f\u0131 i\u00e7in y\u00fczy\u0131llard\u0131r \u00e7e\u015fitli rahats\u0131zl\u0131klar\u0131 tedavi etmek i\u00e7in klasik t\u0131pta kullan\u0131lm\u0131\u015ft\u0131r. Yayg\u0131n olarak \u00c7in ve Hindistan\u2019 da yeti\u015ftirilmekte ve kullan\u0131lmaktad\u0131r. <\/p>\n<p><strong>Nas\u0131l t\u00fcketilir?<\/strong><\/p>\n<p>Kurkuminin temel kayna\u011f\u0131 zerde\u00e7al bitkisidir. Bu bitkiden elde edilen baharat\u0131n yemeklerde kullan\u0131lmas\u0131yla kurkuminin al\u0131m\u0131 sa\u011flanabilir. Ancak kurkuminin d\u00fc\u015f\u00fck biyoyararlan\u0131m\u0131 nedeniyle beden taraf\u0131ndan emilimi sonludur. Bu nedenle piperin i\u00e7eren karabiber yahut sa\u011fl\u0131kl\u0131 ya\u011flar (zeytinya\u011f\u0131 gibi) ile birlikte t\u00fcketilmesi \u00f6nerilmektedir. B\u00f6ylelikle tesiri daha da art\u0131r\u0131labilir. G\u00fcnl\u00fck 15 gram zerde\u00e7al, bal ile kar\u0131\u015ft\u0131r\u0131larak t\u00fcketilebilir. <\/p>\n<p>Ancak uygun bir emilim i\u00e7in destek halinde almak daha tesirlidir. Nat\u00fcrel  kronik hastal\u0131\u011f\u0131 olanlar kesinlikle takviyeyi tabiplerine dan\u0131\u015farak kullanmal\u0131d\u0131r.<\/p>\n<p><strong>G\u00fcvenli doz nedir?<\/strong><\/p>\n<p>Kurkumin besin deste\u011fi olarak kaps\u00fcl yahut toz halinde al\u0131nabilir. Amerika besin ve ila\u00e7 y\u00f6netimi (FDA) kurkumini genel olarak inan\u00e7l\u0131 olarak kabul edilen husus (GRAS) tan\u0131mlamas\u0131na dahil etmi\u015ftir ve \u015fu an bir\u00e7ok \u00fclkede besin deste\u011fi olarak kullan\u0131lmaktad\u0131r. <\/p>\n<p>Zerde\u00e7al\u0131n en etkin bile\u015feni olan kurkuminin g\u00fcvenilirli\u011fi ve toksik olmad\u0131\u011f\u0131 bir\u00e7ok ara\u015ft\u0131rmada g\u00f6sterilmi\u015ftir. G\u00fcvenlik ve toksisite ile ilgili klinik ara\u015ft\u0131rmalar yapan uzmanlar yeniden de doktora dan\u0131\u015f\u0131larak destek al\u0131nmas\u0131 tavsiye etmektedir.<\/p>\n","protected":false},"excerpt":{"rendered":"<p>\u2018Sar\u0131 iksir\u2019 olarak isimlendirilen zerda\u00e7al, i\u00e7erdi\u011fi \u2018kurkumin\u2019 ile \u00e7ok g\u00fc\u00e7l\u00fc bir antiaging yani ya\u015flanma aksisi \u00f6zelliklere sahip. Kusursuz \u00d6zkaya, \u201c\u00dcstelik bu baharat ya\u015flanma surat\u0131n\u0131 4 farkl\u0131 tesiriyle yava\u015flat\u0131yor\u2019\u2019 dedi.<\/p>\n","protected":false},"author":1,"featured_media":50657,"comment_status":"open","ping_status":"open","sticky":false,"template":"","format":"standard","meta":{"footnotes":""},"categories":[29],"tags":[525,3335,7070,7071,7072],"class_list":["post-50656","post","type-post","status-publish","format-standard","has-post-thumbnail","hentry","category-saglik","tag-etki","tag-hucre","tag-kurkumin","tag-yaslanma","tag-zerdecal"],"_links":{"self":[{"href":"https:\/\/ikimisli.tr\/index.php\/wp-json\/wp\/v2\/posts\/50656","targetHints":{"allow":["GET"]}}],"collection":[{"href":"https:\/\/ikimisli.tr\/index.php\/wp-json\/wp\/v2\/posts"}],"about":[{"href":"https:\/\/ikimisli.tr\/index.php\/wp-json\/wp\/v2\/types\/post"}],"author":[{"embeddable":true,"href":"https:\/\/ikimisli.tr\/index.php\/wp-json\/wp\/v2\/users\/1"}],"replies":[{"embeddable":true,"href":"https:\/\/ikimisli.tr\/index.php\/wp-json\/wp\/v2\/comments?post=50656"}],"version-history":[{"count":1,"href":"https:\/\/ikimisli.tr\/index.php\/wp-json\/wp\/v2\/posts\/50656\/revisions"}],"predecessor-version":[{"id":50663,"href":"https:\/\/ikimisli.tr\/index.php\/wp-json\/wp\/v2\/posts\/50656\/revisions\/50663"}],"wp:featuredmedia":[{"embeddable":true,"href":"https:\/\/ikimisli.tr\/index.php\/wp-json\/wp\/v2\/media\/50657"}],"wp:attachment":[{"href":"https:\/\/ikimisli.tr\/index.php\/wp-json\/wp\/v2\/media?parent=50656"}],"wp:term":[{"taxonomy":"category","embeddable":true,"href":"https:\/\/ikimisli.tr\/index.php\/wp-json\/wp\/v2\/categories?post=50656"},{"taxonomy":"post_tag","embeddable":true,"href":"https:\/\/ikimisli.tr\/index.php\/wp-json\/wp\/v2\/tags?post=50656"}],"curies":[{"name":"wp","href":"https:\/\/api.w.org\/{rel}","templated":true}]}}