{"id":50687,"date":"2025-06-25T02:36:12","date_gmt":"2025-06-25T02:36:12","guid":{"rendered":"https:\/\/ikimisli.tr\/?p=50687"},"modified":"2025-06-25T02:36:12","modified_gmt":"2025-06-25T02:36:12","slug":"demet-ozdemirin-bolum-basi-alacagi-ucret-dudak-ucuklatti","status":"publish","type":"post","link":"https:\/\/ikimisli.tr\/index.php\/2025\/06\/25\/demet-ozdemirin-bolum-basi-alacagi-ucret-dudak-ucuklatti\/","title":{"rendered":"Demet \u00d6zdemir&#8217;in b\u00f6l\u00fcm ba\u015f\u0131 alaca\u011f\u0131 \u00fccret dudak u\u00e7uklatt\u0131"},"content":{"rendered":"<p>Oyuncu Demet \u00d6zdemir&#8217;i T\u00fcrkiye Demet \u00d6zdemir&#8217;i &#8216;Sana Bir S\u0131r Verece\u011fim&#8217; isimli gen\u00e7lik dizisi ile tan\u0131d\u0131. K\u0131sa m\u00fcddette de \u015f\u00f6hret basamaklar\u0131n\u0131 t\u0131rmand\u0131. \u015e\u00f6hreti, m\u00fczik\u00e7i O\u011fuzhan Ko\u00e7 ile yapt\u0131\u011f\u0131 evlilikle tepeye \u00e7\u0131kt\u0131.<\/p>\n<p><img decoding=\"async\" src=\"https:\/\/ikimisli.tr\/wp-content\/uploads\/2025\/06\/demet-ozdemirin-bolum-basi-alacagi-ucret-dudak-ucuklatti-0-qvUssiRf.jpg\"\/><\/p>\n<p>Ko\u00e7&#8217;la s\u00fcren evlili\u011fi 9 ayda sona erdi ancak a\u015fkta bulamad\u0131\u011f\u0131 memnunlu\u011fu parada yakalad\u0131. <\/p>\n<p>Sosyal medyadan, oynad\u0131\u011f\u0131 reklamlara kadar daima en \u00e7ok kazanan isim olarak doru\u011fa ismini yazd\u0131rd\u0131. <\/p>\n<p>\u00d6zdemir art\u0131k de rol ald\u0131\u011f\u0131 son dizisi ile konu\u015fuluyor.<\/p>\n<p><img decoding=\"async\" src=\"https:\/\/ikimisli.tr\/wp-content\/uploads\/2025\/06\/demet-ozdemirin-bolum-basi-alacagi-ucret-dudak-ucuklatti-1-iXODx6Ir.jpg\"\/><\/p>\n<p>Takvim&#8217;in haberine nazaran \u00d6zdemir, yeni ba\u015flayaca\u011f\u0131 &#8216;E\u015fref Hayal&#8217; isimli dizi i\u00e7in k\u0131s\u0131m ba\u015f\u0131 1.5 milyon TL&#8217;ye anla\u015ft\u0131.<\/p>\n<p>Bu ortada Demet \u00d6zdemir ge\u00e7en eyl\u00fcl ay\u0131nda bir reklam sinemas\u0131ndan 25 milyon TL kazanm\u0131\u015ft\u0131.<\/p>\n<p><img decoding=\"async\" src=\"https:\/\/ikimisli.tr\/wp-content\/uploads\/2025\/06\/demet-ozdemirin-bolum-basi-alacagi-ucret-dudak-ucuklatti-2-2Xt1pbkQ.jpg\"\/><\/p>\n<p><b>GAYR\u0130MENKULE YATIRIM YAPIYOR<\/b><\/p>\n<p>\u00d6zdemir, kazand\u0131\u011f\u0131 paray\u0131 ise gayrimenkule yat\u0131r\u0131yor. Son olarak Yunanistan&#8217;\u0131n ba\u015f\u015fehri Atina&#8217;dan 38 milyon liraya ald\u0131\u011f\u0131 konutla t\u00fcm dikkatlerine \u00fczerine toplam\u0131\u015ft\u0131.<\/p>\n","protected":false},"excerpt":{"rendered":"<p>Oyuncu Demet \u00d6zdemir oynad\u0131\u011f\u0131 son diziden k\u0131s\u0131m ba\u015f\u0131na 1.5 milyon TL alacak.<\/p>\n","protected":false},"author":1,"featured_media":50688,"comment_status":"open","ping_status":"open","sticky":false,"template":"","format":"standard","meta":{"footnotes":""},"categories":[27],"tags":[204],"class_list":["post-50687","post","type-post","status-publish","format-standard","has-post-thumbnail","hentry","category-magazin","tag-ozdemir"],"_links":{"self":[{"href":"https:\/\/ikimisli.tr\/index.php\/wp-json\/wp\/v2\/posts\/50687","targetHints":{"allow":["GET"]}}],"collection":[{"href":"https:\/\/ikimisli.tr\/index.php\/wp-json\/wp\/v2\/posts"}],"about":[{"href":"https:\/\/ikimisli.tr\/index.php\/wp-json\/wp\/v2\/types\/post"}],"author":[{"embeddable":true,"href":"https:\/\/ikimisli.tr\/index.php\/wp-json\/wp\/v2\/users\/1"}],"replies":[{"embeddable":true,"href":"https:\/\/ikimisli.tr\/index.php\/wp-json\/wp\/v2\/comments?post=50687"}],"version-history":[{"count":1,"href":"https:\/\/ikimisli.tr\/index.php\/wp-json\/wp\/v2\/posts\/50687\/revisions"}],"predecessor-version":[{"id":50692,"href":"https:\/\/ikimisli.tr\/index.php\/wp-json\/wp\/v2\/posts\/50687\/revisions\/50692"}],"wp:featuredmedia":[{"embeddable":true,"href":"https:\/\/ikimisli.tr\/index.php\/wp-json\/wp\/v2\/media\/50688"}],"wp:attachment":[{"href":"https:\/\/ikimisli.tr\/index.php\/wp-json\/wp\/v2\/media?parent=50687"}],"wp:term":[{"taxonomy":"category","embeddable":true,"href":"https:\/\/ikimisli.tr\/index.php\/wp-json\/wp\/v2\/categories?post=50687"},{"taxonomy":"post_tag","embeddable":true,"href":"https:\/\/ikimisli.tr\/index.php\/wp-json\/wp\/v2\/tags?post=50687"}],"curies":[{"name":"wp","href":"https:\/\/api.w.org\/{rel}","templated":true}]}}