{"id":50715,"date":"2025-06-25T04:12:06","date_gmt":"2025-06-25T04:12:06","guid":{"rendered":"https:\/\/ikimisli.tr\/?p=50715"},"modified":"2025-06-25T04:12:06","modified_gmt":"2025-06-25T04:12:06","slug":"fotograf-tutkunlarinin-gozdesi-aglayan-kayalar","status":"publish","type":"post","link":"https:\/\/ikimisli.tr\/index.php\/2025\/06\/25\/fotograf-tutkunlarinin-gozdesi-aglayan-kayalar\/","title":{"rendered":"Foto\u011fraf tutkunlar\u0131n\u0131n g\u00f6zdesi: A\u011flayan Kayalar"},"content":{"rendered":"<p>Kentte bir m\u00fcddet evvel ya\u011fan kar, tabiat\u0131 b\u00fcsb\u00fct\u00fcn beyaza b\u00fcr\u00fcyerek farkl\u0131 ho\u015fluklar\u0131n ortaya \u00e7\u0131kmas\u0131n\u0131 sa\u011flad\u0131.<\/p>\n<p>P\u00fcl\u00fcm\u00fcr Vadisi&#8217;nde tesirli olan so\u011fuk hava nedeniyle H\u0131lbe\u015f K\u00f6pr\u00fcs\u00fc yak\u0131nlar\u0131nda bulunan ve halk ortas\u0131nda A\u011flayan Kayalar olarak bilinen do\u011fal olu\u015fum buz tuttu.<\/p>\n<p>S\u00fcrekli su damlad\u0131\u011f\u0131 i\u00e7in yakla\u015f\u0131k 10 metre uzunlu\u011funda sark\u0131tlar\u0131n olu\u015ftu\u011fu alan, \u015fu s\u0131ralar y\u00f6redeki do\u011faseverlerin ve foto\u011fraf\u00e7\u0131lar\u0131n yan\u0131 s\u0131ra Tunceli-Erzincan kara yolunda seyahat eden yolcular\u0131n ilgisini \u00e7ekiyor.<\/p>\n<p>G\u00fcn\u00fcbirlik \u00e7e\u015fitlerle rotalar\u0131n\u0131 A\u011flayan Kayalar&#8217;a \u00e7eviren tabiat tutkunlar\u0131, b\u00f6lgede gezinti yaparak cep telefonlar\u0131 ve makineleriyle foto\u011fraf \u00e7ekiyor.<\/p>\n<p>Do\u011faseverlerden Bedri Yavuz, Tunceli&#8217;nin do\u011fas\u0131yla dikkati \u00e7ekti\u011fini s\u00f6yledi.<\/p>\n<p>\u015eehrin her mevsim farkl\u0131 ho\u015fluklar\u0131 oldu\u011funu belirten Yavuz, &#8220;Tunceli&#8217;den arac\u0131m\u0131zla yola \u00e7\u0131kt\u0131k ve P\u00fcl\u00fcm\u00fcr Vadisi&#8217;nde seyahat ederken yaban ke\u00e7ilerine denk geldik, son dura\u011f\u0131m\u0131z da A\u011flayan Kayalar oldu. Buran\u0131n Tunceli&#8217;de farkl\u0131 bir yeri var ve \u00e7ok say\u0131da ki\u015fi ziyaret ediyor. Havalar \u00e7ok so\u011fuk oldu\u011fundan A\u011flayan Kayalar&#8217;da 5-10 metre uzunlu\u011funda buz sark\u0131tlar\u0131 olu\u015fmu\u015f. Tunceli&#8217;de \u00f6m\u00fcr ortam\u0131 \u00e7ok farkl\u0131 zira havas\u0131 ve tabiat\u0131 \u00e7ok g\u00fczel&#8221; dedi.<\/p>\n<p><img decoding=\"async\" src=\"https:\/\/ikimisli.tr\/wp-content\/uploads\/2025\/06\/fotograf-tutkunlarinin-gozdesi-aglayan-kayalar-0-IbFRNydm.jpg\"\/><\/p>\n<p><b>&#8220;G\u00fczel vakit ge\u00e7irdik&#8221;<\/b><\/p>\n<p>Foto\u011fraf\u00e7\u0131 Ak\u0131n Ata\u015f ise A\u011flayan Kayalar&#8217;\u0131 g\u00f6rmek i\u00e7in Mazgirt il\u00e7esinden b\u00f6lgeye geldi\u011fini anlatt\u0131.<\/p>\n<p>Tunceli&#8217;de gezilecek bir\u00e7ok yer oldu\u011funu lisana getiren Ata\u015f, &#8220;Bug\u00fcn rotam\u0131z\u0131 P\u00fcl\u00fcm\u00fcr Vadisi&#8217;ne \u00e7evirdik ve burada bulunan A\u011flayan Kayalar&#8217;\u0131n donmu\u015f haline denk geldik. Foto\u011fraf ve g\u00f6r\u00fcnt\u00fcler \u00e7ekip ho\u015f vakit ge\u00e7irdik.&#8221; tabirlerini kulland\u0131.<\/p>\n<p>Orhan Yoku\u015f da Diyarbak\u0131r&#8217;dan Erzincan&#8217;a seyahat ederken A\u011flayan Kayalar&#8217;\u0131 g\u00f6rme f\u0131rsat\u0131n\u0131 buldu\u011funu s\u00f6yledi.<\/p>\n<p>Yoku\u015f, P\u00fcl\u00fcm\u00fcr Vadisi&#8217;nin ho\u015flu\u011funa hayran kald\u0131\u011f\u0131n\u0131 tabir ederek, &#8220;Buralar\u0131 herkesin gelip g\u00f6rmesi laz\u0131m, ola\u011fan\u00fcst\u00fc g\u00f6r\u00fcnt\u00fcler var. Ben de birinci sefer A\u011flayan Kayalar&#8217;a denk geldim. Burada sular \u015f\u0131r\u0131l \u015f\u0131r\u0131l ak\u0131yor&#8221; diye konu\u015ftu.<\/p>\n","protected":false},"excerpt":{"rendered":"<p>Tunceli\u2019de hava s\u0131cakl\u0131klar\u0131n\u0131n s\u0131f\u0131r\u0131n alt\u0131na d\u00fc\u015fmesiyle birlikte buz tutan A\u011flayan Kayalar, do\u011faseverler ve foto\u011fraf\u00e7\u0131lar i\u00e7in b\u00fcy\u00fcleyici bir g\u00f6r\u00fcnt\u00fc sunuyor. E\u015fsiz tabiat ola\u011fan\u00fcst\u00fcs\u00fc, her y\u0131l ziyaret\u00e7ilerini kendine hayran b\u0131rak\u0131yor.<\/p>\n","protected":false},"author":1,"featured_media":50716,"comment_status":"open","ping_status":"open","sticky":false,"template":"","format":"standard","meta":{"footnotes":""},"categories":[26],"tags":[7082,1122,1111],"class_list":["post-50715","post","type-post","status-publish","format-standard","has-post-thumbnail","hentry","category-kultur-sanat","tag-aglayan-kayalar","tag-doga","tag-guzel"],"_links":{"self":[{"href":"https:\/\/ikimisli.tr\/index.php\/wp-json\/wp\/v2\/posts\/50715","targetHints":{"allow":["GET"]}}],"collection":[{"href":"https:\/\/ikimisli.tr\/index.php\/wp-json\/wp\/v2\/posts"}],"about":[{"href":"https:\/\/ikimisli.tr\/index.php\/wp-json\/wp\/v2\/types\/post"}],"author":[{"embeddable":true,"href":"https:\/\/ikimisli.tr\/index.php\/wp-json\/wp\/v2\/users\/1"}],"replies":[{"embeddable":true,"href":"https:\/\/ikimisli.tr\/index.php\/wp-json\/wp\/v2\/comments?post=50715"}],"version-history":[{"count":1,"href":"https:\/\/ikimisli.tr\/index.php\/wp-json\/wp\/v2\/posts\/50715\/revisions"}],"predecessor-version":[{"id":50718,"href":"https:\/\/ikimisli.tr\/index.php\/wp-json\/wp\/v2\/posts\/50715\/revisions\/50718"}],"wp:featuredmedia":[{"embeddable":true,"href":"https:\/\/ikimisli.tr\/index.php\/wp-json\/wp\/v2\/media\/50716"}],"wp:attachment":[{"href":"https:\/\/ikimisli.tr\/index.php\/wp-json\/wp\/v2\/media?parent=50715"}],"wp:term":[{"taxonomy":"category","embeddable":true,"href":"https:\/\/ikimisli.tr\/index.php\/wp-json\/wp\/v2\/categories?post=50715"},{"taxonomy":"post_tag","embeddable":true,"href":"https:\/\/ikimisli.tr\/index.php\/wp-json\/wp\/v2\/tags?post=50715"}],"curies":[{"name":"wp","href":"https:\/\/api.w.org\/{rel}","templated":true}]}}