{"id":51137,"date":"2025-06-26T03:36:05","date_gmt":"2025-06-26T03:36:05","guid":{"rendered":"https:\/\/ikimisli.tr\/?p=51137"},"modified":"2025-06-26T03:36:05","modified_gmt":"2025-06-26T03:36:05","slug":"ham-celik-uretimi-ocakta-yillik-yuzde-19-azaldi","status":"publish","type":"post","link":"https:\/\/ikimisli.tr\/index.php\/2025\/06\/26\/ham-celik-uretimi-ocakta-yillik-yuzde-19-azaldi\/","title":{"rendered":"Ham \u00e7elik \u00fcretimi ocakta y\u0131ll\u0131k y\u00fczde 1,9 azald\u0131"},"content":{"rendered":"<p>T\u00fcrkiye \u00c7elik \u00dcreticileri Derne\u011fi (T\u00c7\u00dcD), ocak ay\u0131na ait \u00e7elik \u00fcretimi, t\u00fcketimi ve d\u0131\u015f ticaret bilgilerini a\u00e7\u0131klad\u0131.<\/p>\n<p>Buna nazaran, kelam konusu ayda T\u00fcrkiye&#8217;nin ham \u00e7elik \u00fcretimi, 2024&#8217;\u00fcn t\u0131pk\u0131 ay\u0131na k\u0131yasla y\u00fczde 1,9 azalarak 3,2 milyon ton oldu.<\/p>\n<p>Nihai mamul t\u00fcketimi bu periyotta y\u00fczde 2,6 art\u0131\u015fla 3,6 milyon tona \u00e7\u0131kt\u0131.<\/p>\n<p><b>\u00c7EL\u0130K ESERLER\u0130 DI\u015e T\u0130CARET\u0130<\/b><\/p>\n<p>\u00c7elik eserleri ihracat\u0131, Ocak 2025&#8217;te 2024&#8217;\u00fcn birebir ay\u0131na nazaran \u00f6l\u00e7\u00fc taraf\u0131ndan y\u00fczde 23 art\u0131\u015fla 1,1 milyon ton, bedel istikametinden de y\u00fczde 14,6 y\u00fckseli\u015fle 763,4 milyon dolar oldu.<\/p>\n<p>Alt kalemler incelendi\u011finde, bahse husus devirde, ihracat yass\u0131 eserlerde y\u00fczde 6,6 artarak 374,4 bin ton, uzun eserlerde y\u00fczde 25,3 art\u0131\u015fla 686,4 bin ton, yar\u0131 eserlerde ise y\u00fczde 401 y\u00fckseli\u015fle 61 bin ton olarak ger\u00e7ekle\u015fti.<\/p>\n<p>\u0130thalat, Ocak 2025&#8217;te ge\u00e7en y\u0131l\u0131n t\u0131pk\u0131 ay\u0131na nazaran \u00f6l\u00e7\u00fc bak\u0131m\u0131ndan y\u00fczde 24,9 art\u0131\u015fla 1,7 milyon ton, k\u0131ymet taraf\u0131ndan y\u00fczde 11,2 y\u00fckseli\u015fle 1,2 milyar dolar olarak hesapland\u0131.<\/p>\n<p>Alt kalemleri incelendi\u011finde ise t\u0131pk\u0131 periyotta, ithalat yass\u0131 eserlerde y\u00fczde 22,4 art\u0131\u015fla 900,7 bin ton, uzun eserlerde y\u00fczde 0,4 azal\u0131\u015fla 98,4 bin ton, yar\u0131 eserlerde ise y\u00fczde 32,9 artarak 729,8 bin ton olarak ger\u00e7ekle\u015fti.<\/p>\n<p>\u0130hracat\u0131n ithalat\u0131 kar\u015f\u0131lama oran\u0131 ise, ocak ay\u0131nda y\u0131ll\u0131k bazda 1,9 puan art\u0131\u015fla, y\u00fczde 61,88 d\u00fczeyinden y\u00fczde 63,78 d\u00fczeyine y\u00fckseldi.<\/p>\n<p><b>D\u00dcNYADA 7. SIRADA<\/b><\/p>\n<p>A\u00e7\u0131klamada g\u00f6r\u00fc\u015flerine yer verilen T\u00c7\u00dcD Genel Sekreteri Veysel Yayan, ocakta T\u00fcrkiye&#8217;nin 3,2 milyon tonluk ham \u00e7elik \u00fcretimiyle Almanya&#8217;y\u0131 geride b\u0131rakarak d\u00fcnyada 7&#8217;nci s\u0131raya y\u00fckseldi\u011fini bildirdi.<\/p>\n<p>Yayan, ABD Lideri Donald Trump&#8217;\u0131n Kanada, Meksika, Avrupa Birli\u011fi (AB), \u0130ngiltere, Brezilya, Japonya ve G\u00fcney Kore \u00fczere \u00fclkelere getirdi\u011fi y\u00fczde 25 oran\u0131ndaki vergilere ait muafiyeti kald\u0131rmas\u0131n\u0131n T\u00fcrk \u00e7elik kesiminin ABD pazar\u0131nda kelam konusu \u00fclkelerle e\u015fit ko\u015fullarda rekabet etti\u011fi bir ortam\u0131n olu\u015faca\u011f\u0131 beklentilerini art\u0131rd\u0131\u011f\u0131n\u0131 belirtti.<\/p>\n<p><strong>Yayan, \u015funlar\u0131 kaydetti:<\/strong><\/p>\n<p>&#8220;Di\u011fer taraftan, Lider Trump&#8217;\u0131n vergi uygulamas\u0131n\u0131n, ABD i\u00e7 piyasas\u0131nda fiyatlar\u0131 y\u00fczde 15 oran\u0131nda art\u0131rd\u0131\u011f\u0131na ait bilgiler, bu durumun ba\u015fka \u00fclkelerin, girdi ve en son mamul fiyatlar\u0131na, kademeli bir formda yans\u0131t\u0131labilece\u011fi ihtimalini g\u00fcndeme getirdi. AB&#8217;nin, ABD&#8217;nin uygulamas\u0131na sert kar\u015f\u0131l\u0131k verece\u011fine ve 3&#8217;\u00fcnc\u00fc \u00fclkelerin ABD&#8217;ye yapt\u0131klar\u0131 ihracat\u0131n AB&#8217;ye y\u00f6nelmesini engelleyici \u00f6nlemlerin al\u0131naca\u011f\u0131na ait a\u00e7\u0131klamalar\u0131, tasaya yol a\u00e7t\u0131. T\u00fcrkiye&#8217;nin \u00e7elik t\u00fcketimindeki y\u00fczde 2,6 oran\u0131ndaki art\u0131\u015f\u0131n ithalat art\u0131\u015f\u0131 yoluyla kar\u015f\u0131lanmas\u0131, ihracat\u0131n ithalat\u0131 kar\u015f\u0131lama oran\u0131n\u0131n y\u00fczde 63,7 d\u00fczeyinde kalmas\u0131 sonucunu do\u011furdu.&#8221;<\/p>\n<p>Bu geli\u015fmeler \u0131\u015f\u0131\u011f\u0131nda, korumac\u0131l\u0131k ad\u0131mlar\u0131n\u0131n y\u0131l boyunca devam edece\u011fi ve 2025&#8217;in ticaret sava\u015flar\u0131n\u0131n yo\u011funluk kazand\u0131\u011f\u0131 bir y\u0131l olaca\u011f\u0131 de\u011ferlendirmesinde bulunan Yayan, &#8220;Sekt\u00f6r\u00fcm\u00fcz\u00fcn, T\u00fcrkiye&#8217;nin cari a\u00e7\u0131\u011f\u0131n\u0131n kapat\u0131lmas\u0131na en az 5 milyar dolar civar\u0131nda bir katk\u0131y\u0131 rahatl\u0131kla yapabilece\u011fi hususu dikkate al\u0131narak, ABD ve AB&#8217;nin yapt\u0131\u011f\u0131na emsal bir formda ithalat\u0131 s\u0131n\u0131rlay\u0131c\u0131 \u00f6nlemlerin al\u0131nmas\u0131 ehemmiyet ta\u015f\u0131yor.&#8221; s\u00f6zlerini kulland\u0131.<\/p>\n","protected":false},"excerpt":{"rendered":"<p>T\u00fcrkiye&#8217;nin ham \u00e7elik \u00fcretimi, ocak ay\u0131nda ge\u00e7en y\u0131l\u0131n birebir ay\u0131na nazaran y\u00fczde 1,9 azal\u0131\u015fla 3,2 milyon tona geriledi.<\/p>\n","protected":false},"author":1,"featured_media":51138,"comment_status":"open","ping_status":"open","sticky":false,"template":"","format":"standard","meta":{"footnotes":""},"categories":[24],"tags":[82,2691,2970,1307,7124],"class_list":["post-51137","post","type-post","status-publish","format-standard","has-post-thumbnail","hentry","category-ekonomi","tag-abd","tag-artisla","tag-celik","tag-ithalat","tag-urunlerde"],"_links":{"self":[{"href":"https:\/\/ikimisli.tr\/index.php\/wp-json\/wp\/v2\/posts\/51137","targetHints":{"allow":["GET"]}}],"collection":[{"href":"https:\/\/ikimisli.tr\/index.php\/wp-json\/wp\/v2\/posts"}],"about":[{"href":"https:\/\/ikimisli.tr\/index.php\/wp-json\/wp\/v2\/types\/post"}],"author":[{"embeddable":true,"href":"https:\/\/ikimisli.tr\/index.php\/wp-json\/wp\/v2\/users\/1"}],"replies":[{"embeddable":true,"href":"https:\/\/ikimisli.tr\/index.php\/wp-json\/wp\/v2\/comments?post=51137"}],"version-history":[{"count":1,"href":"https:\/\/ikimisli.tr\/index.php\/wp-json\/wp\/v2\/posts\/51137\/revisions"}],"predecessor-version":[{"id":51139,"href":"https:\/\/ikimisli.tr\/index.php\/wp-json\/wp\/v2\/posts\/51137\/revisions\/51139"}],"wp:featuredmedia":[{"embeddable":true,"href":"https:\/\/ikimisli.tr\/index.php\/wp-json\/wp\/v2\/media\/51138"}],"wp:attachment":[{"href":"https:\/\/ikimisli.tr\/index.php\/wp-json\/wp\/v2\/media?parent=51137"}],"wp:term":[{"taxonomy":"category","embeddable":true,"href":"https:\/\/ikimisli.tr\/index.php\/wp-json\/wp\/v2\/categories?post=51137"},{"taxonomy":"post_tag","embeddable":true,"href":"https:\/\/ikimisli.tr\/index.php\/wp-json\/wp\/v2\/tags?post=51137"}],"curies":[{"name":"wp","href":"https:\/\/api.w.org\/{rel}","templated":true}]}}