{"id":51231,"date":"2025-06-26T09:24:11","date_gmt":"2025-06-26T09:24:11","guid":{"rendered":"https:\/\/ikimisli.tr\/?p=51231"},"modified":"2025-06-26T09:24:11","modified_gmt":"2025-06-26T09:24:11","slug":"cumhur-ittifaki-ortagi-huda-pardan-ocalan-itirafi","status":"publish","type":"post","link":"https:\/\/ikimisli.tr\/index.php\/2025\/06\/26\/cumhur-ittifaki-ortagi-huda-pardan-ocalan-itirafi\/","title":{"rendered":"Cumhur \u0130ttifak\u0131 orta\u011f\u0131 H\u00dcDA PAR&#8217;dan \u00d6calan itiraf\u0131"},"content":{"rendered":"<p>H\u00dcDA PAR Genel Ba\u015fkan\u0131 Zekeriya Yap\u0131c\u0131o\u011flu, ter\u00f6ristba\u015f\u0131 Abdullah \u00d6calan ile ba\u015flat\u0131lan yeni &#8216;s\u00fcre\u00e7&#8217;le ilgili konu\u015ftu.<\/p>\n<p>Yap\u0131c\u0131o\u011flu, devlet yetkilileri ile ter\u00f6r \u00f6rg\u00fct\u00fc PKK eleba\u015f\u0131s\u0131 Abdullah \u00d6calan ortas\u0131ndaki g\u00f6r\u00fc\u015fmelerin yakla\u015f\u0131k 1 y\u0131ld\u0131r devam etti\u011fini s\u00f6yledi.<\/p>\n<p><b>&#8216;YEN\u0130 TAHL\u0130L S\u00dcREC\u0130 \u00c7OKTAN BA\u015eLADI, HABERLER\u0130 YOK&#8217;<\/b><\/p>\n<p>Yap\u0131c\u0131o\u011flu, \u201cYeni bir tahlil s\u00fcreci ba\u015flayacak m\u0131?\u201d sorusuna verdi\u011fi yan\u0131tta  \u201cBence s\u00fcre\u00e7 ba\u015flad\u0131. Yakla\u015f\u0131k bir y\u0131ld\u0131r Abdullah \u00d6calan ile T\u00fcrk istihbarat\u0131 ortas\u0131nda g\u00f6r\u00fc\u015fmeler yap\u0131l\u0131yor. G\u00f6r\u00fcn\u00fc\u015fe nazaran bir evreye gelindi. Lakin siyaset\u00e7ilerin birden fazla bundan kapsaml\u0131 olarak haberdar olmayabilir\u201d tabirlerini kulland\u0131. <\/p>\n<p><b>&#8216;1 YILDIR \u00d6CALAN \u0130LE G\u00d6R\u00dc\u015e\u00dcL\u00dcYOR&#8217;<\/b><\/p>\n<p>Barzani&#8217;ye yak\u0131nl\u0131\u011f\u0131yla bilinen Rudaw&#8217;a konu\u015fan Yap\u0131c\u0131o\u011flu, \u015f\u00f6yle devam etti:<\/p>\n<p>\u201cYakla\u015f\u0131k bir y\u0131ld\u0131r T\u00fcrkiye devleti ile Abdullah \u00d6calan g\u00f6r\u00fc\u015fmeler yap\u0131yor, birbirleriyle temas halindeler ve bu bahisler hakk\u0131nda konu\u015fuyorlar. Abdullah \u00d6calan\u2019a giden heyetlerin de kendisine gerekli bilgileri ve ayr\u0131nt\u0131lar\u0131 aktard\u0131\u011f\u0131n\u0131 d\u00fc\u015f\u00fcn\u00fcyorum. Bu problem kesinlikle konu\u015fulmu\u015ftur. Silahlar nereye b\u0131rak\u0131lacak? Kim b\u0131rakacak? Silah b\u0131rakanlar nereye gidecek? Bunlar kesinlikle ele al\u0131nan hususlard\u0131r. Tahminen bir sistem \u00fczerinde \u00e7al\u0131\u015f\u0131l\u0131yordur.<\/p>\n<p>Bu yaln\u0131zca T\u00fcrkiye ve PKK ortas\u0131nda ya da T\u00fcrkiye devleti ile Abdullah \u00d6calan ortas\u0131nda bir problem de\u011fil. Bana nazaran kimi memleketler aras\u0131 taraflar da bu s\u00fcre\u00e7te yer al\u0131yor. Ba\u015fta da belirtti\u011finiz \u00fczere \u015fayet silahs\u0131zlanma ger\u00e7ekle\u015firse bunun Irak \u00fczerinde de tesiri olacak. T\u0131pk\u0131 halde Suriye \u00fczerinde de tesiri olacak. Yani her ne kadar s\u00fcre\u00e7 T\u00fcrkiye\u2019deki K\u00fcrtleri ve PKK\u2019n\u0131n silahs\u0131zlanmas\u0131n\u0131 ilgilendirse de, t\u00fcm b\u00f6lgeyi etkileyen bir durumdur. \u0130ran, Irak, Ba\u011fdat merkezi h\u00fck\u00fcmeti ve \u015eam idaresi de bu s\u00fcrece dahildir. Hepsi birbirine ba\u011fl\u0131 ve etkileniyor.<\/p>\n<p><b>H\u00dcDA PAR&#8217;DAN &#8216;KAMP KURULSUN&#8217; \u00d6NER\u0130S\u0130 <\/b><\/p>\n<p>Bence bu mevzuda bir yol bulunmu\u015ftur. \u00d6rne\u011fin, Irak topraklar\u0131nda ya da Suriye&#8217;ye de olabilir bir kamp kurulabilir, lakin bu kamp\u0131n idaresi PKK\u2019n\u0131n elinde olmayacak. Tahminen de bu t\u00fcrl\u00fc bir kamp\u0131n kurulmas\u0131 d\u00fc\u015f\u00fcn\u00fcl\u00fcyordur, lakin kamp sakinleri silahs\u0131z olacakt\u0131r. PKK\u2019n\u0131n kimi \u00fcst seviye yetkilileri Avrupa\u2019ya g\u00f6nderilebilir ve birtak\u0131m Avrupa \u00fclkeleri onlar\u0131 kabul edebilir. Bu ihtimal de masada. Elbette ABD de bu s\u00fcre\u00e7te yer al\u0131yor zira onlar\u0131n da Suriye ve t\u00fcm b\u00f6lge \u00fczerinde hesaplar\u0131 var. Bu hususlar\u0131n kesinlikle konu\u015fuldu\u011funu d\u00fc\u015f\u00fcn\u00fcyorum, fakat ayr\u0131nt\u0131lar \u015fimdi net de\u011fil ve a\u00e7\u0131klanm\u0131\u015f de\u011fil. \u015eayet bizden g\u00f6r\u00fc\u015f istenirse, teklif ve tasalar\u0131m\u0131z\u0131 de payla\u015fabiliriz.&#8221;<\/p>\n<p><b>\u00d6ZEL, &#8216;1 YIL EVVEL BA\u015eLADI&#8217; DEM\u0130\u015eT\u0130, SARAY \u0130NKAR ETM\u0130\u015eT\u0130<\/b><\/p>\n<p>CHP Genel Ba\u015fkan\u0131 \u00d6zg\u00fcr \u00d6zel, ter\u00f6r \u00f6rg\u00fct\u00fc eleba\u015f\u0131 \u00d6calan&#8217;\u0131n davetinin perde gerisine ait bir y\u0131l\u0131 a\u015fk\u0131n m\u00fcddettir m\u00fczakerelerin y\u00fcr\u00fct\u00fcld\u00fc\u011f\u00fcn\u00fc, g\u00f6r\u00fc\u015fmelere devlet ismine birisi tam yetkili, d\u00f6rt ki\u015filik bir heyetin e\u015flik etti\u011fini s\u00f6ylemi\u015fti.<\/p>\n<p>\u00d6zel, \u015fu tabirleri kullanm\u0131\u015ft\u0131:<\/p>\n<p>\u201cBir yandan bir y\u0131ldan a\u015fk\u0131n m\u00fcddettir bir m\u00fczakereyi y\u00fcr\u00fcteceksiniz. Yapt\u0131\u011f\u0131n\u0131z, yap\u0131lan g\u00f6r\u00fc\u015fmelere devlet ismine birisi tam yetkili, d\u00f6rt ki\u015filik bir heyet e\u015flik edecek. Bu husustan dakika dakika haberiniz olacak. Anayasa Mahkemesi&#8217;nin bir \u00fcyesi, Yarg\u0131tay&#8217;dan \u00fcyeler, y\u00fcksek yarg\u0131\u00e7lar\u0131n bulundu\u011fu 20&#8217;nin \u00fczerinde hukuk\u00e7udan olu\u015fan bir masa bir yerde \u00e7al\u0131\u015fma yap\u0131yor olacak, sizin bilginizle.\u201d<\/p>\n<p><b>YALANLAMA GELM\u0130\u015eT\u0130<\/b><\/p>\n<p>Cumhurba\u015fkanl\u0131\u011f\u0131 \u0130rtibat Ba\u015fkanl\u0131\u011f\u0131 Dezenformasyonla Gayret Merkezi (DMM) ise \u00d6calan&#8217;\u0131n PKK&#8217;ya silah b\u0131rakma davetinin akabinde \u00d6zg\u00fcr \u00d6zel&#8217;in arg\u00fcmanlar\u0131n\u0131 yalanlam\u0131\u015ft\u0131.<\/p>\n<p>DMM&#8217;nin toplumsal medya hesab\u0131ndaki payla\u015f\u0131mda \u015fu tabirlere yer verilmi\u015fti:<\/p>\n<p>&#8220;Bir y\u0131la a\u015fk\u0131n m\u00fcddettir m\u00fczakere y\u00fcr\u00fct\u00fcl\u00fcyor. Anayasa Mahkemesi&#8217;nin bir \u00fcyesi, Yarg\u0131tay \u00fcyeleri, y\u00fcksek yarg\u0131\u00e7lar\u0131n bulundu\u011fu 20&#8217;nin \u00fczerinde hukuk\u00e7udan olu\u015fan bir masa \u00e7al\u0131\u015fmalar yap\u0131yor.&#8217; tezleri katiyen ger\u00e7ek de\u011fildir. \u00d6calan&#8217;\u0131n &#8216;silah b\u0131rakma ve \u00f6rg\u00fct\u00fcn kendisini feshetme \u00e7a\u011fr\u0131s\u0131&#8217; kar\u015f\u0131l\u0131\u011f\u0131nda devletle rastgele bir anayasal\/yasal de\u011fi\u015fiklik pazarl\u0131\u011f\u0131 kelam konusu de\u011fildir. &#8216;Ter\u00f6rs\u00fcz T\u00fcrkiye&#8217;ye ger\u00e7ek olumlu ad\u0131mlar at\u0131lmas\u0131n\u0131 engellemek isteyenler taraf\u0131ndan y\u00fcr\u00fct\u00fclen\/y\u00fcr\u00fct\u00fclecek olan dezenformasyon faaliyetlerine prestij edilmemeli.&#8221;<\/p>\n","protected":false},"excerpt":{"rendered":"<p>CHP lideri \u00d6zel, ge\u00e7ti\u011fimiz g\u00fcnlerde \u00d6calan ile iktidar ortas\u0131ndaki g\u00f6r\u00fc\u015fmelerin 1 y\u0131l evvel ba\u015flad\u0131\u011f\u0131n\u0131 s\u00f6ylemi\u015f, \u0130rtibat Ba\u015fkanl\u0131\u011f\u0131 yalanlam\u0131\u015ft\u0131. Cumhur \u0130ttifak\u0131 ortaklar\u0131ndan H\u00dcDA PAR Genel Ba\u015fkan\u0131 Zekeriya Yap\u0131c\u0131o\u011flu ise, ter\u00f6ristba\u015f\u0131 \u00d6calan ile devlet yetkililerinin 1 y\u0131ld\u0131r g\u00f6r\u00fc\u015ft\u00fc\u011f\u00fcn\u00fc a\u00e7\u0131klad\u0131.<\/p>\n","protected":false},"author":1,"featured_media":51232,"comment_status":"open","ping_status":"open","sticky":false,"template":"","format":"standard","meta":{"footnotes":""},"categories":[25],"tags":[297,1014,84,163,725],"class_list":["post-51231","post","type-post","status-publish","format-standard","has-post-thumbnail","hentry","category-gundem","tag-devlet","tag-pkk","tag-silah","tag-turk","tag-uzerinde"],"_links":{"self":[{"href":"https:\/\/ikimisli.tr\/index.php\/wp-json\/wp\/v2\/posts\/51231","targetHints":{"allow":["GET"]}}],"collection":[{"href":"https:\/\/ikimisli.tr\/index.php\/wp-json\/wp\/v2\/posts"}],"about":[{"href":"https:\/\/ikimisli.tr\/index.php\/wp-json\/wp\/v2\/types\/post"}],"author":[{"embeddable":true,"href":"https:\/\/ikimisli.tr\/index.php\/wp-json\/wp\/v2\/users\/1"}],"replies":[{"embeddable":true,"href":"https:\/\/ikimisli.tr\/index.php\/wp-json\/wp\/v2\/comments?post=51231"}],"version-history":[{"count":1,"href":"https:\/\/ikimisli.tr\/index.php\/wp-json\/wp\/v2\/posts\/51231\/revisions"}],"predecessor-version":[{"id":51233,"href":"https:\/\/ikimisli.tr\/index.php\/wp-json\/wp\/v2\/posts\/51231\/revisions\/51233"}],"wp:featuredmedia":[{"embeddable":true,"href":"https:\/\/ikimisli.tr\/index.php\/wp-json\/wp\/v2\/media\/51232"}],"wp:attachment":[{"href":"https:\/\/ikimisli.tr\/index.php\/wp-json\/wp\/v2\/media?parent=51231"}],"wp:term":[{"taxonomy":"category","embeddable":true,"href":"https:\/\/ikimisli.tr\/index.php\/wp-json\/wp\/v2\/categories?post=51231"},{"taxonomy":"post_tag","embeddable":true,"href":"https:\/\/ikimisli.tr\/index.php\/wp-json\/wp\/v2\/tags?post=51231"}],"curies":[{"name":"wp","href":"https:\/\/api.w.org\/{rel}","templated":true}]}}