{"id":51241,"date":"2025-06-26T10:00:12","date_gmt":"2025-06-26T10:00:12","guid":{"rendered":"https:\/\/ikimisli.tr\/?p=51241"},"modified":"2025-06-26T10:00:12","modified_gmt":"2025-06-26T10:00:12","slug":"sakir-pasa-ailesi-dizisi-uc-hafta-daha-yayinlanmayabilir","status":"publish","type":"post","link":"https:\/\/ikimisli.tr\/index.php\/2025\/06\/26\/sakir-pasa-ailesi-dizisi-uc-hafta-daha-yayinlanmayabilir\/","title":{"rendered":"\u015eakir Pa\u015fa Ailesi dizisi  \u00fc\u00e7 hafta daha yay\u0131nlanmayabilir"},"content":{"rendered":"<p>NOW TV&#8217;de yay\u0131nlanan &#8216;\u015eakir Pa\u015fa Ailesi: Mucizeler ve Skandallar&#8217;\u0131n ba\u015f\u0131na gelmemeyen kalmad\u0131.<\/p>\n<p><img decoding=\"async\" src=\"https:\/\/ikimisli.tr\/wp-content\/uploads\/2025\/06\/sakir-pasa-ailesi-dizisi-uc-hafta-daha-yayinlanmayabilir-0-NlzhmGpx.jpeg\"\/><\/p>\n<p>\u00d6nce dizi setinde b\u00fcy\u00fck bir yang\u0131n \u00e7\u0131kt\u0131 ve \u00e7ekimler yap\u0131lamad\u0131\u011f\u0131 i\u00e7in dizi iki hafta ekranlardan uzak kald\u0131. Akabinde da dizi, gelin ile pa\u015fa ortas\u0131ndaki yak\u0131nla\u015fma sahneleri y\u00fcz\u00fcnden Radyo ve Televizyon \u00dcst Heyeti&#8217;nden (RT\u00dcK) \u00fc\u00e7 haftal\u0131k yay\u0131n durdurma cezas\u0131 aId\u0131.<\/p>\n<p>Daha sonra da Cevat \u015eakir Kabaa\u011fa\u00e7l\u0131&#8217;n\u0131n yani Halikarnas Bal\u0131k\u00e7\u0131s\u0131&#8217;n\u0131n torunlar\u0131 dava a\u00e7t\u0131. Torunlar\u0131n, &#8220;aile prestijlerini zedeledi\u011fi ve aileleri hakk\u0131nda yanl\u0131\u015f bilgiler yer ald\u0131\u011f\u0131&#8221; m\u00fcnasebetleriyle a\u00e7t\u0131\u011f\u0131 davayla yay\u0131n\u0131n durdurulmas\u0131 istendi.<\/p>\n<p><img decoding=\"async\" src=\"https:\/\/ikimisli.tr\/wp-content\/uploads\/2025\/06\/sakir-pasa-ailesi-dizisi-uc-hafta-daha-yayinlanmayabilir-1-eTsw5ene.jpeg\"\/><\/p>\n<p>Ge\u00e7en g\u00fcnlerde ise yeni bir geli\u015fme ya\u015fand\u0131 ve Medyap\u0131m ile aile ortas\u0131nda yap\u0131lan g\u00f6r\u00fc\u015fmeler sonucunda taraflar uzla\u015fmaya vard\u0131. \u00d6nlem davas\u0131 a\u00e7an aile \u00fcyelerinin davadan feragat etmesiyle birlikte mahkeme, diziye verilen yay\u0131n ve \u00e7ekim yasa\u011f\u0131n\u0131 kald\u0131rd\u0131.<\/p>\n<p>T\u00fcm olanlar\u0131n akabinde &#8216;\u015eakir Pa\u015fa Ailesi&#8217; evvelki ak\u015fam yeni k\u0131sm\u0131yla izleyici kar\u015f\u0131s\u0131na \u00e7\u0131kt\u0131 ve yeni k\u0131s\u0131m fragman\u0131 yay\u0131nland\u0131. Lakin dizinin yeni k\u0131s\u0131m tan\u0131t\u0131m\u0131na tarih konulmamas\u0131 dikkat \u00e7ekti.<\/p>\n<p><img decoding=\"async\" src=\"https:\/\/ikimisli.tr\/wp-content\/uploads\/2025\/06\/sakir-pasa-ailesi-dizisi-uc-hafta-daha-yayinlanmayabilir-2-C5ZOm2wn.jpeg\"\/><\/p>\n<p>Gazeteci Birsen Altunta\u015f&#8217;\u0131n haberine nazaran, fragmanda yeni k\u0131s\u0131m i\u00e7in tarih verilmemesinin nedeni RT\u00dcK yasa\u011f\u0131n\u0131n NOW&#8217;a bildirim edilmesi oldu\u011fu ortaya \u00e7\u0131kt\u0131.<\/p>\n<p>NOW TV&#8217;nin bu hafta i\u00e7erisinde mahkemeden y\u00fcr\u00fctmeyi durdurma karar\u0131 almad\u0131\u011f\u0131 takdirde &#8216;\u015eakir Pa\u015fa Ailesi&#8217; 3 hafta daha ceza nedeniyle yay\u0131nlanmayacak.<\/p>\n","protected":false},"excerpt":{"rendered":"<p>\u015eakir Pa\u015fa&#8217;n\u0131n torunlar\u0131n\u0131n ald\u0131rd\u0131\u011f\u0131 \u00f6nlem karar\u0131 nedeniyle yasaklanan, ailenin davadan feragat etmesi \u00fczerine evvelki ak\u015fam tekrar seyirciyle bulu\u015fan &#8216;\u015eakir Pa\u015fa Ailesi&#8217; dizisi dizisi bu sefer de RT\u00dcK cezas\u0131 nedeniyle \u00fc\u00e7 hafta ekrana gelemeyebilir.<\/p>\n","protected":false},"author":1,"featured_media":51242,"comment_status":"open","ping_status":"open","sticky":false,"template":"","format":"standard","meta":{"footnotes":""},"categories":[27],"tags":[87,600,156],"class_list":["post-51241","post","type-post","status-publish","format-standard","has-post-thumbnail","hentry","category-magazin","tag-aile","tag-dizi","tag-yayin"],"_links":{"self":[{"href":"https:\/\/ikimisli.tr\/index.php\/wp-json\/wp\/v2\/posts\/51241","targetHints":{"allow":["GET"]}}],"collection":[{"href":"https:\/\/ikimisli.tr\/index.php\/wp-json\/wp\/v2\/posts"}],"about":[{"href":"https:\/\/ikimisli.tr\/index.php\/wp-json\/wp\/v2\/types\/post"}],"author":[{"embeddable":true,"href":"https:\/\/ikimisli.tr\/index.php\/wp-json\/wp\/v2\/users\/1"}],"replies":[{"embeddable":true,"href":"https:\/\/ikimisli.tr\/index.php\/wp-json\/wp\/v2\/comments?post=51241"}],"version-history":[{"count":1,"href":"https:\/\/ikimisli.tr\/index.php\/wp-json\/wp\/v2\/posts\/51241\/revisions"}],"predecessor-version":[{"id":51246,"href":"https:\/\/ikimisli.tr\/index.php\/wp-json\/wp\/v2\/posts\/51241\/revisions\/51246"}],"wp:featuredmedia":[{"embeddable":true,"href":"https:\/\/ikimisli.tr\/index.php\/wp-json\/wp\/v2\/media\/51242"}],"wp:attachment":[{"href":"https:\/\/ikimisli.tr\/index.php\/wp-json\/wp\/v2\/media?parent=51241"}],"wp:term":[{"taxonomy":"category","embeddable":true,"href":"https:\/\/ikimisli.tr\/index.php\/wp-json\/wp\/v2\/categories?post=51241"},{"taxonomy":"post_tag","embeddable":true,"href":"https:\/\/ikimisli.tr\/index.php\/wp-json\/wp\/v2\/tags?post=51241"}],"curies":[{"name":"wp","href":"https:\/\/api.w.org\/{rel}","templated":true}]}}