{"id":51412,"date":"2025-06-26T23:48:09","date_gmt":"2025-06-26T23:48:09","guid":{"rendered":"https:\/\/ikimisli.tr\/?p=51412"},"modified":"2025-06-26T23:48:09","modified_gmt":"2025-06-26T23:48:09","slug":"dilan-polat-ve-engin-polat-uyusturucu-testi-icin-sac-ornegi-verdi","status":"publish","type":"post","link":"https:\/\/ikimisli.tr\/index.php\/2025\/06\/26\/dilan-polat-ve-engin-polat-uyusturucu-testi-icin-sac-ornegi-verdi\/","title":{"rendered":"Dilan Polat ve Engin Polat, uyu\u015fturucu testi i\u00e7in sa\u00e7 \u00f6rne\u011fi verdi"},"content":{"rendered":"<p>Sosyal medya fenomeni Dilan Polat&#8217;\u0131n kaydetti\u011fi imgelerin akabinde \u0130stanbul Cumhuriyet Ba\u015fsavc\u0131l\u0131\u011f\u0131, ortalar\u0131nda Polat \u00e7iftinin de bulundu\u011fu 4 \u015f\u00fcpheliyi &#8220;uyu\u015fturucu husus sat\u0131n almak, bulundurmak yahut kullanmak&#8221; nedeniyle g\u00f6zalt\u0131na alm\u0131\u015ft\u0131.<\/p>\n<p>\u0130fadesi al\u0131nan isimler ilerleyen saatlerde h\u00fcr b\u0131rak\u0131l\u0131rken, gazeteci Emrullah Erdin\u00e7 bug\u00fcn Polat \u00e7iftinin \u0130simli T\u0131p Kurumu&#8217;na sa\u00e7 \u00f6rne\u011fi b\u0131rakt\u0131\u011f\u0131n\u0131 belirtti.\u00a0<\/p>\n<p><img decoding=\"async\" src=\"https:\/\/ikimisli.tr\/wp-content\/uploads\/2025\/06\/dilan-polat-ve-engin-polat-uyusturucu-testi-icin-sac-ornegi-verdi-0-svIEgssE.webp\"\/><\/p>\n<p><strong>UYU\u015eTURUCU TEST\u0130 \u0130\u00c7\u0130N \u00d6RNEK BIRAKTILAR\u00a0<\/strong><\/p>\n<p>Erdin\u00e7, toplumsal medya hesab\u0131ndan yapt\u0131\u011f\u0131 payla\u015f\u0131mda &#8220;Dilan Polat ve Engin Polat \u00e7ifti, haklar\u0131nda ortaya at\u0131lan uyu\u015fturucu kullan\u0131m\u0131 arg\u00fcman\u0131 kapsam\u0131nda \u0130simli T\u0131p Kurumu\u2019na giderek sa\u00e7 \u00f6rne\u011fi verdi.&#8221; tabirlerini kulland\u0131.\u00a0<\/p>\n","protected":false},"excerpt":{"rendered":"<p>D\u00fcn sabah saatlerinde  &#8220;uyu\u015fturucu unsur sat\u0131n almak, bulundurmak yahut kullanmak&#8221; ku\u015fkusuyla g\u00f6zalt\u0131na al\u0131nan Dilan Polat ve Engin Polat, s\u00fcre\u00e7lerin akabinde h\u00fcr b\u0131rak\u0131lm\u0131\u015ft\u0131. \u0130ki ismin bug\u00fcn \u0130simli T\u0131p Kurumu&#8217;na giderek sa\u00e7 \u00f6rne\u011fi verdi\u011fi \u00f6\u011frenildi.<\/p>\n","protected":false},"author":1,"featured_media":51413,"comment_status":"open","ping_status":"open","sticky":false,"template":"","format":"standard","meta":{"footnotes":""},"categories":[27],"tags":[1596],"class_list":["post-51412","post","type-post","status-publish","format-standard","has-post-thumbnail","hentry","category-magazin","tag-polat"],"_links":{"self":[{"href":"https:\/\/ikimisli.tr\/index.php\/wp-json\/wp\/v2\/posts\/51412","targetHints":{"allow":["GET"]}}],"collection":[{"href":"https:\/\/ikimisli.tr\/index.php\/wp-json\/wp\/v2\/posts"}],"about":[{"href":"https:\/\/ikimisli.tr\/index.php\/wp-json\/wp\/v2\/types\/post"}],"author":[{"embeddable":true,"href":"https:\/\/ikimisli.tr\/index.php\/wp-json\/wp\/v2\/users\/1"}],"replies":[{"embeddable":true,"href":"https:\/\/ikimisli.tr\/index.php\/wp-json\/wp\/v2\/comments?post=51412"}],"version-history":[{"count":1,"href":"https:\/\/ikimisli.tr\/index.php\/wp-json\/wp\/v2\/posts\/51412\/revisions"}],"predecessor-version":[{"id":51415,"href":"https:\/\/ikimisli.tr\/index.php\/wp-json\/wp\/v2\/posts\/51412\/revisions\/51415"}],"wp:featuredmedia":[{"embeddable":true,"href":"https:\/\/ikimisli.tr\/index.php\/wp-json\/wp\/v2\/media\/51413"}],"wp:attachment":[{"href":"https:\/\/ikimisli.tr\/index.php\/wp-json\/wp\/v2\/media?parent=51412"}],"wp:term":[{"taxonomy":"category","embeddable":true,"href":"https:\/\/ikimisli.tr\/index.php\/wp-json\/wp\/v2\/categories?post=51412"},{"taxonomy":"post_tag","embeddable":true,"href":"https:\/\/ikimisli.tr\/index.php\/wp-json\/wp\/v2\/tags?post=51412"}],"curies":[{"name":"wp","href":"https:\/\/api.w.org\/{rel}","templated":true}]}}