{"id":5151,"date":"2025-01-19T23:35:59","date_gmt":"2025-01-19T23:35:59","guid":{"rendered":"https:\/\/ikimisli.tr\/?p=5151"},"modified":"2025-01-19T23:35:59","modified_gmt":"2025-01-19T23:35:59","slug":"iktidar-tasarrufu-mudurluk-kapatarak-yapacak-mal-mudurlukleri-kapatiliyor","status":"publish","type":"post","link":"https:\/\/ikimisli.tr\/index.php\/2025\/01\/19\/iktidar-tasarrufu-mudurluk-kapatarak-yapacak-mal-mudurlukleri-kapatiliyor\/","title":{"rendered":"\u0130ktidar tasarrufu \u2018m\u00fcd\u00fcrl\u00fck\u2019 kapatarak yapacak! Mal M\u00fcd\u00fcrl\u00fckleri kapat\u0131l\u0131yor"},"content":{"rendered":"<p>Hazine ve Maliye Bakanl\u0131\u011f\u0131&#8217;na ba\u011fl\u0131 olan ve bir\u00e7ok il\u00e7ede hizmet veren mal m\u00fcd\u00fcrl\u00fcklerinin tasarruf \u00f6nlemleri kapsam\u0131nda kapat\u0131lmas\u0131na karar verildi. Bu kapsamdan Elaz\u0131\u011f\u2019\u0131n 14 bin n\u00fcfuslu il\u00e7esi olan Ar\u0131cak ve 18 bin n\u00fcfuslu Palu il\u00e7esinde de mal m\u00fcd\u00fcrl\u00fcklerinin kapat\u0131larak Kovanc\u0131lar il\u00e7esinde bulunan m\u00fcd\u00fcrl\u00fc\u011fe ba\u011flanmas\u0131 reaksiyon \u00e7ekti.<\/p>\n<p><b>\u201c\u0130KT\u0130DAR TASARRUFU YAPMI\u015e OLDU\u011eU \u0130SRAFTAN VAZGE\u00c7EREK YAPSIN\u201d<\/b><\/p>\n<p>Mal m\u00fcd\u00fcrl\u00fcklerinin kapat\u0131lmalar\u0131 durumunda hizmet verdi\u011fi il\u00e7elerde bir\u00e7ok vatanda\u015f\u0131n ma\u011fdur olaca\u011f\u0131n\u0131 belirten CHP Elaz\u0131\u011f Milletvekili G\u00fcrsel Erol, karar\u0131n tekrardan g\u00f6zden ge\u00e7irilmesi ikaz\u0131nda bulundu.<\/p>\n<p><img decoding=\"async\" src=\"https:\/\/ikimisli.tr\/wp-content\/uploads\/2025\/01\/iktidar-tasarrufu-mudurluk-kapatarak-yapacak-mal-mudurlukleri-kapatiliyor-0-Tk2YKRfU.jpeg\"\/><\/p>\n<p>Erol, yapt\u0131\u011f\u0131 a\u00e7\u0131klamada \u015fu s\u00f6zleri kulland\u0131;<\/p>\n<p>\u201cCHP Elaz\u0131\u011f Milletvekili G\u00fcrsel Erol: \u00dclkemizde ya\u015fanan ekonomik krizin faturas\u0131 maalesef vatanda\u015f\u0131m\u0131za kesiliyor. \u0130ktidar ekonomik krizin son bulmas\u0131 i\u00e7in israftan vazge\u00e7mesi gerekirken Hazine ve Maliye Bakanl\u0131\u011f\u0131na ba\u011fl\u0131 olan ve il\u00e7elerde bulunan mal m\u00fcd\u00fcrl\u00fcklerini kapatarak tasarruf yapmaya \u00e7al\u0131\u015f\u0131yor. Tasarruf \u00f6nlemleri m\u00fcnasebet g\u00f6sterilerek bir\u00e7ok kentte bulunan mal m\u00fcd\u00fcrl\u00fcklerinin kapat\u0131lmas\u0131na karar verildi. Elaz\u0131\u011f\u2019da ise Ar\u0131cak ve Palu il\u00e7emizde mal m\u00fcd\u00fcrl\u00fckleri kapat\u0131lacak. N\u00fcfusu 14 bin olan Ar\u0131cak\u2019\u0131n il\u00e7e stat\u00fcs\u00fc kazanmas\u0131ndan bu yana faaliyet g\u00f6steren mal m\u00fcd\u00fcrl\u00fc\u011f\u00fc binlerce vatanda\u015f\u0131m\u0131z\u0131n vezne ve muhasebe servisleri, tahakkuk tahsilat\u0131 \u00fczere hizmetlerini yerine getirmektedir. Mal m\u00fcd\u00fcrl\u00fcklerinin kapat\u0131lmas\u0131 durumunda vatanda\u015flar\u0131m\u0131z bu hizmetlerden 70 kilometre uzakl\u0131kta olan Kovac\u0131lar\u2019a gitmek zorunda kalacak. Ge\u00e7mi\u015f y\u0131llarda bir\u00e7ok devlet kurumunun il\u00e7eden kald\u0131r\u0131lmas\u0131 sonucunda kamu hizmetlerime eri\u015fim sorunu ya\u015fanm\u0131\u015ft\u0131r. Farkl\u0131 il\u00e7elere gitmek zorunda kalan il\u00e7e sakinlerimiz mal m\u00fcd\u00fcrl\u00fc\u011f\u00fcn\u00fcn de kapat\u0131lmas\u0131 sonucu tekrar bir ma\u011fduriyetle kar\u015f\u0131 kar\u015f\u0131ya kalacaklard\u0131r. \u0130ktidar\u0131n bu yanl\u0131\u015f karar\u0131n\u0131 tekrardan g\u00f6zden ge\u00e7irmesi ve tasarruf edilecekse kamu kurumlar\u0131n\u0131 kapatarak de\u011fil kendi israflar\u0131nda k\u0131s\u0131tlamaya gitmeleri konusunda teklifte bulunmak istiyorum. Devlet kurumlar\u0131n\u0131 kapatarak halk\u0131 ma\u011fdur etmek tasarruf de\u011fil halka eziyettir.\u201d<\/p>\n<p><img decoding=\"async\" src=\"https:\/\/ikimisli.tr\/wp-content\/uploads\/2025\/01\/iktidar-tasarrufu-mudurluk-kapatarak-yapacak-mal-mudurlukleri-kapatiliyor-1-JhpPDikR.jpeg\"\/><\/p>\n<p><img decoding=\"async\" src=\"https:\/\/ikimisli.tr\/wp-content\/uploads\/2025\/01\/iktidar-tasarrufu-mudurluk-kapatarak-yapacak-mal-mudurlukleri-kapatiliyor-2-c3Q3rr3h.jpeg\"\/><\/p>\n","protected":false},"excerpt":{"rendered":"<p>Tasarruf \u00d6nlemleri kapsam\u0131nda Hazine ve Maliye Bakanl\u0131\u011f\u0131na ba\u011fl\u0131 Mal M\u00fcd\u00fcrl\u00fcklerinin kapat\u0131lmas\u0131na karar verildi. Bu kapsamda Elaz\u0131\u011f\u2019\u0131n Ar\u0131cak ve Palu il\u00e7esinin vezne ve muhasebe servisleri, tahakkuk tahsilat, ulusal emlak ve muhakemat servislerinden olu\u015fan mal m\u00fcd\u00fcrl\u00fcklerinin kapat\u0131lmas\u0131na karar verildi.<\/p>\n","protected":false},"author":1,"featured_media":5152,"comment_status":"open","ping_status":"open","sticky":false,"template":"","format":"standard","meta":{"footnotes":""},"categories":[25],"tags":[799,1402,1401],"class_list":["post-5151","post","type-post","status-publish","format-standard","has-post-thumbnail","hentry","category-gundem","tag-hizmet","tag-mal","tag-tasarruf"],"_links":{"self":[{"href":"https:\/\/ikimisli.tr\/index.php\/wp-json\/wp\/v2\/posts\/5151","targetHints":{"allow":["GET"]}}],"collection":[{"href":"https:\/\/ikimisli.tr\/index.php\/wp-json\/wp\/v2\/posts"}],"about":[{"href":"https:\/\/ikimisli.tr\/index.php\/wp-json\/wp\/v2\/types\/post"}],"author":[{"embeddable":true,"href":"https:\/\/ikimisli.tr\/index.php\/wp-json\/wp\/v2\/users\/1"}],"replies":[{"embeddable":true,"href":"https:\/\/ikimisli.tr\/index.php\/wp-json\/wp\/v2\/comments?post=5151"}],"version-history":[{"count":1,"href":"https:\/\/ikimisli.tr\/index.php\/wp-json\/wp\/v2\/posts\/5151\/revisions"}],"predecessor-version":[{"id":5156,"href":"https:\/\/ikimisli.tr\/index.php\/wp-json\/wp\/v2\/posts\/5151\/revisions\/5156"}],"wp:featuredmedia":[{"embeddable":true,"href":"https:\/\/ikimisli.tr\/index.php\/wp-json\/wp\/v2\/media\/5152"}],"wp:attachment":[{"href":"https:\/\/ikimisli.tr\/index.php\/wp-json\/wp\/v2\/media?parent=5151"}],"wp:term":[{"taxonomy":"category","embeddable":true,"href":"https:\/\/ikimisli.tr\/index.php\/wp-json\/wp\/v2\/categories?post=5151"},{"taxonomy":"post_tag","embeddable":true,"href":"https:\/\/ikimisli.tr\/index.php\/wp-json\/wp\/v2\/tags?post=5151"}],"curies":[{"name":"wp","href":"https:\/\/api.w.org\/{rel}","templated":true}]}}