{"id":51562,"date":"2025-06-27T08:48:13","date_gmt":"2025-06-27T08:48:13","guid":{"rendered":"https:\/\/ikimisli.tr\/?p=51562"},"modified":"2025-06-27T08:48:13","modified_gmt":"2025-06-27T08:48:13","slug":"dunya-yaban-hayati-gununde-nesli-tehlike-altinda-olan-tepeli-pelikani-oldurduler","status":"publish","type":"post","link":"https:\/\/ikimisli.tr\/index.php\/2025\/06\/27\/dunya-yaban-hayati-gununde-nesli-tehlike-altinda-olan-tepeli-pelikani-oldurduler\/","title":{"rendered":"D\u00fcnya yaban hayat\u0131 g\u00fcn\u00fcnde nesli tehlike alt\u0131nda olan &#8216;Tepeli Pelikan&#8217;\u0131 \u00f6ld\u00fcrd\u00fcler"},"content":{"rendered":"<p>Ayd\u0131n\u2019\u0131n S\u00f6ke il\u00e7esinde D\u00fcnya Yaban Hayat\u0131 G\u00fcn\u00fc nedeniyle inceleme yapan ve ihbar \u00fczerine Mendeers \u0131rma\u011f\u0131ndaki Sar\u0131kemer k\u00f6pr\u00fcs\u00fcne gidin Ekosistemi M\u00fcdafaa ve Do\u011fan sevenler Derne\u011fi Ba\u015fkan\u0131 Bahattin S\u00fcr\u00fcc\u00fc koruma alt\u0131ndaki doruklu pelikan\u0131n \u00f6ld\u00fcr\u00fcld\u00fc\u011f\u00fcn\u00fc g\u00f6rd\u00fc.<\/p>\n<p><img decoding=\"async\" src=\"https:\/\/ikimisli.tr\/wp-content\/uploads\/2025\/06\/dunya-yaban-hayati-gununde-nesli-tehlike-altinda-olan-tepeli-pelikani-oldurduler-0-UIp8MR2p.jpg\"\/><\/p>\n<p><b>NESL\u0130 TEHL\u0130KE ALTINDA OLAN PEL\u0130KANI \u00d6LD\u00dcRD\u00dcLER<\/b><\/p>\n<p>S\u00fcr\u00fcc\u00fc yapt\u0131\u011f\u0131 a\u00e7\u0131klamada \u201cNehir k\u0131y\u0131s\u0131ndan ald\u0131\u011f\u0131m\u0131z ku\u015fun jenerasyonu tehlike alt\u0131nda bulunan Zirveli Pelikan (Pelicanus crispus) oldu\u011funu tespit ettik.Sol kanat alt\u0131nda geni\u015f bir delik bi\u00e7iminde bir yaran\u0131n oldu\u011funu, muhtemelen berbat niyetli bir ki\u015fi taraf\u0131ndan yak\u0131n uzakl\u0131ktan u\u00e7arken vuruldu\u011funu d\u00fc\u015f\u00fcn\u00fcyoruz. Bu bahiste Tabiat Muhafaza ve Ulusal Parklara bilgi verdik.Pelikanlar bir\u00e7ok vakit deltadan kilometrelerce i\u00e7eriye S\u00f6ke Ovas\u0131\u2019ndaki azmaklara, Menderese ve en \u00e7ok tercih etti\u011fi sulak alanlardan biri olan Azap G\u00f6l\u00fcne gittikleri g\u00f6r\u00fclmektedir\u201d s\u00f6zlerini kulland\u0131.<\/p>\n<p><img decoding=\"async\" src=\"https:\/\/ikimisli.tr\/wp-content\/uploads\/2025\/06\/dunya-yaban-hayati-gununde-nesli-tehlike-altinda-olan-tepeli-pelikani-oldurduler-1-BFLhCBiQ.jpg\"\/><\/p>\n<p><b>TEPEL\u0130 PEL\u0130KANI T\u00dcRK\u0130YE\u2019DE KORUMAYAMAZSAK D\u00dcNYADA KORUYAMAYIZ<\/b><\/p>\n<p>EKODOSD bilim dan\u0131\u015fman\u0131 \u00fcyesi Ege \u00dcniversitesi Fen Fak\u00fcltesi Biyoloji K\u0131sm\u0131 \u00d6\u011fretim \u00fcyesi Do\u00e7. Dr. Orta\u00e7 Onmu\u015f ise \u201cTepeli Pelikan (Pelicanus crispus) ku\u015fa\u011f\u0131 tehlike alt\u0131nda bir ku\u015f tipi olup, t\u0131bb\u0131n t\u00fcm Avrupa, Afrika ve Orta Do\u011fu\u2019da ya\u015fayan pop\u00fclasyonunun yakla\u015f\u0131k 4\u2019te 1\u2019i \u00fclkemizde \u00fcremekte ve t\u00fcm bu co\u011frafyada ya\u015fayan bireylerin yar\u0131s\u0131 T\u00fcrkiye\u2019de k\u0131\u015flamaktad\u0131r. Bu nedenle Zirveli Pelikan\u0131 T\u00fcrkiye\u2019de korumazsak d\u00fcnyada da koruyamay\u0131z. Bu k\u0131ymetli ku\u015f tipi B\u00fcy\u00fck Menderes Deltas\u0131\u2019n\u0131 \u00fcreme, bar\u0131nma ve beslenme, B\u00fcy\u00fck Menderes Irma\u011f\u0131, azmaklar\u0131, Bafa ve Azap G\u00f6llerini beslenme maksad\u0131yla kullanmaktad\u0131r. Doruklu Pelikan tabiat muhafaza i\u00e7in bayrak \u00e7e\u015fit say\u0131lan ender ku\u015flar\u0131n ba\u015f\u0131nda gelip, bu \u00e7e\u015fit \u00fczerine yap\u0131lacak her t\u00fcrl\u00fc m\u00fcdafaa \u00e7al\u0131\u015fmalar\u0131 \u00fclkemizin milletleraras\u0131 \u00f6l\u00e7ekte sayg\u0131nl\u0131k kazand\u0131raca\u011f\u0131, \u00f6b\u00fcr taraftan mak\u00fbs olaylar\u0131n ise olumsuz olaca\u011f\u0131 ku\u015fkusuzdur. Zirveli Pelikanlar ku\u015f g\u00f6zlemcileri i\u00e7in \u00e7ok de\u011ferli bir ku\u015f tipidir. D\u00fcnyada bir panday\u0131 g\u00f6rmekle, bir ku\u015f g\u00f6zlemcisinin bir pelikan\u0131 g\u00f6rmesi muadildir. Zirveli Pelikanlar\u0131n korunmas\u0131 zaruridir, bu hususta herkes gerekli hassasl\u0131\u011f\u0131 g\u00f6stermelidir.\u201d dedi.<\/p>\n","protected":false},"excerpt":{"rendered":"<p>Ayd\u0131n\u2019\u0131n S\u00f6ke il\u00e7esinde D\u00fcnya Yaban Hayat\u0131 G\u00fcn\u00fc nedeniyle inceleme yapan tabiat g\u00f6n\u00fcll\u00fcleri bir zirveli pelikan\u0131n vurularak \u00f6ld\u00fcr\u00fcld\u00fc\u011f\u00fcn\u00fc tespit etti.<\/p>\n","protected":false},"author":1,"featured_media":51563,"comment_status":"open","ping_status":"open","sticky":false,"template":"","format":"standard","meta":{"footnotes":""},"categories":[25],"tags":[840,109,7166,856],"class_list":["post-51562","post","type-post","status-publish","format-standard","has-post-thumbnail","hentry","category-gundem","tag-koruma","tag-kus","tag-tepeli-pelikan","tag-tur"],"_links":{"self":[{"href":"https:\/\/ikimisli.tr\/index.php\/wp-json\/wp\/v2\/posts\/51562","targetHints":{"allow":["GET"]}}],"collection":[{"href":"https:\/\/ikimisli.tr\/index.php\/wp-json\/wp\/v2\/posts"}],"about":[{"href":"https:\/\/ikimisli.tr\/index.php\/wp-json\/wp\/v2\/types\/post"}],"author":[{"embeddable":true,"href":"https:\/\/ikimisli.tr\/index.php\/wp-json\/wp\/v2\/users\/1"}],"replies":[{"embeddable":true,"href":"https:\/\/ikimisli.tr\/index.php\/wp-json\/wp\/v2\/comments?post=51562"}],"version-history":[{"count":1,"href":"https:\/\/ikimisli.tr\/index.php\/wp-json\/wp\/v2\/posts\/51562\/revisions"}],"predecessor-version":[{"id":51566,"href":"https:\/\/ikimisli.tr\/index.php\/wp-json\/wp\/v2\/posts\/51562\/revisions\/51566"}],"wp:featuredmedia":[{"embeddable":true,"href":"https:\/\/ikimisli.tr\/index.php\/wp-json\/wp\/v2\/media\/51563"}],"wp:attachment":[{"href":"https:\/\/ikimisli.tr\/index.php\/wp-json\/wp\/v2\/media?parent=51562"}],"wp:term":[{"taxonomy":"category","embeddable":true,"href":"https:\/\/ikimisli.tr\/index.php\/wp-json\/wp\/v2\/categories?post=51562"},{"taxonomy":"post_tag","embeddable":true,"href":"https:\/\/ikimisli.tr\/index.php\/wp-json\/wp\/v2\/tags?post=51562"}],"curies":[{"name":"wp","href":"https:\/\/api.w.org\/{rel}","templated":true}]}}