{"id":51716,"date":"2025-06-27T17:36:07","date_gmt":"2025-06-27T17:36:07","guid":{"rendered":"https:\/\/ikimisli.tr\/?p=51716"},"modified":"2025-06-27T17:36:07","modified_gmt":"2025-06-27T17:36:07","slug":"suriye-uzerinden-turkiyeye-giris-yapacak-goz-gozu-gormeyecek","status":"publish","type":"post","link":"https:\/\/ikimisli.tr\/index.php\/2025\/06\/27\/suriye-uzerinden-turkiyeye-giris-yapacak-goz-gozu-gormeyecek\/","title":{"rendered":"Suriye \u00fczerinden T\u00fcrkiye&#8217;ye giri\u015f yapacak g\u00f6z g\u00f6z\u00fc g\u00f6rmeyecek"},"content":{"rendered":"<p>\u00a0<\/p>\n<p>\u00a0<\/p>\n<p>Meteoroloji Genel M\u00fcd\u00fcrl\u00fc\u011f\u00fc, T\u00fcrkiye\u2019nin g\u00fcneydo\u011fu b\u00f6l\u00fcmlerinde tesirli olmas\u0131 beklenen a\u011f\u0131r toz ta\u015f\u0131n\u0131m\u0131na kar\u015f\u0131 vatanda\u015flar\u0131 uyard\u0131. Suriye \u00fczerinden giri\u015f yapacak toz k\u00fctlesinin, 3 g\u00fcn boyunca b\u00f6lgede tesirini s\u00fcrd\u00fcrece\u011fi iddia ediliyor. Uzmanlar, bu durumun hava kalitesini d\u00fc\u015f\u00fcrebilece\u011fini ve s\u0131hhat meselelerine yol a\u00e7abilece\u011fini belirtiyor.<\/p>\n<p><b>Hava S\u0131cakl\u0131klar\u0131 Art\u0131yor<\/b><\/p>\n<p>\u00d6zellikle Adana ve etraf\u0131nda s\u0131cakl\u0131klar\u0131n 27 dereceye kadar y\u00fckselmesi beklenirken, hava s\u0131cakl\u0131klar\u0131n\u0131n \u00fclke genelinde mevsim normallerinin 4-8 derece \u00fczerinde seyredece\u011fi \u00f6ng\u00f6r\u00fcl\u00fcyor. R\u00fczgar\u0131n Marmara\u2019n\u0131n g\u00fcneybat\u0131s\u0131 ve Ege k\u0131y\u0131lar\u0131nda kuzey istikametlerden kuvvetli (30-60 km\/sa) esmesi bekleniyor.<\/p>\n<p><b>Toz Ta\u015f\u0131n\u0131m\u0131 ve \u00c7\u0131\u011f Tehlikesi Uyar\u0131s\u0131<\/b><\/p>\n<p>Meteoroloji, toz ta\u015f\u0131n\u0131m\u0131n\u0131n bilhassa G\u00fcneydo\u011fu Anadolu ve Do\u011fu Anadolu&#8217;nun birtak\u0131m k\u0131s\u0131mlar\u0131nda a\u011f\u0131r olabilece\u011fini belirterek, teneff\u00fcs yolu hastal\u0131\u011f\u0131 olanlar\u0131n dikkatli olmas\u0131 gerekti\u011fini vurgulad\u0131. \u00d6te yandan, Do\u011fu Karadeniz ve Do\u011fu Anadolu\u2019da y\u00fcksek kar \u00f6rt\u00fcs\u00fc nedeniyle \u00e7\u0131\u011f riskinin bulundu\u011fu tabir edilerek, vatanda\u015flar\u0131n \u00f6nlemli olmas\u0131 istendi.<\/p>\n<p><b>B\u00f6lgelere Nazaran Hava Durumu<\/b><\/p>\n<p>Marmara: Mod\u00fcll\u00fc ve yer yer \u00e7ok bulutlu. B\u00f6lgenin g\u00fcneybat\u0131s\u0131nda r\u00fczgar\u0131n kuzey istikametlerden kuvvetli esmesi bekleniyor. Sabah ve gece saatlerinde pus ve yer yer sis g\u00f6r\u00fclebilir.<\/p>\n<p>Ege: Mod\u00fcll\u00fc ve az bulutlu. K\u0131y\u0131 kesitlerinde r\u00fczgar\u0131n kuzey istikametlerden yer yer kuvvetli esmesi bekleniyor.<\/p>\n<p>Akdeniz: Mod\u00fcll\u00fc bulutlu. \u0130\u00e7 k\u0131s\u0131mlarda sabah ve gece saatlerinde pus ve sis bekleniyor.<\/p>\n<p>\u0130\u00e7 Anadolu: Kesimli ve az bulutlu. Sabah ve gece saatlerinde pus ve yer yer sis g\u00f6r\u00fclebilir.<\/p>\n<p>Karadeniz: Mod\u00fcll\u00fc ve \u00e7ok bulutlu. Do\u011fu Karadeniz\u2019de y\u00fcksek k\u0131s\u0131mlarda \u00e7\u0131\u011f tehlikesi bulunuyor.<\/p>\n<p>Do\u011fu Anadolu: Kesimli ve \u00e7ok bulutlu. Sabah saatlerinde b\u00f6lgenin kuzeyinde hafif karla kar\u0131\u015f\u0131k ya\u011fmur ve kar ya\u011f\u0131\u015f\u0131 bekleniyor.<\/p>\n<p>G\u00fcneydo\u011fu Anadolu: Mod\u00fcll\u00fc ve yer yer \u00e7ok bulutlu. B\u00f6lge genelinde toz ta\u015f\u0131n\u0131m\u0131 tesirli olacak.<\/p>\n<p>Meteoroloji yetkilileri, bilhassa kronik teneff\u00fcs rahats\u0131zl\u0131\u011f\u0131 bulunan \u015fah\u0131slar\u0131n d\u0131\u015far\u0131 \u00e7\u0131karken maske takmalar\u0131n\u0131 \u00f6neriyor.<\/p>\n","protected":false},"excerpt":{"rendered":"<p>Bug\u00fcnden itibaren \u00fclkemize Suriye&#8217;den a\u011f\u0131r bir toz giri\u015fi ger\u00e7ekle\u015fecek. 3 g\u00fcn boyunca toz tesiri g\u00f6r\u00fclecek. Meteoroloji, yurdun g\u00fcneydo\u011fu k\u0131s\u0131mlar\u0131nda toz ta\u015f\u0131n\u0131m\u0131 g\u00f6r\u00fclece\u011fi kestirim edildi\u011finden ya\u015fanabilecek aksiliklere kar\u015f\u0131 vatanda\u015f\u0131 uyard\u0131.<\/p>\n","protected":false},"author":1,"featured_media":51717,"comment_status":"open","ping_status":"open","sticky":false,"template":"","format":"standard","meta":{"footnotes":""},"categories":[25],"tags":[2827,1655,909,89,379],"class_list":["post-51716","post","type-post","status-publish","format-standard","has-post-thumbnail","hentry","category-gundem","tag-anadolu","tag-bolge","tag-dogu","tag-gun","tag-kar"],"_links":{"self":[{"href":"https:\/\/ikimisli.tr\/index.php\/wp-json\/wp\/v2\/posts\/51716","targetHints":{"allow":["GET"]}}],"collection":[{"href":"https:\/\/ikimisli.tr\/index.php\/wp-json\/wp\/v2\/posts"}],"about":[{"href":"https:\/\/ikimisli.tr\/index.php\/wp-json\/wp\/v2\/types\/post"}],"author":[{"embeddable":true,"href":"https:\/\/ikimisli.tr\/index.php\/wp-json\/wp\/v2\/users\/1"}],"replies":[{"embeddable":true,"href":"https:\/\/ikimisli.tr\/index.php\/wp-json\/wp\/v2\/comments?post=51716"}],"version-history":[{"count":1,"href":"https:\/\/ikimisli.tr\/index.php\/wp-json\/wp\/v2\/posts\/51716\/revisions"}],"predecessor-version":[{"id":51718,"href":"https:\/\/ikimisli.tr\/index.php\/wp-json\/wp\/v2\/posts\/51716\/revisions\/51718"}],"wp:featuredmedia":[{"embeddable":true,"href":"https:\/\/ikimisli.tr\/index.php\/wp-json\/wp\/v2\/media\/51717"}],"wp:attachment":[{"href":"https:\/\/ikimisli.tr\/index.php\/wp-json\/wp\/v2\/media?parent=51716"}],"wp:term":[{"taxonomy":"category","embeddable":true,"href":"https:\/\/ikimisli.tr\/index.php\/wp-json\/wp\/v2\/categories?post=51716"},{"taxonomy":"post_tag","embeddable":true,"href":"https:\/\/ikimisli.tr\/index.php\/wp-json\/wp\/v2\/tags?post=51716"}],"curies":[{"name":"wp","href":"https:\/\/api.w.org\/{rel}","templated":true}]}}