{"id":51815,"date":"2025-06-27T23:36:07","date_gmt":"2025-06-27T23:36:07","guid":{"rendered":"https:\/\/ikimisli.tr\/?p=51815"},"modified":"2025-06-27T23:36:07","modified_gmt":"2025-06-27T23:36:07","slug":"istanbula-bahar-geliyor-uzman-isim-o-tarihi-isaret-etti","status":"publish","type":"post","link":"https:\/\/ikimisli.tr\/index.php\/2025\/06\/27\/istanbula-bahar-geliyor-uzman-isim-o-tarihi-isaret-etti\/","title":{"rendered":"\u0130stanbul&#8217;a bahar geliyor! Uzman isim o tarihi i\u015faret etti"},"content":{"rendered":"<p>\u0130stanbul Ayd\u0131n \u00dcniversitesi Dr. \u00d6\u011fretim \u00dcyesi ve Meteoroloji M\u00fchendisi \u0130timat \u00d6zdemir, \u0130stanbul&#8217;daki hava \u015fartlar\u0131nda k\u0131ymetli de\u011fi\u015fiklikler ya\u015fanaca\u011f\u0131n\u0131 belirterek, kentteki s\u0131cakl\u0131klar\u0131n y\u00fckselmeye ba\u015flayaca\u011f\u0131n\u0131 ve bahar havas\u0131n\u0131n tesirini g\u00f6stermeye ba\u015flayaca\u011f\u0131n\u0131 a\u00e7\u0131klad\u0131.<\/p>\n<p>\u00d6zdemir, yapt\u0131\u011f\u0131 a\u00e7\u0131klamada, \u0130stanbul\u2019da son iki g\u00fcnd\u00fcr tesirli olan so\u011fuk ve ya\u011f\u0131\u015fl\u0131 havan\u0131n akabinde, b\u00f6lgeye giren al\u00e7ak bas\u0131n\u00e7 ve cephe sisteminin tesirinin sona erdi\u011fini belirtti. Bug\u00fcnden itibaren hava s\u0131cakl\u0131klar\u0131n\u0131n artaca\u011f\u0131n\u0131 s\u00f6z eden \u00d6zdemir, gece s\u0131cakl\u0131klar\u0131n\u0131n 4 derece civar\u0131na, g\u00fcnd\u00fcz s\u0131cakl\u0131klar\u0131n\u0131n ise 10 dereceye \u00e7\u0131kaca\u011f\u0131n\u0131 belirtti. \u00d6zdemir, \u00c7ar\u015famba g\u00fcn\u00fcnden itibaren g\u00fcne\u015fin tesirini art\u0131rmas\u0131yla, hafta sonuna kadar s\u0131cakl\u0131klar\u0131n 15 dereceye kadar y\u00fckselece\u011fini vurgulad\u0131. \u0130stanbul&#8217;da, bu s\u00fcre\u00e7te bahar havas\u0131n\u0131n ya\u015fanaca\u011f\u0131 \u00f6ng\u00f6r\u00fcl\u00fcyor.<\/p>\n<p><b><strong>GECE VE G\u00dcND\u00dcZ ORTASINDAK\u0130 FARK ARTACAK<\/strong><\/b><\/p>\n<p>Hava s\u0131cakl\u0131klar\u0131n\u0131n artmas\u0131na kar\u015f\u0131n gece ve g\u00fcnd\u00fcz ortas\u0131ndaki s\u0131cakl\u0131k fark\u0131n\u0131n bariz olaca\u011f\u0131na dikkat \u00e7eken \u00d6zdemir, \u201cHavan\u0131n a\u00e7\u0131k olmas\u0131 nedeniyle radyasyonla \u0131s\u0131 kayb\u0131 artacak. Bu da gece s\u0131cakl\u0131klar\u0131n\u0131n d\u00fc\u015f\u00fck, g\u00fcnd\u00fcz s\u0131cakl\u0131klar\u0131n\u0131n y\u00fcksek olmas\u0131na neden olacak. Bilhassa a\u00e7\u0131k havalarda s\u0131cakl\u0131k fark\u0131 10 dereceyi bulabilir. Vatanda\u015flar\u0131m\u0131z\u0131n ani s\u0131cakl\u0131k de\u011fi\u015fimlerine kar\u015f\u0131 dikkatli olmas\u0131 gerekiyor,\u201d diye konu\u015ftu.<\/p>\n<p><b>MART SONUNA YANLI\u015eSIZ TEKRAR SO\u011eUK HAVA TES\u0130RL\u0130 OLACAK<\/b><\/p>\n<p>\u00d6zdemir, \u0130stanbul&#8217;da bug\u00fcn ve yar\u0131n kuzey istikametli r\u00fczgarlar\u0131n tesirli olaca\u011f\u0131n\u0131 belirterek, &#8220;R\u00fczgar surat\u0131n\u0131n 30 ila 50 kilometre\/saat d\u00fczeylerine ula\u015fmas\u0131 bekleniyor. Bu nedenle bilhassa deniz ula\u015f\u0131m\u0131nda aksamalara kar\u015f\u0131 dikkatli olunmal\u0131.&#8221; ihtar\u0131nda bulundu.<\/p>\n<p>\u0130lerleyen g\u00fcnlerde Orta Avrupa \u00fczerinden gelen y\u00fcksek bas\u0131n\u00e7 sisteminin tesirli olaca\u011f\u0131n\u0131 ve bu durumun r\u00fczgar\u0131n zay\u0131flad\u0131\u011f\u0131 b\u00f6lgelerde hava kirlili\u011fini art\u0131rabilece\u011fini aktaran \u00d6zdemir, &#8220;E\u011fer r\u00fczgar \u0130stanbul&#8217;da hafiflerse, bilhassa trafi\u011fin a\u011f\u0131r oldu\u011fu saatlerde hava kirlili\u011fi bariz hale gelebilir. Teneff\u00fcs rahats\u0131zl\u0131\u011f\u0131 olan bireyler \u00f6nlem almal\u0131.&#8221; s\u00f6zlerini kulland\u0131.<\/p>\n<p>\u00d6zdemir, mart ay\u0131n\u0131n ikinci yar\u0131s\u0131nda \u0130stanbul&#8217;da s\u0131cakl\u0131klar\u0131n tekrar d\u00fc\u015febilece\u011fini kaydetti.<\/p>\n<p>Mart\u0131n sonlar\u0131na ger\u00e7ek s\u0131cakl\u0131k dalgalanmalar\u0131 ya\u015fanaca\u011f\u0131n\u0131 aktaran \u00d6zdemir, \u015funlar\u0131 lisana getirdi:<\/p>\n<p>Ge\u00e7ici so\u011fuma dalgalar\u0131 ve ya\u011f\u0131\u015f ge\u00e7i\u015fleri g\u00f6r\u00fclebilir. \u0130lkbahar\u0131n birinci ay\u0131 olan mart ay\u0131nda \u0131l\u0131k hava ve so\u011fuk havan\u0131n yan\u0131 s\u0131ra ya\u011f\u0131\u015fl\u0131 hava tesirli olurken Do\u011fu Anadolu ve y\u00fcksek b\u00f6l\u00fcmlerde aral\u0131kl\u0131 da olsa kar ya\u011f\u0131\u015flar\u0131 ihtimali var. G\u00fcnlerin uzamas\u0131 ve g\u00fcne\u015flenme \u00f6l\u00e7\u00fcs\u00fcn\u00fcn artmas\u0131 ile s\u0131cakl\u0131klar mevsim normallerine ula\u015facakt\u0131r. Y\u00fcksek bas\u0131nc\u0131n tesirli oldu\u011fu g\u00fcnlerde sis, pus ve don olaylar\u0131na, kar\u0131n a\u011f\u0131r ya\u011fd\u0131\u011f\u0131 b\u00f6lgelerde \u00e7\u0131\u011f d\u00fc\u015fmesine dikkat edilmelidir.&#8221;\u00a0\u00a0<\/p>\n","protected":false},"excerpt":{"rendered":"<p>\u0130stanbul Ayd\u0131n \u00dcniversitesi Dr. \u00d6\u011fretim \u00dcyesi ve Meteoroloji M\u00fchendisi \u0130nan\u00e7 \u00d6zdemir, \u0130stanbul&#8217;da bug\u00fcnden itibaren hava s\u0131cakl\u0131klar\u0131n\u0131n y\u00fckselmeye ba\u015flayaca\u011f\u0131n\u0131 aktard\u0131. \u00d6zdemir, &#8220;Gece s\u0131cakl\u0131klar\u0131 4 derece civar\u0131nda, g\u00fcnd\u00fcz s\u0131cakl\u0131klar\u0131 ise 10 derece d\u00fczeylerinde olacak. \u00c7ar\u015famba g\u00fcn\u00fcnden itibaren g\u00fcne\u015fin tesirini art\u0131rmas\u0131yla s\u0131cakl\u0131klar hafta sonuna kadar kademeli olarak 15 dereceye kadar y\u00fckselecek. \u0130stanbul&#8217;a bahar havas\u0131 gelecek.&#8221; dedi.<\/p>\n","protected":false},"author":1,"featured_media":51816,"comment_status":"open","ping_status":"open","sticky":false,"template":"","format":"standard","meta":{"footnotes":""},"categories":[25],"tags":[3555,161,380,204,669],"class_list":["post-51815","post","type-post","status-publish","format-standard","has-post-thumbnail","hentry","category-gundem","tag-etkili","tag-hava","tag-istanbul","tag-ozdemir","tag-sicaklik"],"_links":{"self":[{"href":"https:\/\/ikimisli.tr\/index.php\/wp-json\/wp\/v2\/posts\/51815","targetHints":{"allow":["GET"]}}],"collection":[{"href":"https:\/\/ikimisli.tr\/index.php\/wp-json\/wp\/v2\/posts"}],"about":[{"href":"https:\/\/ikimisli.tr\/index.php\/wp-json\/wp\/v2\/types\/post"}],"author":[{"embeddable":true,"href":"https:\/\/ikimisli.tr\/index.php\/wp-json\/wp\/v2\/users\/1"}],"replies":[{"embeddable":true,"href":"https:\/\/ikimisli.tr\/index.php\/wp-json\/wp\/v2\/comments?post=51815"}],"version-history":[{"count":1,"href":"https:\/\/ikimisli.tr\/index.php\/wp-json\/wp\/v2\/posts\/51815\/revisions"}],"predecessor-version":[{"id":51817,"href":"https:\/\/ikimisli.tr\/index.php\/wp-json\/wp\/v2\/posts\/51815\/revisions\/51817"}],"wp:featuredmedia":[{"embeddable":true,"href":"https:\/\/ikimisli.tr\/index.php\/wp-json\/wp\/v2\/media\/51816"}],"wp:attachment":[{"href":"https:\/\/ikimisli.tr\/index.php\/wp-json\/wp\/v2\/media?parent=51815"}],"wp:term":[{"taxonomy":"category","embeddable":true,"href":"https:\/\/ikimisli.tr\/index.php\/wp-json\/wp\/v2\/categories?post=51815"},{"taxonomy":"post_tag","embeddable":true,"href":"https:\/\/ikimisli.tr\/index.php\/wp-json\/wp\/v2\/tags?post=51815"}],"curies":[{"name":"wp","href":"https:\/\/api.w.org\/{rel}","templated":true}]}}