{"id":52037,"date":"2025-06-28T11:48:07","date_gmt":"2025-06-28T11:48:07","guid":{"rendered":"https:\/\/ikimisli.tr\/?p=52037"},"modified":"2025-06-28T11:48:07","modified_gmt":"2025-06-28T11:48:07","slug":"iskiye-2-milyon-674-bin-708-tl-ceza-kesildi","status":"publish","type":"post","link":"https:\/\/ikimisli.tr\/index.php\/2025\/06\/28\/iskiye-2-milyon-674-bin-708-tl-ceza-kesildi\/","title":{"rendered":"\u0130SK\u0130\u2019ye 2 milyon 674 bin 708 TL ceza kesildi"},"content":{"rendered":"<div>\n<p>\u00c7evre, \u015eehircilik ve \u0130klim De\u011fi\u015fikli\u011fi Bakanl\u0131\u011f\u0131\u2019ndan yap\u0131lan a\u00e7\u0131klamaya nazaran, Bakanl\u0131k gruplar\u0131 \u00dcsk\u00fcdar\u2019daki Kuleli Askeri Lisesi \u00f6n\u00fcnden Marmara Denizi\u2019ne evsel at\u0131k su de\u015farj\u0131 yapan\u00a0\u0130SK\u0130\u2019ye idari para cezas\u0131 uygulad\u0131.<\/p>\n<p>Bakanl\u0131k taraf\u0131ndan yap\u0131lan a\u00e7\u0131klamada, \u015funlar kaydedildi:<\/p>\n<p>&#8221;Bakanl\u0131k gruplar\u0131 23 \u015eubat\u2019ta ger\u00e7ekle\u015ftirdi\u011fi kontrolde, Kuleli Askeri Lisesi \u00f6n\u00fcnden denize evsel at\u0131k suyun de\u015farj edildi\u011fini belirledi. \u00d6zel Etraf Muhafaza B\u00f6lgesi (\u00d6\u00c7K) olan Marmara Denizi\u2019nin taban noktas\u0131na d\u00f6k\u00fclen at\u0131k suyun kahverengi oldu\u011fu ve k\u00f6p\u00fcklendi\u011fi g\u00f6r\u00fcld\u00fc. At\u0131k su numunesinin tahlili sonucu \u2018ask\u0131da kat\u0131 madde\u2019, \u2018biyokimyasal oksijen ihtiyac\u0131\u2019 ve \u2018toplam azot parametrelerinin\u2019 hudut k\u0131ymetleri a\u015ft\u0131\u011f\u0131 tespit edildi. Birebir ihlalin 2. defa ger\u00e7ekle\u015fmesi nedeniyle \u00c7evre Kanunu gere\u011fi 2 kat\u0131 yapt\u0131r\u0131m uygulanarak 2 milyon 674 bin 708 TL idari ceza kesildi.<\/p>\n<p>Bakanl\u0131k tak\u0131mlar\u0131 12 Ocak\u2019ta da t\u0131pk\u0131 noktada ihbar \u00fczerine yapt\u0131klar\u0131 kontrolde i\u00e7inde kanalizasyon ve besin at\u0131klar\u0131 bulunan at\u0131k su de\u015farj\u0131yla ilgili \u0130SK\u0130\u2019ye \u20182872 say\u0131l\u0131 Etraf Kanunu\u2019nun \u00a08. maddesine\u2019\u00a0istinaden 1 milyon 337 bin 354 TL idari ceza uygulam\u0131\u015ft\u0131.&#8221;<\/p>\n<\/p><\/div>\n<div>\n<div>\n<div>\u00a0<\/div>\n<\/p><\/div>\n<\/p><\/div>\n","protected":false},"excerpt":{"rendered":"<p>Etraf, \u015eehircilik ve \u0130klim De\u011fi\u015fikli\u011fi Bakanl\u0131\u011f\u0131, \u0130stanbul B\u00fcy\u00fck\u015fehir Belediyesi\u2019ne ba\u011fl\u0131 \u0130stanbul Su ve Kanalizasyon Y\u00f6netimi Genel M\u00fcd\u00fcrl\u00fc\u011f\u00fc\u2019ne (\u0130SK\u0130)\u00a0\u00a02 milyon 674 bin 708 TL ceza kesti.<\/p>\n","protected":false},"author":1,"featured_media":52038,"comment_status":"open","ping_status":"open","sticky":false,"template":"","format":"standard","meta":{"footnotes":""},"categories":[25],"tags":[1574],"class_list":["post-52037","post","type-post","status-publish","format-standard","has-post-thumbnail","hentry","category-gundem","tag-atik-su"],"_links":{"self":[{"href":"https:\/\/ikimisli.tr\/index.php\/wp-json\/wp\/v2\/posts\/52037","targetHints":{"allow":["GET"]}}],"collection":[{"href":"https:\/\/ikimisli.tr\/index.php\/wp-json\/wp\/v2\/posts"}],"about":[{"href":"https:\/\/ikimisli.tr\/index.php\/wp-json\/wp\/v2\/types\/post"}],"author":[{"embeddable":true,"href":"https:\/\/ikimisli.tr\/index.php\/wp-json\/wp\/v2\/users\/1"}],"replies":[{"embeddable":true,"href":"https:\/\/ikimisli.tr\/index.php\/wp-json\/wp\/v2\/comments?post=52037"}],"version-history":[{"count":1,"href":"https:\/\/ikimisli.tr\/index.php\/wp-json\/wp\/v2\/posts\/52037\/revisions"}],"predecessor-version":[{"id":52039,"href":"https:\/\/ikimisli.tr\/index.php\/wp-json\/wp\/v2\/posts\/52037\/revisions\/52039"}],"wp:featuredmedia":[{"embeddable":true,"href":"https:\/\/ikimisli.tr\/index.php\/wp-json\/wp\/v2\/media\/52038"}],"wp:attachment":[{"href":"https:\/\/ikimisli.tr\/index.php\/wp-json\/wp\/v2\/media?parent=52037"}],"wp:term":[{"taxonomy":"category","embeddable":true,"href":"https:\/\/ikimisli.tr\/index.php\/wp-json\/wp\/v2\/categories?post=52037"},{"taxonomy":"post_tag","embeddable":true,"href":"https:\/\/ikimisli.tr\/index.php\/wp-json\/wp\/v2\/tags?post=52037"}],"curies":[{"name":"wp","href":"https:\/\/api.w.org\/{rel}","templated":true}]}}