{"id":52162,"date":"2025-06-28T19:24:07","date_gmt":"2025-06-28T19:24:07","guid":{"rendered":"https:\/\/ikimisli.tr\/?p=52162"},"modified":"2025-06-28T19:24:07","modified_gmt":"2025-06-28T19:24:07","slug":"verilen-sozler-tutulmadi-cumhuriyet-kazanimi-olan-fabrika-kapaniyor","status":"publish","type":"post","link":"https:\/\/ikimisli.tr\/index.php\/2025\/06\/28\/verilen-sozler-tutulmadi-cumhuriyet-kazanimi-olan-fabrika-kapaniyor\/","title":{"rendered":"Verilen s\u00f6zler tutulmad\u0131\u2026 Cumhuriyet kazan\u0131m\u0131 olan fabrika kapan\u0131yor!"},"content":{"rendered":"<p>Elaz\u0131\u011f&#8217;da, \u00fcz\u00fcm \u00fcretimini geli\u015ftirmek ve \u00e7ift\u00e7iye takviye olmak emeliyle devlet taraf\u0131ndan 1944 y\u0131l\u0131nda kurulan, 2004 y\u0131l\u0131nda ise AKP taraf\u0131ndan \u00f6zelle\u015ftirilen \u015farap fabrikas\u0131, 24 Ocak 2020 ve 6 \u015eubat 2023 tarihlerinde b\u00f6lgede ya\u015fanan zelzelelerin akabinde kimi binalarda meydana gelen hasar nedeniyle \u0130ngiltere merkezli \u015firket taraf\u0131ndan kapat\u0131laca\u011f\u0131 g\u00fcndeme gelmi\u015fti. Tarihi fabrikan\u0131n kapat\u0131lmak istenmesine ba\u015fta \u00fcz\u00fcm \u00fcreticileri, politikler ve oda liderleri taraf\u0131ndan reaksiyonla kar\u015f\u0131lanm\u0131\u015ft\u0131.<\/p>\n<p><b>FABR\u0130KAYA YALNIZCA CHP SAH\u0130P \u00c7IKMI\u015eTI<\/b><\/p>\n<p>Cumhuriyet kazan\u0131m\u0131 olan 80 y\u0131ll\u0131k fabrikan\u0131n kapanmas\u0131na siyasi partilerden tek tepki g\u00f6steren parti CHP olmu\u015ftu. CHP Elaz\u0131\u011f Milletvekili G\u00fcrsel Erol, \u201cYanl\u0131\u015f yap\u0131lan \u00f6zelle\u015ftirmelerin yeni bir \u00f6rne\u011fiyle daha kar\u015f\u0131 kar\u015f\u0131yay\u0131z. 1944 y\u0131l\u0131nda kurulan fakat 2004 y\u0131l\u0131nda AKP taraf\u0131ndan \u00f6zelle\u015ftirilen fabrikan\u0131n 80 y\u0131l aral\u0131ks\u0131z \u00fcretimden sonra ald\u0131\u011f\u0131 bir kararla vilayetimizdeki faaliyetlerine son vererek farkl\u0131 bir ile ta\u015f\u0131nmas\u0131n\u0131n d\u00fc\u015f\u00fcn\u00fcld\u00fc\u011f\u00fcn\u00fc \u00f6\u011frendik. Fabrika yerle\u015fkesi \u00fczerindeki kimi binalar\u0131n hasarl\u0131 oldu\u011fu m\u00fcnasebeti ile al\u0131nan bu karar\u0131 hem i\u015fletme hem de ilimiz a\u00e7\u0131s\u0131ndan yanl\u0131\u015fs\u0131z bulmuyoruz. Vilayetimizde co\u011frafik i\u015faretli de\u011fi\u015fik lezzet ve tatlardaki \u00fcz\u00fcmlerden yap\u0131lan ve markas\u0131yla dalda k\u0131ymetli bir yer tutan eserlerin \u00fcretildi\u011fi bu fabrikan\u0131n kapat\u0131lmas\u0131, i\u015fletme sahipleri ve \u00fcz\u00fcm \u00fcreticilerimizi olumsuz etkileyece\u011fi \u00fczere vilayetimizin istihdam ve iktisad\u0131na de ziyan verecektir\u201d s\u00f6zlerini kullanm\u0131\u015ft\u0131.<\/p>\n<p><b>\u015e\u0130RKET Y\u00d6NET\u0130C\u0130LER\u0130 KELAMLARINI TUTMADI FABR\u0130KA KAPANIYOR<\/b><\/p>\n<p>Fabrikan\u0131n kapat\u0131lmas\u0131 karar\u0131na birinci yans\u0131y\u0131 g\u00f6sterenlerden biri olan Elaz\u0131\u011f Ticaret ve Sanayi Odas\u0131 Ba\u015fkan\u0131 \u0130dris Alan, fabrikan\u0131n kapat\u0131l\u0131p ta\u015f\u0131nmamas\u0131 talebiyle 2024 A\u011fustos ay\u0131nda Ankara\u2019da T\u00fcrkiye Odalar ve Borsalar Birli\u011fi Lideri M. Rifat Hisarc\u0131kl\u0131o\u011flu\u2019yla g\u00f6r\u00fc\u015fm\u00fc\u015ft\u00fc. Genel Ba\u015fkan Hisarc\u0131kl\u0131o\u011flu, ETSO Ba\u015fkan\u0131 Alan ve \u015firket y\u00f6neticileri ortas\u0131nda yap\u0131lan toplant\u0131da zelzelelerde hasar g\u00f6ren fabrikaya ili\u015fkin binalar\u0131n onar\u0131lmas\u0131 karar\u0131 al\u0131nd\u0131\u011f\u0131 s\u00f6z edilmi\u015fti. \u015eirket y\u00f6neticileri taraf\u0131ndan verilen kelamlar\u0131n tutulmad\u0131\u011f\u0131 \u00f6\u011frenildi. \u015earap fabrikas\u0131n\u0131n bu y\u0131l i\u00e7erisinde kapanaca\u011f\u0131 fabrikada \u00e7al\u0131\u015fan \u00e7al\u0131\u015fanlar\u0131n i\u015ften \u00e7\u0131kar\u0131lma tasas\u0131 ta\u015f\u0131d\u0131klar\u0131 \u00f6\u011frenildi.<\/p>\n","protected":false},"excerpt":{"rendered":"<p>Elaz\u0131\u011f&#8217;da 1944&#8217;te kurulan ve 2004 y\u0131l\u0131nda AKP taraf\u0131ndan \u00f6zelle\u015ftirilen 80 y\u0131ll\u0131k fabrikan\u0131n sars\u0131nt\u0131da kimi binalar\u0131n\u0131n hasar g\u00f6rd\u00fc\u011f\u00fc gerek\u00e7esiyle \u00fcretime son verip kapanmas\u0131 g\u00fcndeme gelmesi sonras\u0131nda hasar g\u00f6ren binalar\u0131n onar\u0131laca\u011f\u0131 sonras\u0131nda ise fabrikayla ilgili yol haritas\u0131 belirlenece\u011fi a\u00e7\u0131klanm\u0131\u015ft\u0131. Binalar\u0131n tamirat\u0131yla ilgili bir \u00e7al\u0131\u015fma yap\u0131lmad\u0131\u011f\u0131 \u00fczere fabrikan\u0131n y\u0131lsonuna kadar kapanaca\u011f\u0131 \u00f6\u011frenildi.<\/p>\n","protected":false},"author":1,"featured_media":52163,"comment_status":"open","ping_status":"open","sticky":false,"template":"","format":"standard","meta":{"footnotes":""},"categories":[25],"tags":[32,1654,4029,1780],"class_list":["post-52162","post","type-post","status-publish","format-standard","has-post-thumbnail","hentry","category-gundem","tag-baskan","tag-fabrika","tag-fabrikanin","tag-tarafindan"],"_links":{"self":[{"href":"https:\/\/ikimisli.tr\/index.php\/wp-json\/wp\/v2\/posts\/52162","targetHints":{"allow":["GET"]}}],"collection":[{"href":"https:\/\/ikimisli.tr\/index.php\/wp-json\/wp\/v2\/posts"}],"about":[{"href":"https:\/\/ikimisli.tr\/index.php\/wp-json\/wp\/v2\/types\/post"}],"author":[{"embeddable":true,"href":"https:\/\/ikimisli.tr\/index.php\/wp-json\/wp\/v2\/users\/1"}],"replies":[{"embeddable":true,"href":"https:\/\/ikimisli.tr\/index.php\/wp-json\/wp\/v2\/comments?post=52162"}],"version-history":[{"count":1,"href":"https:\/\/ikimisli.tr\/index.php\/wp-json\/wp\/v2\/posts\/52162\/revisions"}],"predecessor-version":[{"id":52164,"href":"https:\/\/ikimisli.tr\/index.php\/wp-json\/wp\/v2\/posts\/52162\/revisions\/52164"}],"wp:featuredmedia":[{"embeddable":true,"href":"https:\/\/ikimisli.tr\/index.php\/wp-json\/wp\/v2\/media\/52163"}],"wp:attachment":[{"href":"https:\/\/ikimisli.tr\/index.php\/wp-json\/wp\/v2\/media?parent=52162"}],"wp:term":[{"taxonomy":"category","embeddable":true,"href":"https:\/\/ikimisli.tr\/index.php\/wp-json\/wp\/v2\/categories?post=52162"},{"taxonomy":"post_tag","embeddable":true,"href":"https:\/\/ikimisli.tr\/index.php\/wp-json\/wp\/v2\/tags?post=52162"}],"curies":[{"name":"wp","href":"https:\/\/api.w.org\/{rel}","templated":true}]}}