{"id":52228,"date":"2025-06-28T23:24:09","date_gmt":"2025-06-28T23:24:09","guid":{"rendered":"https:\/\/ikimisli.tr\/?p=52228"},"modified":"2025-06-28T23:24:09","modified_gmt":"2025-06-28T23:24:09","slug":"ozgur-ozel-akpli-belediyenin-cumhur-ittifakina-yaptigi-harcamalari-ifsa-etti","status":"publish","type":"post","link":"https:\/\/ikimisli.tr\/index.php\/2025\/06\/28\/ozgur-ozel-akpli-belediyenin-cumhur-ittifakina-yaptigi-harcamalari-ifsa-etti\/","title":{"rendered":"\u00d6zg\u00fcr \u00d6zel, AKP&#8217;li belediyenin Cumhur \u0130ttifak\u0131&#8217;na yapt\u0131\u011f\u0131 harcamalar\u0131 if\u015fa etti"},"content":{"rendered":"<p>CHP Genel Ba\u015fkan\u0131 \u00d6zg\u00fcr \u00d6zel&#8217;in partisinin k\u00fcme toplant\u0131s\u0131nda g\u00fcndemi ait a\u00e7\u0131klamalar yapt\u0131.\u00a0<\/p>\n<p>\u00d6zel, ter\u00f6ristba\u015f\u0131 Abdullah \u00d6calan&#8217;\u0131n ge\u00e7ti\u011fimiz g\u00fcn yapt\u0131\u011f\u0131 davet sonras\u0131nda devam eden s\u00fcrece ait &#8220;E\u011fer samimi bir i\u015f yap\u0131lacaksa Meclis \u00e7at\u0131s\u0131 alt\u0131nda yap\u0131lacak. Demokratikle\u015fme paketine var\u0131z, kim geliyorsa hodri meydan&#8221; diye konu\u015ftu.<\/p>\n<p>AKP&#8217;nin Bursa B\u00fcy\u00fck\u015fehir Belediyesi&#8217;ni y\u00f6netti\u011fi devirde H\u00dcDA PAR, MHP, DSP ve BBP i\u00e7in belediyenin kasas\u0131ndan yap\u0131lan harcamalar\u0131 tek tek sayan \u00d6zel, &#8220;Ey Bursa Cumhuriyet Ba\u015fsavc\u0131s\u0131. Bunlara soru\u015fturma ba\u015flatacak m\u0131s\u0131n? Yoksa bu millet gelip senin aln\u0131n\u0131 m\u0131 kar\u0131\u015flas\u0131n?&#8221; tabirlerini kulland\u0131.<\/p>\n<p><b>BELED\u0130YE KASASI CUMHUR \u0130TT\u0130FAKI&#8217;NA AKTI<\/b><\/p>\n<p>Bak\u0131n bozuk saatin bozuk ahlak\u0131n bozuk vicdan\u0131n ne yapt\u0131\u011f\u0131na bak\u0131n Bursa&#8217;n\u0131n paras\u0131yla. Evraktan okuyorum. Harcama kalemleri alt\u0131nda periyodun B\u00fcy\u00fck\u015fehir Belediye liderinin onay imzas\u0131 var. Alaattin K\u00f6seler&#8217;in d\u00fcn sorulan sorular\u0131n birinde onay imzas\u0131 yok<\/p>\n<p>Onay imzas\u0131 AK Parti \u00f6zel bulu\u015fma harcamas\u0131 AK Parti Vilayet Ba\u015fkanl\u0131\u011f\u0131&#8217;na giden paketler kalemi imzalam\u0131\u015f. AK Parti vilayet binas\u0131nda kokteyl gideri imzalam\u0131\u015f. AK Parti temay\u00fcl yoklamas\u0131 masraflar\u0131 imzalam\u0131\u015f. AK Parti Ankara&#8217;n\u0131n istedi\u011fi promosyonlar imzalam\u0131\u015f. Se\u00e7im \u00e7al\u0131\u015fmas\u0131 yemek gideri imzalam\u0131\u015f. AK Parti bayan kollar\u0131na yemek imzalam\u0131\u015f. Alinur Akta\u015f se\u00e7im \u00e7al\u0131\u015fmas\u0131 kendi kendine imzalam\u0131\u015f. Yetmemi\u015f H\u00fcda Par Vilayet Kongresi yemek bedeli \u00f6zel kalemden \u00f6denmi\u015f.<\/p>\n<p>\u00dclk\u00fc Ocaklar\u0131 yemek bedeli \u00f6zel kalemden \u00f6denmi\u015f. B\u00fcy\u00fck Birlik Partisi yemek bedeli Bursa \u00f6zel kalemden \u00f6denmi\u015f. Demokratik Sol Parti lansman sarfiyat\u0131 Bursa \u00f6zel kalemden \u00f6denmi\u015f. DSP yemek sarfiyat\u0131 Bursa \u00f6zel kalemden \u00f6denmi\u015f. T\u00fcgva yemek bedeli Bursa \u00f6zel kalemden \u00f6denmi\u015f. Milliyet\u00e7i Hareket Partisi Kemalpa\u015fa il\u00e7e \u00f6rg\u00fct\u00fc harcamalar\u0131 Bursa \u00f6zel kalemden \u00f6denmi\u015f. Bursa&#8217;ya gelen 10 bakan\u0131n tek tek isim isim yaz\u0131l\u0131. Bursa&#8217;daki se\u00e7im \u00e7al\u0131\u015fma masraflar\u0131 Bursa \u00f6zel kalemden imzayla resmen \u00f6denmi\u015f. 100 154 kalemde 154 kalemde 15,5 milyon TL&#8217;lik harcama Alinur Akta\u015f taraf\u0131ndan AKP, MHP, BBP, DSP, H\u00fcdapar, T\u00fcrkva ve kendi se\u00e7im kampanyas\u0131 i\u00e7in 15,5 milyon lira para \u00f6denmi\u015f. Ey Adalet Bakan\u0131&#8230;<\/p>\n<p><b>&#8216;EY SAVCI SORU\u015eTURMA A\u00c7MAYACAK MISIN?&#8217;<\/b><\/p>\n<p>Haram z\u0131kk\u0131m olsun demekle haram z\u0131kk\u0131m olmuyor. Senin ismine bu i\u015fi yapacak biri var Bursa&#8217;da. Ey Bursa Cumhuriyet Ba\u015fsavc\u0131s\u0131. Ey harekete ge\u00e7meyen savc\u0131lar\u0131 neden ge\u00e7miyorsun diye soracak Yarg\u0131\u00e7lar Savc\u0131lar Kurulu.<\/p>\n<p>Onun ba\u015fkan\u0131 onun ba\u015fkan\u0131 Adalet Bakan\u0131. Onu atayan Recep Tayyip Erdo\u011fan. Bu yaln\u0131zca Bursa B\u00fcy\u00fck\u015fehir&#8217;in belediye liderinin kendi imzas\u0131yla oluruyla \u00f6dedikleri. Bunlara soru\u015fturma ba\u015flatacak m\u0131s\u0131n? Yoksa bu millet gelip senin aln\u0131n\u0131 m\u0131 kar\u0131\u015flas\u0131n? Haydi bakal\u0131m.<\/p>\n<p><b>CHP&#8217;DEN B\u0130R \u00d6Z\u00dcR B\u0130LE D\u0130LEM\u0130YORLAR<\/b><\/p>\n<p>Tayyip Erdo\u011fan bu sorunu inkar etmi\u015f bir siyaset\u00e7idir. Say\u0131n Bah\u00e7eli&#8217;nin DEM grubunun elini s\u0131kmas\u0131yla ba\u015flayan s\u00fcreci dikkatle, itinayla ve sorumlulu\u011fumuzu ta\u015f\u0131yarak takip ediyoruz. CHP DEM Parti ile g\u00f6r\u00fc\u015ft\u00fc\u011f\u00fcnde ter\u00f6rist ilan ediliyorken, kayy\u0131m atamaya itiraz etti\u011finde ele\u015ftirilmi\u015fse, CHP&#8217;nin bir belediye ba\u015fkan\u0131 taziye i\u00e7in telefon a\u00e7t\u0131\u011f\u0131 i\u00e7in ter\u00f6r \u00f6rg\u00fct\u00fc mensubu kabul edilip i\u00e7eri at\u0131l\u0131rken heyet g\u00f6revlendirmesinin \u00f6n\u00fc a\u00e7\u0131l\u0131yorken CHP&#8217;ye bir \u00f6z\u00fcr bile dilemiyorlar.<\/p>\n<p>Bu sorunun Meclis \u00e7at\u0131s\u0131 alt\u0131nda \u00e7\u00f6z\u00fclmesini savunuyoruz. Demokratikle\u015fme ad\u0131mlar\u0131 at\u0131larak, kanunlar yap\u0131larak \u00e7\u00f6z\u00fclmesi gerekti\u011fini s\u00f6z ediyoruz. Tam bir samimiyet, \u015feffafl\u0131k ve toplumsal mutabakatla s\u00fcrd\u00fcr\u00fclmesi gerekti\u011finin at\u0131n\u0131 \u00e7iziyoruz. 2015&#8217;te oldu\u011fu \u00fczere Erdo\u011fan taraf\u0131ndan nas\u0131l felakate s\u00fcr\u00fcklendi\u011fini biliyoruz.<\/p>\n<p><b>DEMOKRAT\u0130KLE\u015eME PAKET\u0130NE VARIZ<\/b><\/p>\n<p>Bug\u00fcn de birebir yanl\u0131\u015f bak\u0131\u015f a\u00e7\u0131s\u0131 oldu\u011funu tabir ediyoruz. Dolmabah\u00e7e&#8217;de masa kurulup canl\u0131 yay\u0131n haz\u0131rl\u0131klar\u0131 yap\u0131l\u0131rken Erdo\u011fan taraf\u0131ndan inkar edildi\u011fini hat\u0131rlat\u0131yoruz. Bu s\u00fcreci &#8216;Erdo\u011fan ger\u00e7ek y\u00f6netiyor&#8217; diyenlere hat\u0131rlat\u0131yorum; Erdo\u011fan&#8217;\u0131n Dolmabah\u00e7e mamas\u0131ndaki t\u00fcm akt\u00f6rlerle yeniden birebir masada oldu\u011funu hat\u0131rlat\u0131r\u0131m. M\u00fczakerelerin devlet taraf\u0131ndan y\u00fcr\u00fct\u00fcld\u00fc\u011f\u00fcn\u00fc s\u00f6yledi\u011fimizde DDM&#8217;den yalanlama yapt\u0131lar. A\u00e7\u0131k davet yap\u0131yorum; \u00d6calan&#8217;a bir sihirli de\u011fnek de\u011fmesi ile, her \u015fey yoluna girecek denmesiyle \u00e7\u00f6z\u00fclmez, bunun ger\u00e7ekli\u011fi yok. Bu t\u00fcrl\u00fc bir sorun \u00e7\u00f6z\u00fclecekse demokratikle\u015fme ile Meclis \u00e7at\u0131s\u0131 alt\u0131nda \u00e7\u00f6z\u00fclecek. Gazeteciler, Seyahat tutuklular\u0131, K\u00fcrd\u00fc T\u00fcrk&#8217;\u00fc lokal idareciler i\u00e7erideyken, kayy\u0131m uygulamalar\u0131 devam ediyorken bu \u00fclkede bir tahlil m\u00fcmk\u00fcn olmaz. \u00c7\u0131kar ba\u011flant\u0131lar\u0131na dayal\u0131 bir ilgi olursa bu i\u015fin sonunda K\u00fcrtler de T\u00fcrkler de kaybeder.<\/p>\n<p>2015&#8217;te ger\u00e7ek bir s\u00fcre\u00e7 y\u00f6netilmeseydi, o g\u00fcnden bu g\u00fcne akan kan, g\u00f6zya\u015f\u0131 olmazd\u0131. Despotik bir iktidar herkesi pataklay\u0131p mahpusa t\u0131kacak, sonra da demokratikle\u015fme konu\u015fulacak. TBMM Ba\u015fkan\u0131 Numan Kurtulmu\u015f, sorumluluk almal\u0131d\u0131r. Al ver pazarl\u0131\u011f\u0131n\u0131n i\u00e7inde olmad\u0131k, sonunda da olmay\u0131z. Bu yol fakat tam demokrasi ile olur. Kim K\u00fcrt sorunu \u00e7\u00f6z\u00fcls\u00fcn istiyorsa, bilhassa DEM Parti, demokratikle\u015fme paketinde yer almal\u0131d\u0131r. Demokratikle\u015fme paketine var\u0131z, kim geliyorsa hodri meydan.<\/p>\n<p>\u00a0<\/p>\n","protected":false},"excerpt":{"rendered":"<p>CHP lideri \u00d6zel, ter\u00f6ristba\u015f\u0131 \u00d6calan&#8217;\u0131n daveti sonras\u0131nda devam eden s\u00fcrece ait Meclis&#8217;i i\u015faret etti. \u00d6zel, &#8220;E\u011fer samimi bir i\u015f yap\u0131lacaksa Meclis \u00e7at\u0131s\u0131 alt\u0131nda yap\u0131lacak&#8221; tabirini kulland\u0131. \u00d6zel ayr\u0131yeten AKP&#8217;nin Bursa B\u00fcy\u00fck\u015fehir Belediyesi&#8217;ni y\u00f6netti\u011fi periyotta H\u00dcDA PAR, MHP, DSP ve BBP i\u00e7in belediyenin kasas\u0131ndan yap\u0131lan harcamalar\u0131 tek tek sayd\u0131.<\/p>\n","protected":false},"author":1,"featured_media":52229,"comment_status":"open","ping_status":"open","sticky":false,"template":"","format":"standard","meta":{"footnotes":""},"categories":[25],"tags":[39,1844,255,7216,400],"class_list":["post-52228","post","type-post","status-publish","format-standard","has-post-thumbnail","hentry","category-gundem","tag-baskani","tag-bursa","tag-dem","tag-demokratiklesme","tag-yemek"],"_links":{"self":[{"href":"https:\/\/ikimisli.tr\/index.php\/wp-json\/wp\/v2\/posts\/52228","targetHints":{"allow":["GET"]}}],"collection":[{"href":"https:\/\/ikimisli.tr\/index.php\/wp-json\/wp\/v2\/posts"}],"about":[{"href":"https:\/\/ikimisli.tr\/index.php\/wp-json\/wp\/v2\/types\/post"}],"author":[{"embeddable":true,"href":"https:\/\/ikimisli.tr\/index.php\/wp-json\/wp\/v2\/users\/1"}],"replies":[{"embeddable":true,"href":"https:\/\/ikimisli.tr\/index.php\/wp-json\/wp\/v2\/comments?post=52228"}],"version-history":[{"count":1,"href":"https:\/\/ikimisli.tr\/index.php\/wp-json\/wp\/v2\/posts\/52228\/revisions"}],"predecessor-version":[{"id":52230,"href":"https:\/\/ikimisli.tr\/index.php\/wp-json\/wp\/v2\/posts\/52228\/revisions\/52230"}],"wp:featuredmedia":[{"embeddable":true,"href":"https:\/\/ikimisli.tr\/index.php\/wp-json\/wp\/v2\/media\/52229"}],"wp:attachment":[{"href":"https:\/\/ikimisli.tr\/index.php\/wp-json\/wp\/v2\/media?parent=52228"}],"wp:term":[{"taxonomy":"category","embeddable":true,"href":"https:\/\/ikimisli.tr\/index.php\/wp-json\/wp\/v2\/categories?post=52228"},{"taxonomy":"post_tag","embeddable":true,"href":"https:\/\/ikimisli.tr\/index.php\/wp-json\/wp\/v2\/tags?post=52228"}],"curies":[{"name":"wp","href":"https:\/\/api.w.org\/{rel}","templated":true}]}}