{"id":52237,"date":"2025-06-29T00:00:06","date_gmt":"2025-06-29T00:00:06","guid":{"rendered":"https:\/\/ikimisli.tr\/?p=52237"},"modified":"2025-06-29T00:00:06","modified_gmt":"2025-06-29T00:00:06","slug":"nesli-tehlikedeki-bir-tepeli-pelikan-vurularak-olduruldu","status":"publish","type":"post","link":"https:\/\/ikimisli.tr\/index.php\/2025\/06\/29\/nesli-tehlikedeki-bir-tepeli-pelikan-vurularak-olduruldu\/","title":{"rendered":"Nesli tehlikedeki bir tepeli pelikan vurularak \u00f6ld\u00fcr\u00fcld\u00fc"},"content":{"rendered":"<p>Ekosistemi Muhafaza ve Tabiat Sevenler Derne\u011fi&#8217;nin (EKODOSD) a\u00e7\u0131klamas\u0131na nazaran, meyyit pelikan bulundu\u011fu ihbar\u0131 \u00fczerine dernek ba\u015fkan\u0131 Bahattin S\u00fcr\u00fcc\u00fc B\u00fcy\u00fck Menderes Irma\u011f\u0131 k\u0131y\u0131s\u0131na gitti.<\/p>\n<p>S\u00fcr\u00fcc\u00fc, ku\u015fun sol kanad\u0131n\u0131n alt\u0131nda bir yaran\u0131n oldu\u011funu ve silahla vuruldu\u011funu de\u011ferlendirdiklerini belirtti.<\/p>\n<p>Ege \u00dcniversitesi Biyoloji K\u0131sm\u0131 \u00d6\u011fretim \u00fcyesi Do\u00e7. Dr. Orta\u00e7 Onmu\u015f, &#8216;Pelecanus crispus&#8217; \u00e7e\u015fidi pelikan\u0131n jenerasyonunun tehlikede oldu\u011funu s\u00f6yledi.<\/p>\n<p>Onmu\u015f \u015fu tabirleri kulland\u0131:<\/p>\n<p>&#8220;Bu k\u0131ymetli ku\u015f \u00e7e\u015fidi B\u00fcy\u00fck Menderes Deltas\u0131&#8217;n\u0131 \u00fcreme ve bar\u0131nma, B\u00fcy\u00fck Menderes Irma\u011f\u0131, Bafa G\u00f6l\u00fc ve Azap G\u00f6l\u00fc&#8217;n\u00fc beslenme emeliyle kullanmaktad\u0131r.&#8221;<\/p>\n<p>&#8220;Tepeli pelikan tabiat muhafaza i\u00e7in bayrak t\u0131p say\u0131lan az ku\u015flar\u0131n ba\u015f\u0131nda gelir. Zirveli pelikanlar ku\u015f g\u00f6zlemcileri i\u00e7in \u00e7ok de\u011ferli bir ku\u015f cinsidir.&#8221;<\/p>\n<p>&#8220;D\u00fcnyada bir panday\u0131 g\u00f6rmekle, bir ku\u015f g\u00f6zlemcisinin bir pelikan\u0131 g\u00f6rmesi muadildir. Doruklu pelikanlar\u0131n korunmas\u0131 zaruridir, bu hususta herkes gerekli hassasl\u0131\u011f\u0131 g\u00f6stermelidir.&#8221;<\/p>\n","protected":false},"excerpt":{"rendered":"<p>Jenerasyonu tehlikedeki cinslerden doruklu pelikan Ayd\u0131n&#8217;\u0131n S\u00f6ke il\u00e7esinde meyyit bulundu.<\/p>\n","protected":false},"author":1,"featured_media":52238,"comment_status":"open","ping_status":"open","sticky":false,"template":"","format":"standard","meta":{"footnotes":""},"categories":[44],"tags":[109,7219],"class_list":["post-52237","post","type-post","status-publish","format-standard","has-post-thumbnail","hentry","category-yasam","tag-kus","tag-pelikan"],"_links":{"self":[{"href":"https:\/\/ikimisli.tr\/index.php\/wp-json\/wp\/v2\/posts\/52237","targetHints":{"allow":["GET"]}}],"collection":[{"href":"https:\/\/ikimisli.tr\/index.php\/wp-json\/wp\/v2\/posts"}],"about":[{"href":"https:\/\/ikimisli.tr\/index.php\/wp-json\/wp\/v2\/types\/post"}],"author":[{"embeddable":true,"href":"https:\/\/ikimisli.tr\/index.php\/wp-json\/wp\/v2\/users\/1"}],"replies":[{"embeddable":true,"href":"https:\/\/ikimisli.tr\/index.php\/wp-json\/wp\/v2\/comments?post=52237"}],"version-history":[{"count":1,"href":"https:\/\/ikimisli.tr\/index.php\/wp-json\/wp\/v2\/posts\/52237\/revisions"}],"predecessor-version":[{"id":52239,"href":"https:\/\/ikimisli.tr\/index.php\/wp-json\/wp\/v2\/posts\/52237\/revisions\/52239"}],"wp:featuredmedia":[{"embeddable":true,"href":"https:\/\/ikimisli.tr\/index.php\/wp-json\/wp\/v2\/media\/52238"}],"wp:attachment":[{"href":"https:\/\/ikimisli.tr\/index.php\/wp-json\/wp\/v2\/media?parent=52237"}],"wp:term":[{"taxonomy":"category","embeddable":true,"href":"https:\/\/ikimisli.tr\/index.php\/wp-json\/wp\/v2\/categories?post=52237"},{"taxonomy":"post_tag","embeddable":true,"href":"https:\/\/ikimisli.tr\/index.php\/wp-json\/wp\/v2\/tags?post=52237"}],"curies":[{"name":"wp","href":"https:\/\/api.w.org\/{rel}","templated":true}]}}