{"id":52265,"date":"2025-06-29T01:48:14","date_gmt":"2025-06-29T01:48:14","guid":{"rendered":"https:\/\/ikimisli.tr\/?p=52265"},"modified":"2025-06-29T01:48:14","modified_gmt":"2025-06-29T01:48:14","slug":"tarihi-degistirecek-kus-turu-kesfedildi-ayaklari-dinozorlarla-ayni","status":"publish","type":"post","link":"https:\/\/ikimisli.tr\/index.php\/2025\/06\/29\/tarihi-degistirecek-kus-turu-kesfedildi-ayaklari-dinozorlarla-ayni\/","title":{"rendered":"Tarihi de\u011fi\u015ftirecek ku\u015f t\u00fcr\u00fc ke\u015ffedildi: Ayaklar\u0131 dinozorlarla ayn\u0131"},"content":{"rendered":"<p>\u00c7inli bilim insanlar\u0131, yapt\u0131klar\u0131 bir ara\u015ft\u0131rmada en eski ku\u015f \u00e7e\u015fidini buldu. Elde edilen iki ku\u015f fosilinin Jura devrine ili\u015fkin oldu\u011fu \u00f6\u011frenildi.<\/p>\n<p><b>2 KU\u015e FOS\u0130L\u0130 KE\u015eFED\u0130LD\u0130<\/b><\/p>\n<p>\u00c7in&#8217;in Fujian eyaletinde, 2 k\u0131ymetli ku\u015f fosili bulan \u00c7inli bilim insanlar\u0131, 149 milyon y\u0131l \u00f6ncesinde ya\u015fayan ku\u015f cinslerine \u0131\u015f\u0131k tuttu. Bu ku\u015flar\u0131n Jura periyodunun sonunda ku\u015f \u00e7e\u015fitlili\u011fini kan\u0131tlayan g\u00fc\u00e7l\u00fc bulgular ortas\u0131nda.\u00a0<\/p>\n<p><img decoding=\"async\" src=\"https:\/\/ikimisli.tr\/wp-content\/uploads\/2025\/06\/tarihi-degistirecek-kus-turu-kesfedildi-ayaklari-dinozorlarla-ayni-0-l3ZKbW6S.png\"\/><\/p>\n<p><b>B\u0130R\u0130N\u0130N EL YAPISI D\u0130NOZORLARA BENZ\u0130YOR<\/b><\/p>\n<p>\u0130ki ku\u015f fosilinden birine \u00a0\u2018Baminornis zhenghensis\u2019 ismini verdi. Bu ku\u015f fosili, yap\u0131lar\u0131ndan \u00f6t\u00fcr\u00fc ilkel dinozorlar\u0131n el yap\u0131s\u0131na sahip olmas\u0131yla dikkat \u00e7ekti. Omuzlar\u0131 ve ve kal\u00e7a k\u0131sm\u0131ysa \u00e7a\u011fda\u015f ku\u015flara benziyor. Erken devir ku\u015f evrimine \u0131\u015f\u0131k tutan bu fosil, mozail evrimde de de\u011ferli bir rol oynuyor. K\u0131sa kuyru\u011funun ucunda \u00e7a\u011fda\u015f ku\u015flarda bulunan bir kemil yap\u0131s\u0131 var. Ve bu yap\u0131 da 20 milyon y\u0131l geriye dair eski bir kay\u0131t olarak kabul edilmekte.\u00a0<\/p>\n<p>\u0130kinci ku\u015f fosili ise k\u00f6pr\u00fcc\u00fck kemi\u011fi birle\u015fiminden olu\u015fuyor. Fosilin zay\u0131f korunmu\u015f olmas\u0131ndan \u00f6t\u00fcr\u00fc isim verilemedi.<\/p>\n","protected":false},"excerpt":{"rendered":"<p>Bilim insanlar\u0131, d\u00fcnyan\u0131n en eski ku\u015f cinsini ortaya \u00e7\u0131kard\u0131. Jura periyoduna ili\u015fkin iki ku\u015f fosili ke\u015ffedildi.<\/p>\n","protected":false},"author":1,"featured_media":52266,"comment_status":"open","ping_status":"open","sticky":false,"template":"","format":"standard","meta":{"footnotes":""},"categories":[43],"tags":[109,292],"class_list":["post-52265","post","type-post","status-publish","format-standard","has-post-thumbnail","hentry","category-dunya","tag-kus","tag-yapi"],"_links":{"self":[{"href":"https:\/\/ikimisli.tr\/index.php\/wp-json\/wp\/v2\/posts\/52265","targetHints":{"allow":["GET"]}}],"collection":[{"href":"https:\/\/ikimisli.tr\/index.php\/wp-json\/wp\/v2\/posts"}],"about":[{"href":"https:\/\/ikimisli.tr\/index.php\/wp-json\/wp\/v2\/types\/post"}],"author":[{"embeddable":true,"href":"https:\/\/ikimisli.tr\/index.php\/wp-json\/wp\/v2\/users\/1"}],"replies":[{"embeddable":true,"href":"https:\/\/ikimisli.tr\/index.php\/wp-json\/wp\/v2\/comments?post=52265"}],"version-history":[{"count":1,"href":"https:\/\/ikimisli.tr\/index.php\/wp-json\/wp\/v2\/posts\/52265\/revisions"}],"predecessor-version":[{"id":52268,"href":"https:\/\/ikimisli.tr\/index.php\/wp-json\/wp\/v2\/posts\/52265\/revisions\/52268"}],"wp:featuredmedia":[{"embeddable":true,"href":"https:\/\/ikimisli.tr\/index.php\/wp-json\/wp\/v2\/media\/52266"}],"wp:attachment":[{"href":"https:\/\/ikimisli.tr\/index.php\/wp-json\/wp\/v2\/media?parent=52265"}],"wp:term":[{"taxonomy":"category","embeddable":true,"href":"https:\/\/ikimisli.tr\/index.php\/wp-json\/wp\/v2\/categories?post=52265"},{"taxonomy":"post_tag","embeddable":true,"href":"https:\/\/ikimisli.tr\/index.php\/wp-json\/wp\/v2\/tags?post=52265"}],"curies":[{"name":"wp","href":"https:\/\/api.w.org\/{rel}","templated":true}]}}