{"id":52501,"date":"2025-06-29T14:36:06","date_gmt":"2025-06-29T14:36:06","guid":{"rendered":"https:\/\/ikimisli.tr\/?p=52501"},"modified":"2025-06-29T14:36:06","modified_gmt":"2025-06-29T14:36:06","slug":"muhalefetin-grup-onerileri-akp-mhp-tarafindan-reddedildi","status":"publish","type":"post","link":"https:\/\/ikimisli.tr\/index.php\/2025\/06\/29\/muhalefetin-grup-onerileri-akp-mhp-tarafindan-reddedildi\/","title":{"rendered":"Muhalefetin grup \u00f6nerileri AKP-MHP taraf\u0131ndan reddedildi"},"content":{"rendered":"<p>Genel Kurul&#8217;da, Yeni Yol Partisinin &#8220;K\u00f6ylerdeki geli\u015fim alanlar\u0131n\u0131n sat\u0131lmas\u0131&#8221;, D\u00dcZG\u00dcN Partinin &#8220;asgari fiyat ve emekli maa\u015flar\u0131&#8221;, DEM Parti&#8217;nin &#8220;kad\u0131nlar&#8221; ve CHP&#8217;nin &#8220;\u00c7ay\u0131rhan Termik Santrali&#8221;ne ait k\u00fcme teklifleri farkl\u0131 ba\u015fka g\u00f6r\u00fc\u015f\u00fcld\u00fc.<\/p>\n<p>Partisinin k\u00fcme \u00f6nerisi \u00fczerinde konu\u015fan Yeni Yol Partisi Antalya Milletvekili \u015eerafettin K\u0131l\u0131\u00e7, k\u00f6y n\u00fcfusunun azald\u0131\u011f\u0131n\u0131, tar\u0131m ve hayvanc\u0131l\u0131\u011f\u0131n bir sonraki ku\u015fa\u011fa aktar\u0131lamad\u0131\u011f\u0131n\u0131, T\u00fcrkiye&#8217;nin besin \u00fcretiminin tehlikede oldu\u011funu s\u00f6yledi.<\/p>\n<p>T\u00fcm bunlar\u0131n sebebinin, uygulanan tar\u0131m, hayvanc\u0131l\u0131k ve k\u00f6ylerle ilgili siyasetler oldu\u011funu ileri s\u00fcren K\u0131l\u0131\u00e7, g\u00fcn\u00fc kurtarmak ismine yap\u0131lan kanunlar\u0131n bir m\u00fchlet sonra &#8220;elde patlad\u0131\u011f\u0131n\u0131&#8221; savundu. K\u0131l\u0131\u00e7, &#8220;B\u00fcy\u00fck\u015fehir Yasas\u0131, i\u015fte tam olarak bu t\u00fcrl\u00fc bir yasad\u0131r. Bu yasan\u0131n k\u00f6ylerimizde, tar\u0131m ve hayvanc\u0131l\u0131kta sebep oldu\u011fu tahribat epeyce b\u00fcy\u00fckt\u00fcr.&#8221; dedi.<\/p>\n<p>\u0130Y\u0130 Parti Denizli Milletvekili Yasin \u00d6zt\u00fcrk de B\u00fcy\u00fck\u015fehir Maddesi&#8217;nin 2012 y\u0131l\u0131nda y\u00fcr\u00fcrl\u00fc\u011fe girdi\u011fini, bu yasan\u0131n yaln\u0131zca tabelalar\u0131 de\u011fil, k\u00f6yl\u00fcn\u00fcn mukadderat\u0131n\u0131 de de\u011fi\u015ftirdi\u011fini kaydetti.<\/p>\n<p>\u0130nsanlar\u0131n bir sabah kalkt\u0131klar\u0131nda k\u00f6ylerinin mahalle oldu\u011funu \u00f6\u011frendi\u011fini tabir eden \u00d6zt\u00fcrk, k\u00f6ylerin hukuksal ki\u015filiklerinin kald\u0131r\u0131ld\u0131\u011f\u0131n\u0131, ortak meralar\u0131n yok edildi\u011fini \u00f6ne s\u00fcrd\u00fc.<\/p>\n<p>\u015eimdi de k\u00f6ylerin geli\u015fim alanlar\u0131n\u0131n birer birer ihaleye \u00e7\u0131kar\u0131ld\u0131\u011f\u0131n\u0131 lisana getiren \u00d6zt\u00fcrk, &#8220;Sat\u0131\u015f \u00fczerine sat\u0131\u015f, talan \u00fczerine talan. Problem yaln\u0131zca mahalleye d\u00f6n\u00fc\u015fen k\u00f6ylerle ilgili de de\u011fil. Hukuksal ki\u015fili\u011fini koruyan k\u00f6ylerde de TOK\u0130, Ulusal Emlak yahut belediyeler arac\u0131l\u0131\u011f\u0131yla \u00e7e\u015fitli form\u00fcllerle toprak sat\u0131\u015f\u0131 yap\u0131lmaya devam ediliyor. Tar\u0131m yerleri pe\u015fke\u015f \u00e7ekiliyor. K\u00f6yl\u00fcn\u00fcn topra\u011f\u0131 elinden al\u0131n\u0131yor.&#8221; iddias\u0131nda bulundu.<\/p>\n<p>DEM Parti \u015eanl\u0131urfa Milletvekili Ferit \u015eenya\u015far da k\u00f6ylerin \u015fantiye alan\u0131 haline geldi\u011fini s\u00f6yledi. K\u00f6ylerde, in\u015faatlarla, kamula\u015ft\u0131rmalarla insanlar\u0131n tar\u0131m ve hayvanc\u0131l\u0131k yapmas\u0131n\u0131n engellendi\u011fini ileri s\u00fcren \u015eenya\u015far, &#8220;K\u00f6ylerin ortak kullan\u0131m\u0131 olan meralar\u0131 ellerinden ald\u0131n\u0131z. Sermaye daha fazla kazans\u0131n diye her taraf\u0131 talan ettiniz. Be\u015ferler ne yaps\u0131n, nerede ya\u015fas\u0131n, nas\u0131l ge\u00e7insin?&#8221; dedi.<\/p>\n<p>CHP Tekirda\u011f Milletvekili \u0130lhami \u00d6zcan Aygun da salg\u0131n s\u00fcreci ve Rusya-Ukrayna sava\u015f\u0131 s\u0131ras\u0131nda ya\u015fanan besin meselelerine dikkati \u00e7ekti.<\/p>\n<p>G\u0131da g\u00fcvenli\u011finin \u00e7ok de\u011ferli oldu\u011funu vurgulayan Aygun, Avrupa Birli\u011fi&#8217;nin \u00e7ift\u00e7ilere takviye projesi a\u00e7\u0131klad\u0131\u011f\u0131n\u0131 an\u0131msatt\u0131. Avrupa Birli\u011fi&#8217;nin \u00e7ift\u00e7iyi korudu\u011funu, T\u00fcrkiye&#8217;de ise k\u00f6yl\u00fcn\u00fcn yerinin TOK\u0130 eliyle sat\u0131ld\u0131\u011f\u0131n\u0131 \u00f6ne s\u00fcren Aygun, &#8220;B\u0131rak\u0131n, bu yanl\u0131\u015ftan vazge\u00e7in, B\u00fcy\u00fck\u015fehir Maddesi&#8217;ni daima bir arada otural\u0131m, konu\u015fal\u0131m, o topraklar\u0131 k\u00f6yl\u00fcye, ger\u00e7ek kullan\u0131c\u0131s\u0131na tahsis edelim&#8221; tabirini kulland\u0131.<\/p>\n<p>AKP Kayseri Milletvekili Say\u0131n Bayar \u00d6zsoy da B\u00fcy\u00fck\u015fehir Yasas\u0131 ile k\u00f6y h\u00fckm\u00ee ki\u015filiklerinin kald\u0131r\u0131lmas\u0131 ve mahalle stat\u00fcs\u00fcne ge\u00e7ilmesinin vatanda\u015flara daha faal hizmet g\u00f6t\u00fcrmek i\u00e7in yap\u0131lan de\u011ferli bir \u0131slahat oldu\u011funu s\u00f6yledi. \u00d6zsoy, bu \u0131slahat\u0131n temel hedefinin k\u0131rsal alanlar\u0131n, altyap\u0131, ula\u015f\u0131m, s\u0131hhat \u00fczere hizmetlerden daha fazla yararlanmas\u0131 oldu\u011funu vurgulad\u0131.<\/p>\n<p>K\u00f6y geli\u015fim alanlar\u0131n\u0131n tar\u0131m\u0131 ve hayvanc\u0131l\u0131\u011f\u0131 olumsuz etkiledi\u011fine y\u00f6nelik arg\u00fcmanlar\u0131n oldu\u011funu aktaran \u00d6zsoy, \u015f\u00f6yle konu\u015ftu:<\/p>\n<p>&#8220;K\u00f6y geli\u015fim alanlar\u0131n\u0131n sat\u0131\u015f\u0131n\u0131n, tar\u0131m\u0131 ve hayvanc\u0131l\u0131\u011f\u0131 olumsuz etkiledi\u011fi \u00f6ne s\u00fcr\u00fclmektedir fakat burada dikkat edilmesi gereken kelam konusu topraklar\u0131n, kamu faydas\u0131 do\u011frultusunda k\u0131ymetlendirilmesi ve verimli formda kullan\u0131lmas\u0131d\u0131r. Sat\u0131\u015fa \u00e7\u0131kar\u0131lan alanlar \u00e7o\u011funlukla yerle\u015fim yeri olarak belirlenen, zira\u00ee vasf\u0131n\u0131 kaybetmi\u015f yerlerdir. Ayr\u0131yeten h\u00fck\u00fcmetimiz, \u00e7ift\u00e7ilerimizin desteklenmesi i\u00e7in de\u011ferli te\u015fvik ve hibeler sunmaktad\u0131r. Tar\u0131m ve Orman Bakanl\u0131\u011f\u0131m\u0131z taraf\u0131ndan hayata ge\u00e7irilen projelerle, \u00e7ift\u00e7ilerimize mazot, g\u00fcbre ve tohum dayanaklar\u0131 sa\u011flanmakta, gen\u00e7 \u00e7ift\u00e7ilere y\u00f6nelik hibe programlar\u0131 uygulanmaktad\u0131r. K\u00f6ylerdeki zira\u00ee \u00fcretimin s\u00fcrd\u00fcr\u00fclebilir olmas\u0131 i\u00e7in sulama altyap\u0131lar\u0131 geli\u015ftirilmektedir.&#8221;<\/p>\n<p>G\u00f6r\u00fc\u015fmelerin akabinde yap\u0131lan oylamalarda Yeni Yol Partisi, \u0130Y\u0130 Parti, DEM Parti ve CHP&#8217;nin g\u00fcndeme ait k\u00fcme teklifleri kabul edilmedi.<\/p>\n<p>CHP Tekirda\u011f Milletvekili Nurten Yontar&#8217;\u0131n Toplumsal Sigortalar ve Genel S\u0131hhat Sigortas\u0131 Kanununda De\u011fi\u015fiklik Yap\u0131lmas\u0131na Dair Kanun Teklifi&#8217;nin direkt g\u00fcndeme al\u0131nma \u00f6nerisi de kabul edilmedi.<\/p>\n<p>\u00d6te yandan Genel Heyette, 2023 Y\u0131l\u0131 Kamu Denet\u00e7ili\u011fi Kurumu Raporu Hakk\u0131nda Dilek\u00e7e Kurulu ile \u0130nsan Haklar\u0131n\u0131 \u0130nceleme Komitesi \u00dcyelerinden Olu\u015fan Karma Komite Raporu, Kamu Denet\u00e7ili\u011fi Kurumunun 2024 y\u0131l\u0131 y\u0131ll\u0131k raporuyla k\u0131ymetlendirilmesi gayesiyle kurula geri g\u00f6nderildi.<\/p>\n<p>Genel Konseyde daha sonra Siber G\u00fcvenlik Kanunu Teklifi&#8217;nin g\u00f6r\u00fc\u015fmelerine ge\u00e7ildi.<\/p>\n","protected":false},"excerpt":{"rendered":"<p>TBMM Genel Heyetinde Yeni Yol Partisi, \u0130Y\u0130 Parti, DEM Parti ve CHP&#8217;nin g\u00fcndeme ait k\u00fcme teklifleri kabul edilmedi.<\/p>\n","protected":false},"author":1,"featured_media":52502,"comment_status":"open","ping_status":"open","sticky":false,"template":"","format":"standard","meta":{"footnotes":""},"categories":[25],"tags":[111,887,1240,189,507],"class_list":["post-52501","post","type-post","status-publish","format-standard","has-post-thumbnail","hentry","category-gundem","tag-alanlar","tag-koy","tag-milletvekili","tag-parti","tag-tarim"],"_links":{"self":[{"href":"https:\/\/ikimisli.tr\/index.php\/wp-json\/wp\/v2\/posts\/52501","targetHints":{"allow":["GET"]}}],"collection":[{"href":"https:\/\/ikimisli.tr\/index.php\/wp-json\/wp\/v2\/posts"}],"about":[{"href":"https:\/\/ikimisli.tr\/index.php\/wp-json\/wp\/v2\/types\/post"}],"author":[{"embeddable":true,"href":"https:\/\/ikimisli.tr\/index.php\/wp-json\/wp\/v2\/users\/1"}],"replies":[{"embeddable":true,"href":"https:\/\/ikimisli.tr\/index.php\/wp-json\/wp\/v2\/comments?post=52501"}],"version-history":[{"count":1,"href":"https:\/\/ikimisli.tr\/index.php\/wp-json\/wp\/v2\/posts\/52501\/revisions"}],"predecessor-version":[{"id":52503,"href":"https:\/\/ikimisli.tr\/index.php\/wp-json\/wp\/v2\/posts\/52501\/revisions\/52503"}],"wp:featuredmedia":[{"embeddable":true,"href":"https:\/\/ikimisli.tr\/index.php\/wp-json\/wp\/v2\/media\/52502"}],"wp:attachment":[{"href":"https:\/\/ikimisli.tr\/index.php\/wp-json\/wp\/v2\/media?parent=52501"}],"wp:term":[{"taxonomy":"category","embeddable":true,"href":"https:\/\/ikimisli.tr\/index.php\/wp-json\/wp\/v2\/categories?post=52501"},{"taxonomy":"post_tag","embeddable":true,"href":"https:\/\/ikimisli.tr\/index.php\/wp-json\/wp\/v2\/tags?post=52501"}],"curies":[{"name":"wp","href":"https:\/\/api.w.org\/{rel}","templated":true}]}}