{"id":52532,"date":"2025-06-29T16:24:09","date_gmt":"2025-06-29T16:24:09","guid":{"rendered":"https:\/\/ikimisli.tr\/?p=52532"},"modified":"2025-06-29T16:24:09","modified_gmt":"2025-06-29T16:24:09","slug":"125-milyon-yillik-dev-akrep-fosili-kesfedildi","status":"publish","type":"post","link":"https:\/\/ikimisli.tr\/index.php\/2025\/06\/29\/125-milyon-yillik-dev-akrep-fosili-kesfedildi\/","title":{"rendered":"125 milyon y\u0131ll\u0131k dev akrep fosili ke\u015ffedildi"},"content":{"rendered":"<p>Fosil, \u00c7in\u2019in Jehol Biota b\u00f6lgesinde, Erken Kretase devrine ili\u015fkin \u00fcnl\u00fc fosil yataklar\u0131ndan biri olan Yixian Formasyonu\u2019nda ke\u015ffedildi. Bilim insanlar\u0131, bu yeni cinse &#8216;Jeholia longchengi&#8217; ismini verdi. \u201cJeholia\u201d ismi, 133 ila 120 milyon y\u0131l evvel kuzeydo\u011fu \u00c7in\u2019de var olan Jehol ekosistemine at\u0131fta bulunurken, \u201clongchengi\u201d ise fosilin bulundu\u011fu Longcheng b\u00f6lgesinden geliyor.<\/p>\n<p>J. longchengi, yakla\u015f\u0131k 10 santimetre (4 in\u00e7) uzunlu\u011funda olup, periyodun \u00f6b\u00fcr akreplerine k\u0131yasla hayli b\u00fcy\u00fck bir t\u0131p olarak bedellendiriliyor. \u201cMesozoik \u00e7a\u011fda ya\u015fam\u0131\u015f \u00f6teki akrepler \u00e7ok daha k\u00fc\u00e7\u00fckt\u00fc, bir\u00e7oklar\u0131n\u0131n uzunlu\u011fu bu yeni \u00e7e\u015fidin yar\u0131s\u0131ndan bile k\u0131sayd\u0131,\u201d diyor ara\u015ft\u0131rman\u0131n ortak muharriri Diying Huang.<\/p>\n<p>Fosilin en dikkat cazibeli \u00f6zelliklerinden biri pentagonal (be\u015fgen) beden yap\u0131s\u0131 ve yuvarlak teneff\u00fcs a\u00e7\u0131kl\u0131klar\u0131 (spirak\u00fcller) oldu. Bu \u00f6zellikler, g\u00fcn\u00fcm\u00fczde Asya\u2019n\u0131n birtak\u0131m b\u00f6lgelerinde ya\u015fayan \u00e7a\u011fda\u015f akrep \u00e7e\u015fitleriyle benzerlik g\u00f6steriyor. Lakin, J. longchengi\u2019nin uzun bacaklar\u0131 ve ince pedipalplar\u0131 (k\u0131ska\u00e7lar\u0131), bilinen akrep tiplerinden farkl\u0131 bir yap\u0131ya sahip oldu\u011funu ortaya koyuyor.<\/p>\n<p>Bu dev akrep, muhtemelen \u00f6r\u00fcmcekler, kertenkeleler, kurba\u011falar ve k\u00fc\u00e7\u00fck memelilerle besleniyordu. Fakat bilim insanlar\u0131, fosilde a\u011f\u0131z yap\u0131s\u0131n\u0131n tam olarak korunmad\u0131\u011f\u0131n\u0131, bu nedenle kesin beslenme al\u0131\u015fkanl\u0131klar\u0131n\u0131n \u015fimdi netle\u015fmedi\u011fini belirtiyor. Gelecekte ke\u015ffedilecek yeni fosiller, J. longchengi\u2019nin beslenme tertibi ve ekosistemdeki rol\u00fcn\u00fc daha g\u00fczel anlamam\u0131z\u0131 sa\u011flayabilir.<\/p>\n<p><img decoding=\"async\" src=\"https:\/\/ikimisli.tr\/wp-content\/uploads\/2025\/06\/125-milyon-yillik-dev-akrep-fosili-kesfedildi-0-xMtZxCDN.webp\"\/><\/p>\n<p>Mesozoik \u00e7a\u011fdaki akreplerin birden fazla kehribar i\u00e7inde korunmu\u015f olarak bulunurken, bu yeni fosilin kaya katmanlar\u0131nda korunmu\u015f olmas\u0131 epeyce ender bir ke\u015fif olarak bedellendiriliyor. \u201cAkrepler ekseriyetle kayalar\u0131n alt\u0131na yahut kollar\u0131n ortas\u0131na saklanarak ya\u015fad\u0131klar\u0131 i\u00e7in, fosille\u015fme s\u00fcre\u00e7leri epey g\u00fc\u00e7 ve ender ger\u00e7ekle\u015fir\u201d diyen Huang, bu ke\u015ffin de\u011ferine vurgu yap\u0131yor.<\/p>\n<p>Jehol Biota b\u00f6lgesi, daha evvel dinozorlar, ku\u015flar, memeliler ve b\u00f6cekler \u00fczere bir\u00e7ok canl\u0131 \u00e7e\u015fidine ili\u015fkin fosillere konut sahipli\u011fi yapm\u0131\u015ft\u0131. J. longchengi\u2019nin ke\u015ffi, bu b\u00f6lgenin tarih \u00f6ncesi ekosistemine dair yeni bilgiler sa\u011fl\u0131yor.<\/p>\n<p>E\u011fer bu dev akrep g\u00fcn\u00fcm\u00fcz d\u00fcnyas\u0131nda ya\u015fasayd\u0131, k\u00fc\u00e7\u00fck hayvanlar\u0131n do\u011fal avc\u0131s\u0131 olarak ekosistemde k\u0131ymetli bir rol oynayabilirdi. Huang, \u201cBug\u00fcn\u00fcn ekosisteminde ya\u015fasayd\u0131, bir\u00e7ok k\u00fc\u00e7\u00fck omurgas\u0131z ve gen\u00e7 omurgal\u0131 hayvanlar\u0131 avlayan g\u00fc\u00e7l\u00fc bir y\u0131rt\u0131c\u0131 olurdu\u201d diyerek bu eski \u00e7e\u015fidin potansiyel avc\u0131 rol\u00fcne dikkat \u00e7ekiyor.<\/p>\n<p>Ke\u015ffedilen fosil \u015fu anda \u00c7in\u2019in Chaoyang kentindeki Fossil Valley M\u00fczesi\u2019nde koruma ediliyor.<\/p>\n","protected":false},"excerpt":{"rendered":"<p>\u00c7in\u2019de, yakla\u015f\u0131k 125 milyon y\u0131l evvel ya\u015fam\u0131\u015f dev bir zehirli akrebin fosili bulundu. Ara\u015ft\u0131rmac\u0131lar, bu eski cinsin Kretase devrindeki ekosistemde k\u0131ymetli bir avc\u0131 oldu\u011funu d\u00fc\u015f\u00fcn\u00fcyor.<\/p>\n","protected":false},"author":1,"featured_media":52533,"comment_status":"open","ping_status":"open","sticky":false,"template":"","format":"standard","meta":{"footnotes":""},"categories":[31],"tags":[7250,1375,856],"class_list":["post-52532","post","type-post","status-publish","format-standard","has-post-thumbnail","hentry","category-teknoloji","tag-akrep","tag-fosil","tag-tur"],"_links":{"self":[{"href":"https:\/\/ikimisli.tr\/index.php\/wp-json\/wp\/v2\/posts\/52532","targetHints":{"allow":["GET"]}}],"collection":[{"href":"https:\/\/ikimisli.tr\/index.php\/wp-json\/wp\/v2\/posts"}],"about":[{"href":"https:\/\/ikimisli.tr\/index.php\/wp-json\/wp\/v2\/types\/post"}],"author":[{"embeddable":true,"href":"https:\/\/ikimisli.tr\/index.php\/wp-json\/wp\/v2\/users\/1"}],"replies":[{"embeddable":true,"href":"https:\/\/ikimisli.tr\/index.php\/wp-json\/wp\/v2\/comments?post=52532"}],"version-history":[{"count":1,"href":"https:\/\/ikimisli.tr\/index.php\/wp-json\/wp\/v2\/posts\/52532\/revisions"}],"predecessor-version":[{"id":52535,"href":"https:\/\/ikimisli.tr\/index.php\/wp-json\/wp\/v2\/posts\/52532\/revisions\/52535"}],"wp:featuredmedia":[{"embeddable":true,"href":"https:\/\/ikimisli.tr\/index.php\/wp-json\/wp\/v2\/media\/52533"}],"wp:attachment":[{"href":"https:\/\/ikimisli.tr\/index.php\/wp-json\/wp\/v2\/media?parent=52532"}],"wp:term":[{"taxonomy":"category","embeddable":true,"href":"https:\/\/ikimisli.tr\/index.php\/wp-json\/wp\/v2\/categories?post=52532"},{"taxonomy":"post_tag","embeddable":true,"href":"https:\/\/ikimisli.tr\/index.php\/wp-json\/wp\/v2\/tags?post=52532"}],"curies":[{"name":"wp","href":"https:\/\/api.w.org\/{rel}","templated":true}]}}