{"id":52561,"date":"2025-06-29T18:00:07","date_gmt":"2025-06-29T18:00:07","guid":{"rendered":"https:\/\/ikimisli.tr\/?p=52561"},"modified":"2025-06-29T18:00:07","modified_gmt":"2025-06-29T18:00:07","slug":"cayirhan-enerji-iscileri-eylemlerini-yer-ustunde-devam-ettirecek","status":"publish","type":"post","link":"https:\/\/ikimisli.tr\/index.php\/2025\/06\/29\/cayirhan-enerji-iscileri-eylemlerini-yer-ustunde-devam-ettirecek\/","title":{"rendered":"\u00c7ay\u0131rhan enerji i\u015f\u00e7ileri, eylemlerini yer \u00fcst\u00fcnde devam ettirecek"},"content":{"rendered":"<p>Ankara\u2019n\u0131n Nall\u0131han \u0130l\u00e7esindeki \u00c7ay\u0131rhan Termik Santrali ve Maden Oca\u011f\u0131\u2019n\u0131n \u00f6zelle\u015ftirilmesine kar\u015f\u0131 \u00e7\u0131kan madenciler hareketlerinin 100&#8217;\u00fcnc\u00fc g\u00fcn\u00fcnde, \u00c7ay\u0131rhan Termik Santral\u0131&#8217;na ili\u015fkin arsa, bina ve maden alanlar\u0131n\u0131n bug\u00fcn d\u00fczenlenecek ihaleyle \u00f6zelle\u015ftirilmesine 2 g\u00fcn kala  kendilerini madene kapatma karar\u0131 alm\u0131\u015f, 10\u2019u termik santral personeli olmak \u00fczere toplam 50 emek\u00e7i, 2 Mart ak\u015fam\u0131 kendilerini madene kapatm\u0131\u015ft\u0131. \u00c7ay\u0131rhan Termik Santrali ve \u00c7ay\u0131rhan Maden Oca\u011f\u0131\u2019n\u0131n \u00f6zelle\u015ftirilece\u011fi ihalenin son teklif verme m\u00fchleti bug\u00fcn 18.00\u2019da sona erdi. MADEN-\u0130\u015e \u00c7ay\u0131rhan \u015eube Ba\u015fkan\u0131 Talih Kocab\u0131y\u0131k iftardan sonra bir bas\u0131n a\u00e7\u0131klamas\u0131 yapt\u0131. Kocab\u0131y\u0131k, yeralt\u0131ndaki 50 emek\u00e7inin s\u0131hhat nedenlerinden dolay\u0131 madenden \u00e7\u0131kt\u0131\u011f\u0131n\u0131 duyurarak \u015fu s\u00f6zleri kulland\u0131:<\/p>\n<p>\u201c104 g\u00fcnd\u00fcr verdi\u011fimiz u\u011fra\u015fta bug\u00fcn ihalede teklif vermenin son g\u00fcn\u00fcyd\u00fc. Sonu\u00e7lar \u015fimdi elimize ge\u00e7medi. Bildi\u011finiz \u00fczere iki g\u00fcnd\u00fcr yakla\u015f\u0131k 50 madenci arkada\u015f\u0131m\u0131z yer alt\u0131nda. S\u0131hhat sebeplerinden \u00f6t\u00fcr\u00fc risk almak istemedim ve arkada\u015flar\u0131m\u0131 \u00e7\u0131kard\u0131m.\u201d<\/p>\n<p><b><strong>\u201cM\u00fccadelemiz bitmedi, gayretimiz devam ediyor\u201d<\/strong><\/b><\/p>\n<p>Kocab\u0131y\u0131k \u00f6zelle\u015ftirmeye kar\u015f\u0131 verdikleri \u00e7abay\u0131 yer \u00fcst\u00fcnde devam ettireceklerini belirterek kelamlar\u0131na \u015fu halde devam etti:<\/p>\n<p>\u201cM\u00fccadeleye madenin a\u011fz\u0131nda devam edece\u011fiz. \u0130hale sonu\u00e7lar\u0131 netlik kazan\u0131ncaya kadar \u00e7ad\u0131rlar\u0131m\u0131z burada durmaya devam edecek. Be\u011fenmedi\u011fimiz bir durumda, bizi zora sokacak bir durumda haz\u0131r olmak ismine \u00e7ad\u0131r\u0131m\u0131z cuma g\u00fcn\u00fcne kadar burada bekleyecek. \u0130ddia ediyorum ki cuma g\u00fcn\u00fcne kadar bir a\u00e7\u0131klama gelir. Umar\u0131m olumlu sonu\u00e7lar al\u0131r\u0131z. U\u011fra\u015f\u0131m\u0131z bitmedi, gayretimiz devam ediyor.\u201d<\/p>\n<p>Kocab\u0131y\u0131k\u2019dan sonra kelam alan TES-\u0130\u015e Genel Ba\u015fkan\u0131 \u0130rfan Kabalo\u011flu da sonu\u00e7 al\u0131ncaya kadar aksiyonlar\u0131n\u0131 s\u00fcrd\u00fcreceklerini belirtirken verdiklerini gayretin memleketin k\u0131ymetleri i\u00e7in oldu\u011funun da alt\u0131n\u0131 \u00e7izdi. Kabalo\u011flu \u015funlar\u0131 kaydetti;<\/p>\n<p>\u201cKar, k\u0131\u015f demeden 104 g\u00fcnd\u00fcr burada u\u011fra\u015f veriyoruz. Bu \u00e7abay\u0131 daima birlikte verdik. \u00c7ay\u0131rhan\u2019daki \u00e7al\u0131\u015fan arkada\u015flar\u0131m\u0131z, Nall\u0131han-Beypazar\u0131 halk\u0131n\u0131n vermi\u015f oldu\u011fu dayanak, sivil toplum kurulu\u015flar\u0131n\u0131n vermi\u015f oldu\u011fu dayanak, belediyelerin vermi\u015f oldu\u011fu dayanak bizim i\u00e7in \u00e7ok pahal\u0131yd\u0131. Buradan Ankara\u2019ya kadar y\u00fcr\u00fcd\u00fck. Maliye Bakanl\u0131\u011f\u0131\u2019nda bir a\u00e7\u0131klama yapt\u0131k. Hem maden emek\u00e7ileri, hem g\u00fc\u00e7 \u00e7al\u0131\u015fanlar\u0131 asl\u0131nda \u00f6m\u00fcrleri boyunca \u00e7aba i\u00e7indeler.\u201d<\/p>\n<p><b><strong>\u201cMaalesef ki yetkililer g\u00f6z gerisi etti\u201d<\/strong><\/b><\/p>\n<p>Bizim kederimiz ekmek \u00e7abas\u0131. Bug\u00fcne kadar bu \u00e7abay\u0131 onurlu bir bi\u00e7imde arkada\u015flar\u0131m\u0131zla birlikte verdi\u011fimizi d\u00fc\u015f\u00fcn\u00fcyorum. Madene kapand\u0131 arkada\u015flar, s\u0131hhat sorunlar\u0131 ya\u015fand\u0131. Burada ya\u015fanacak olan aksilikleri maalesef ki yetkililer g\u00f6z arkas\u0131 etti. Bizim arkada\u015flar\u0131m\u0131z\u0131 riske atmam\u0131z m\u00fcmk\u00fcn de\u011fil. Yerin alt\u0131nda \u015fartlar hakikaten \u00e7ok makus. So\u011fuk ve gazl\u0131 bir ortam. O denli bir ortamda arkada\u015flar\u0131m\u0131z\u0131n durmalar\u0131na bizim g\u00f6nl\u00fcm\u00fcz raz\u0131 gelmedi.\u201d<\/p>\n<p><b><strong>\u201cBiz teslim olmad\u0131k\u201d<\/strong><\/b><\/p>\n<p>Bu demek de\u011fildir ki biz teslim olduk. Biz teslim olmad\u0131k. Biz onurlu u\u011fra\u015f\u0131m\u0131z\u0131 verdik. Bundan sonra da onurlu u\u011fra\u015f\u0131m\u0131z\u0131 verece\u011fiz. \u015eunu g\u00fczel bilmeleri laz\u0131m, biz \u00e7abay\u0131 verirken i\u015fimize, a\u015f\u0131m\u0131za sahip \u00e7\u0131kt\u0131k. Emniyet g\u00fc\u00e7lerimize hi\u00e7bir bi\u00e7imde yanl\u0131\u015f bir \u015fey yapmad\u0131k. Her t\u00fcrl\u00fc provokasyona kar\u015f\u0131n burada sendikac\u0131l\u0131\u011f\u0131n d\u0131\u015f\u0131nda bir \u015fey yapmad\u0131k. Biz sorumlu davrand\u0131k. Bundan sonra da sorumlu davranaca\u011f\u0131z. Bizim \u00f6zel kesimde de toplu kontratlar\u0131m\u0131z var. Biz orada da gayret veriyoruz. Lakin biz \u00c7ay\u0131rhan\u2019da hem yer alt\u0131 zenginliklerimiz bak\u0131m\u0131ndan, hem santralimizin \u00fclkemize neler kazand\u0131rd\u0131\u011f\u0131n\u0131 hepimiz biliyoruz. Hukuk\u00ee u\u011fra\u015f de veriyoruz bir taraftan. Hala daha g\u00f6r\u00fc\u015fmelerimiz devam ediyor. Bu bir teslimiyet de\u011fildir. Bir burada kimseye kar\u015f\u0131 aksiyon yapm\u0131yoruz. \u0130\u015fimize, a\u015f\u0131m\u0131za, memleketimizin pahalar\u0131 i\u00e7in bu hareketleri yap\u0131yoruz. Bunu bug\u00fcn yapt\u0131k, yar\u0131n da yapaca\u011f\u0131z. Bu sonu\u00e7lanana kadar biz bu gayrete devam edece\u011fiz.\u201d<\/p>\n<p>Bas\u0131n a\u00e7\u0131klamas\u0131ndan evvel yer \u00fcst\u00fcnde \u00e7aba eden personeller oru\u00e7lar\u0131n\u0131 maden a\u011fz\u0131ndaki \u00e7ad\u0131rda a\u00e7t\u0131. Direnen personellere Beypazar\u0131 Belediyesi iftarl\u0131k \u00e7orba, pide ve tatl\u0131 g\u00f6nderdi.<\/p>\n","protected":false},"excerpt":{"rendered":"<p>Ankara\u2019n\u0131n Nall\u0131han \u0130l\u00e7esindeki \u00c7ay\u0131rhan Termik Santrali ve Maden Oca\u011f\u0131\u2019n\u0131n \u00f6zelle\u015ftirilmesine kar\u015f\u0131 madene kapanan 50 g\u00fc\u00e7 personeli madenden \u00e7\u0131kt\u0131.<\/p>\n","protected":false},"author":1,"featured_media":52562,"comment_status":"open","ping_status":"open","sticky":false,"template":"","format":"standard","meta":{"footnotes":""},"categories":[25],"tags":[2802,5746,89,1129,1760],"class_list":["post-52561","post","type-post","status-publish","format-standard","has-post-thumbnail","hentry","category-gundem","tag-bizi","tag-cayirhan","tag-gun","tag-maden","tag-mucadele"],"_links":{"self":[{"href":"https:\/\/ikimisli.tr\/index.php\/wp-json\/wp\/v2\/posts\/52561","targetHints":{"allow":["GET"]}}],"collection":[{"href":"https:\/\/ikimisli.tr\/index.php\/wp-json\/wp\/v2\/posts"}],"about":[{"href":"https:\/\/ikimisli.tr\/index.php\/wp-json\/wp\/v2\/types\/post"}],"author":[{"embeddable":true,"href":"https:\/\/ikimisli.tr\/index.php\/wp-json\/wp\/v2\/users\/1"}],"replies":[{"embeddable":true,"href":"https:\/\/ikimisli.tr\/index.php\/wp-json\/wp\/v2\/comments?post=52561"}],"version-history":[{"count":1,"href":"https:\/\/ikimisli.tr\/index.php\/wp-json\/wp\/v2\/posts\/52561\/revisions"}],"predecessor-version":[{"id":52563,"href":"https:\/\/ikimisli.tr\/index.php\/wp-json\/wp\/v2\/posts\/52561\/revisions\/52563"}],"wp:featuredmedia":[{"embeddable":true,"href":"https:\/\/ikimisli.tr\/index.php\/wp-json\/wp\/v2\/media\/52562"}],"wp:attachment":[{"href":"https:\/\/ikimisli.tr\/index.php\/wp-json\/wp\/v2\/media?parent=52561"}],"wp:term":[{"taxonomy":"category","embeddable":true,"href":"https:\/\/ikimisli.tr\/index.php\/wp-json\/wp\/v2\/categories?post=52561"},{"taxonomy":"post_tag","embeddable":true,"href":"https:\/\/ikimisli.tr\/index.php\/wp-json\/wp\/v2\/tags?post=52561"}],"curies":[{"name":"wp","href":"https:\/\/api.w.org\/{rel}","templated":true}]}}