{"id":52593,"date":"2025-06-29T19:48:07","date_gmt":"2025-06-29T19:48:07","guid":{"rendered":"https:\/\/ikimisli.tr\/?p=52593"},"modified":"2025-06-29T19:48:07","modified_gmt":"2025-06-29T19:48:07","slug":"mecliste-iftarda-yoklama-gerginligi-basarir-tepki-gosterdi-bekir-bozdag-osman-gokceki-yalanladi","status":"publish","type":"post","link":"https:\/\/ikimisli.tr\/index.php\/2025\/06\/29\/mecliste-iftarda-yoklama-gerginligi-basarir-tepki-gosterdi-bekir-bozdag-osman-gokceki-yalanladi\/","title":{"rendered":"Meclis&#8217;te &#8216;iftarda yoklama&#8217; gerginli\u011fi! Ba\u015far\u0131r tepki g\u00f6sterdi; Bekir Bozda\u011f, Osman G\u00f6k\u00e7ek&#8217;i yalanlad\u0131"},"content":{"rendered":"<p>Meclis Genel \u015euras\u0131&#8217;nda &#8216;iftarda oylama&#8217; gerginli\u011fi ya\u015fand\u0131, CHP K\u00fcme Ba\u015fkanvekili Ali Uzman Ba\u015far\u0131r, AKP Ankara Milletvekili Osman G\u00f6k\u00e7ek&#8217;in ithamlar\u0131na sert s\u00f6zlerle reaksiyon g\u00f6sterdi.<\/p>\n<p>AKP&#8217;li Osman G\u00f6k\u00e7ek, toplumsal medya hesab\u0131ndan yapt\u0131\u011f\u0131 payla\u015f\u0131mda CHP&#8217;li Ali Uzman Ba\u015far\u0131r&#8217;\u0131n orucunu a\u00e7an AKP&#8217;lilerin yoklu\u011funu f\u0131rsat bilerek oylama yapt\u0131rd\u0131\u011f\u0131n\u0131 sav etti.<\/p>\n<p>G\u00f6k\u00e7ek, toplumsal medya hesab\u0131ndan yapt\u0131\u011f\u0131 a\u00e7\u0131klamada, &#8220;De\u011ferli vatanda\u015flar\u0131m\u0131z, AK Parti Milletvekilimizin oru\u00e7 a\u00e7mas\u0131n\u0131 f\u0131rsat bilen CHP k\u00fcme lider vekili Ali Yetenekli Ba\u015far\u0131r Mecliste iftar saatinde yoklama yapt\u0131rd\u0131. \u0130BB\u2019de cumaya gidenleri fi\u015fleyen CHP\u2019liler art\u0131k de iftar yapanlar\u0131 f\u0131rsat bilip meclisi kapatt\u0131rmaya \u00e7al\u0131\u015f\u0131yor. \u0130nsanlar\u0131n inanc\u0131na h\u00fcrmetiniz yok mu? Sizde hi\u00e7 utanma yok mu?&#8221; s\u00f6zlerini kulland\u0131.<\/p>\n<p>CHP Mersin Milletvekili Ba\u015far\u0131r, Osman G\u00f6k\u00e7ek&#8217;in yapt\u0131\u011f\u0131 payla\u015f\u0131ma reaksiyon g\u00f6stererek, Meclis Genel Konseyi&#8217;nde kelam ald\u0131.<\/p>\n<p>Ba\u015far\u0131r \u015funlar\u0131 s\u00f6yledi:<\/p>\n<p>&#8220;\u015eimdi ben \u00fcz\u00fclerek s\u00f6yl\u00fcyorum bunu ancak siz \u015fahitsiniz Meclis liderimiz olarak. AKP&#8217;li bir milletvekili tweet atm\u0131\u015f. &#8220;De\u011ferli vatanda\u015flar\u0131m\u0131z AK Partili milletvekillerimizin oru\u00e7 a\u00e7mas\u0131n\u0131 f\u0131rsat bilen CHP K\u00fcme lider vekili Ali Ba\u015far\u0131r, Meclis&#8217;te iftar saatinde yoklama yapt\u0131rd\u0131.&#8221; Say\u0131n ba\u015fkan\u0131m iftar saatine yak\u0131n orta verdiniz yakla\u015f\u0131k bir saate a\u015fk\u0131n m\u00fcddet milletvekillerimiz i\u015f\u00e7imiz iftar\u0131n\u0131 a\u00e7t\u0131 sonra geldiniz ve Meclis&#8217;i a\u00e7t\u0131n\u0131z ger\u00e7ek mu?&#8221;<\/p>\n<p>Bekir Bozda\u011f&#8217;a y\u00f6nelen Ba\u015far\u0131r, &#8220;Siz konu\u015fun buyurun. Art\u0131k ismini bile s\u00f6ylemekten utan\u00e7 duydu\u011fum bir milletvekili bu tweeti at\u0131yor. Olmaz bak biz siyasi rakip olabiliriz, birbirimize a\u011f\u0131r tenkitlerde bulunabiliriz lakin bu bir provokasyon. Bu olmaz, bu bir c\u00fcr\u00fcm. Ni\u00e7in ben iftar a\u00e7ma saatinde milletvekillerimizin iftar a\u00e7mas\u0131n\u0131 engellemek i\u00e7in yoklama al\u0131y\u0131m. Bir saat sonra Meclis a\u00e7\u0131lm\u0131\u015f i\u00e7 t\u00fcz\u00fck 37&#8217;ye nazaran arkada\u015f\u0131m\u0131z konu\u015fma yapm\u0131\u015f ondan sonra yoklama istemi\u015f. Art\u0131k bu \u00fclkede motor kuryeler vardiyal\u0131 \u00e7al\u0131\u015fan emek\u00e7iler, taksi s\u00fcr\u00fcc\u00fcleri yar\u0131m saat orta verip iftarlar\u0131n\u0131 a\u00e7\u0131p i\u015fine d\u00f6n\u00fcyor. Biz Meclis olarak bunu yapmayaca\u011f\u0131z m\u0131? O vakit \u015funu s\u00f6yleyin iftardan sonra Meclis \u00e7al\u0131\u015fmayacak bunu tart\u0131\u015fal\u0131m. Fakat \u015fu bir palavra Meclis&#8217;e yak\u0131\u015fmayacak bir palavra. Bu milletvekili ve ailesi art\u0131k T\u00fcrkiye&#8217;de ve maalesef Meclis&#8217;e etraf kirlili\u011fi yarat\u0131yor. Siz bunun \u015fahidisiniz bu Meclis&#8217;in sayg\u0131nl\u0131\u011f\u0131n\u0131 korumak en ba\u015fta size d\u00fc\u015fer. L\u00fctfen bu t\u00fcrl\u00fc mi oldu, olmad\u0131 ben sizden duymak isterim?&#8221; dedi.<\/p>\n<p>Bozda\u011f, &#8220;De\u011ferli milletvekilleri, biliyorsunuz, bug\u00fcnk\u00fc g\u00f6r\u00fc\u015fmeler s\u0131ras\u0131nda CHP K\u00fcmesinin teklifini oylad\u0131k ve orta verdik, elli be\u015f dakika orta verdik. Sonra \u0130\u00e7 T\u00fcz\u00fck 37 g\u00f6r\u00fc\u015f\u00fcld\u00fc, gerisinden yoklama istendi yani muhtemelen bir saati ge\u00e7ti varsay\u0131m ediyorum, CHP K\u00fcmesi o vakit yoklama talep etti; iftar saatinden herhalde bir saat vakit ge\u00e7tikten sonra&#8221; diyerek Ba\u015far\u0131r&#8217;\u0131 onaylad\u0131, G\u00f6k\u00e7ek&#8217;i ise yalanlad\u0131.<\/p>\n<p>Meclis tutanaklar\u0131na nazaran, 18.49&#8217;da birle\u015fime orta verilirken, oturum 19.49&#8217;da a\u00e7\u0131ld\u0131. Ankara&#8217;da iftar saat de 18.50.<\/p>\n","protected":false},"excerpt":{"rendered":"<p>AKP vekili Osman G\u00f6k\u00e7ek, CHP&#8217;li Ali Uzman Ba\u015far\u0131r&#8217;\u0131n iftar\u0131n\u0131 a\u00e7an AKP&#8217;lilerin yoklu\u011funu f\u0131rsat bilerek oylama yapt\u0131rd\u0131\u011f\u0131 tezi Meclis&#8217;te gerginli\u011fe neden oldu. Genel Kurul&#8217;da kelam alan Ba\u015far\u0131r, oturum kapan\u0131\u015f-a\u00e7\u0131l\u0131\u015f saatlerini do\u011frulatt\u0131\u011f\u0131 Meclis Ba\u015fkan\u0131 Bekir Bozda\u011f, Osman G\u00f6k\u00e7ek&#8217;i yalanlad\u0131.<\/p>\n","protected":false},"author":1,"featured_media":52594,"comment_status":"open","ping_status":"open","sticky":false,"template":"","format":"standard","meta":{"footnotes":""},"categories":[25],"tags":[5654,60,5493,57,1272],"class_list":["post-52593","post","type-post","status-publish","format-standard","has-post-thumbnail","hentry","category-gundem","tag-basarir","tag-chp","tag-iftar","tag-meclis","tag-saat"],"_links":{"self":[{"href":"https:\/\/ikimisli.tr\/index.php\/wp-json\/wp\/v2\/posts\/52593","targetHints":{"allow":["GET"]}}],"collection":[{"href":"https:\/\/ikimisli.tr\/index.php\/wp-json\/wp\/v2\/posts"}],"about":[{"href":"https:\/\/ikimisli.tr\/index.php\/wp-json\/wp\/v2\/types\/post"}],"author":[{"embeddable":true,"href":"https:\/\/ikimisli.tr\/index.php\/wp-json\/wp\/v2\/users\/1"}],"replies":[{"embeddable":true,"href":"https:\/\/ikimisli.tr\/index.php\/wp-json\/wp\/v2\/comments?post=52593"}],"version-history":[{"count":1,"href":"https:\/\/ikimisli.tr\/index.php\/wp-json\/wp\/v2\/posts\/52593\/revisions"}],"predecessor-version":[{"id":52595,"href":"https:\/\/ikimisli.tr\/index.php\/wp-json\/wp\/v2\/posts\/52593\/revisions\/52595"}],"wp:featuredmedia":[{"embeddable":true,"href":"https:\/\/ikimisli.tr\/index.php\/wp-json\/wp\/v2\/media\/52594"}],"wp:attachment":[{"href":"https:\/\/ikimisli.tr\/index.php\/wp-json\/wp\/v2\/media?parent=52593"}],"wp:term":[{"taxonomy":"category","embeddable":true,"href":"https:\/\/ikimisli.tr\/index.php\/wp-json\/wp\/v2\/categories?post=52593"},{"taxonomy":"post_tag","embeddable":true,"href":"https:\/\/ikimisli.tr\/index.php\/wp-json\/wp\/v2\/tags?post=52593"}],"curies":[{"name":"wp","href":"https:\/\/api.w.org\/{rel}","templated":true}]}}