{"id":52602,"date":"2025-06-29T20:24:08","date_gmt":"2025-06-29T20:24:08","guid":{"rendered":"https:\/\/ikimisli.tr\/?p=52602"},"modified":"2025-06-29T20:24:08","modified_gmt":"2025-06-29T20:24:08","slug":"evcil-hayvanlari-olanlar-dikkat-31-aralik-2025-son-tarih","status":"publish","type":"post","link":"https:\/\/ikimisli.tr\/index.php\/2025\/06\/29\/evcil-hayvanlari-olanlar-dikkat-31-aralik-2025-son-tarih\/","title":{"rendered":"Evcil hayvanlar\u0131 olanlar dikkat! 31 Aral\u0131k 2025 son tarih"},"content":{"rendered":"<p>&#8220;Kedi, K\u00f6pek ve Gelinciklerin Kimliklendirilmesi ve Kay\u0131t Alt\u0131na Al\u0131nmas\u0131na Dair Y\u00f6netmelikte De\u011fi\u015fiklik Yap\u0131lmas\u0131na Ait Y\u00f6netmelik&#8221;, Resmi Gazete&#8217;de yay\u0131mland\u0131.<\/p>\n<p>Y\u00f6netmelik kapsam\u0131nda t\u00fcm kedi ve k\u00f6pekler, il\/il\u00e7e tar\u0131m ve orman m\u00fcd\u00fcrl\u00fckleri ya da yetkili kurumlar arac\u0131l\u0131\u011f\u0131yla kimliklendirilecek.<\/p>\n<p>Yerel idare, ger\u00e7ek yahut hukuksal \u015fah\u0131slar ile \u00f6zel hayvan ya\u015famevleri taraf\u0131ndan, hayvan bak\u0131mevlerinden sahiplenilen kedi ve k\u00f6peklerin, sorumlu veteriner doktor taraf\u0131ndan Bakanl\u0131k kay\u0131t sistemine kaydedilmesi ve hayvan pasaportunun olu\u015fturulmas\u0131yla yetkili, misyonlu ve sorumlu olacak.<\/p>\n<p><b>\u00d6ZEL HAYVAN YA\u015eAMEV\u0130<\/b><\/p>\n<p>Bakanl\u0131ktan m\u00fcsaade al\u0131nmak suretiyle ger\u00e7ek yahut \u00f6zel hukuk h\u00fckm\u00ee \u015fah\u0131slar\u0131nca kurulan ve hayvanlar\u0131n bar\u0131nd\u0131r\u0131ld\u0131\u011f\u0131 tesisler, &#8220;\u00d6zel hayvan ya\u015famevi&#8221; ismini alacak. \u00d6zel hayvan ya\u015famevleri, hayvan bak\u0131mevlerinden sahiplendikleri mesken hayvanlar\u0131n\u0131n vefat ve kay\u0131p bilgilerini il\/il\u00e7e m\u00fcd\u00fcrl\u00fc\u011f\u00fcne m\u00fchleti i\u00e7erisinde bildirmekle sorumlu ve y\u00fck\u00fcml\u00fc olacak.<\/p>\n<p>\u00d6zel hayvan ya\u015famevi sahibi Y\u00f6netmelikte yer alan y\u00fck\u00fcml\u00fcl\u00fcklerini yerine getirmemesinden, eksik ya da yan\u0131lg\u0131l\u0131 vermi\u015f oldu\u011fu beyanlar\u0131 nedeniyle olu\u015facak t\u00fcm olumsuzluk ve kusurlardan sorumlu olacak \u00d6zel hayvan ya\u015famevi sahipleri konut hayvanlar\u0131n\u0131n her t\u00fcrl\u00fc bak\u0131m ve beslenmesinden sorumlu olup, mesken hayvanlar\u0131n\u0131 terk edemeyecek, sahiplendiremeyecek ve \u00f6zel hayvan ya\u015famevinde Bakanl\u0131ktan al\u0131nan izinde yer alan kapasitenin \u00fczerinde mesken hayvan\u0131 bar\u0131nd\u0131ramayacak.<\/p>\n<p><b>M\u0130KRO\u00c7\u0130P UYGULAMASI<\/b><\/p>\n<p>Y\u00f6netmelikte yap\u0131lan bir ba\u015fka de\u011fi\u015fiklikle mikro\u00e7ip, hayvanlar\u0131n iki skapula (k\u00fcrek kemi\u011fi) ortas\u0131na yahut boynun kula\u011fa yak\u0131n b\u00f6lgesine yerle\u015ftirilebilecek. Genetik yatk\u0131nl\u0131\u011f\u0131 olan birtak\u0131m \u0131rklarda ise bacak yahut g\u00f6\u011f\u00fcs b\u00f6lgesine tak\u0131labilecek.<\/p>\n<p>Yap\u0131lan d\u00fczenlemeyle birlikte, &#8220;Bar\u0131nak&#8221; ibaresi &#8220;Hayvan bak\u0131mevi&#8221; bi\u00e7iminde de\u011fi\u015ftirildi.<\/p>\n<p>Sahipsiz hayvanlar\u0131n hayvan bak\u0131mevleri taraf\u0131ndan ger\u00e7ek yahut hukuk\u00ee ki\u015filikler ile \u00f6zel hayvan ya\u015famevlerine verilmesi halinde bu hayvanlar hakk\u0131nda sahipsiz hayvan edinme formu d\u00fczenlenerek mahall\u00ee idarelerde vazifeli yetkili veteriner tabip taraf\u0131ndan, sahiplendirme tarihinden itibaren en ge\u00e7 on g\u00fcn i\u00e7erisinde yeni pasaport d\u00fczenlenecek ve bilgi taban\u0131na kaydedilecek.<\/p>\n<p>Kay\u0131tl\u0131 konut hayvanlar\u0131n\u0131n mevti halinde 30 g\u00fcn i\u00e7erisinde, kaybolmas\u0131 halinde 7 g\u00fcn i\u00e7erisinde konut hayvan\u0131 sahibi durumu il\/il\u00e7e m\u00fcd\u00fcrl\u00fc\u011f\u00fcne ya da Bakanl\u0131k\u00e7a yetki verilmi\u015f kurum\/kurulu\u015f, ger\u00e7ek yahut h\u00fckm\u00ee bireylere bildirmesi gerekecek.<\/p>\n<p><b>SON TAR\u0130H: 31 ARALIK 2025<\/b><\/p>\n<p>T\u00fcm kedi ve k\u00f6pek sahipleri, il\/il\u00e7e m\u00fcd\u00fcrl\u00fc\u011f\u00fcne ya da Bakanl\u0131k\u00e7a yetki verilen kurum\/kurulu\u015f, ger\u00e7ek yahut h\u00fckm\u00ee \u015fah\u0131slara m\u00fcracaat yaparak her ya\u015ftaki hayvanlar\u0131n\u0131 en ge\u00e7 31 Aral\u0131k 2025 tarihine kadar kimliklendirerek kay\u0131t alt\u0131na ald\u0131rmakla y\u00fck\u00fcml\u00fc olacak.<\/p>\n","protected":false},"excerpt":{"rendered":"<p>Tar\u0131m ve Orman Bakanl\u0131\u011f\u0131, kedi, k\u00f6pek ve gelinciklerin kimliklendirilmesi ve kay\u0131t alt\u0131na al\u0131nmas\u0131na dair y\u00f6netmelikte de\u011fi\u015fiklik yapt\u0131. Resmi Gazete&#8217;de yay\u0131mlanan yeni d\u00fczenlemeye nazaran, kedi ve k\u00f6pek sahipleri 31 Aral\u0131k 2025\u2019e kadar hayvanlar\u0131n\u0131 kay\u0131t alt\u0131na ald\u0131rmak zorunda.<\/p>\n","protected":false},"author":1,"featured_media":52603,"comment_status":"open","ping_status":"open","sticky":false,"template":"","format":"standard","meta":{"footnotes":""},"categories":[25],"tags":[2495,539,263,2748,2045],"class_list":["post-52602","post","type-post","status-publish","format-standard","has-post-thumbnail","hentry","category-gundem","tag-bakanlik","tag-bakim","tag-hayvan","tag-sorumlu","tag-yetki"],"_links":{"self":[{"href":"https:\/\/ikimisli.tr\/index.php\/wp-json\/wp\/v2\/posts\/52602","targetHints":{"allow":["GET"]}}],"collection":[{"href":"https:\/\/ikimisli.tr\/index.php\/wp-json\/wp\/v2\/posts"}],"about":[{"href":"https:\/\/ikimisli.tr\/index.php\/wp-json\/wp\/v2\/types\/post"}],"author":[{"embeddable":true,"href":"https:\/\/ikimisli.tr\/index.php\/wp-json\/wp\/v2\/users\/1"}],"replies":[{"embeddable":true,"href":"https:\/\/ikimisli.tr\/index.php\/wp-json\/wp\/v2\/comments?post=52602"}],"version-history":[{"count":1,"href":"https:\/\/ikimisli.tr\/index.php\/wp-json\/wp\/v2\/posts\/52602\/revisions"}],"predecessor-version":[{"id":52604,"href":"https:\/\/ikimisli.tr\/index.php\/wp-json\/wp\/v2\/posts\/52602\/revisions\/52604"}],"wp:featuredmedia":[{"embeddable":true,"href":"https:\/\/ikimisli.tr\/index.php\/wp-json\/wp\/v2\/media\/52603"}],"wp:attachment":[{"href":"https:\/\/ikimisli.tr\/index.php\/wp-json\/wp\/v2\/media?parent=52602"}],"wp:term":[{"taxonomy":"category","embeddable":true,"href":"https:\/\/ikimisli.tr\/index.php\/wp-json\/wp\/v2\/categories?post=52602"},{"taxonomy":"post_tag","embeddable":true,"href":"https:\/\/ikimisli.tr\/index.php\/wp-json\/wp\/v2\/tags?post=52602"}],"curies":[{"name":"wp","href":"https:\/\/api.w.org\/{rel}","templated":true}]}}