{"id":52637,"date":"2025-06-29T22:12:09","date_gmt":"2025-06-29T22:12:09","guid":{"rendered":"https:\/\/ikimisli.tr\/?p=52637"},"modified":"2025-06-29T22:12:09","modified_gmt":"2025-06-29T22:12:09","slug":"cayirhanin-satisindan-vazgecme-sinyali","status":"publish","type":"post","link":"https:\/\/ikimisli.tr\/index.php\/2025\/06\/29\/cayirhanin-satisindan-vazgecme-sinyali\/","title":{"rendered":"\u00c7ay\u0131rhan\u2019\u0131n sat\u0131\u015f\u0131ndan vazge\u00e7me sinyali"},"content":{"rendered":"<p>\u00d6zelle\u015ftirme Y\u00f6netimi Ba\u015fkanl\u0131\u011f\u0131\u2019ndan (\u00d6\u0130B) \u00c7ay\u0131rhan Termik Santrali ile maden alanlar\u0131n\u0131n \u00f6zelle\u015ftirilmesiyle ilgili son g\u00fcnde kritik bir a\u00e7\u0131klama geldi. Emek\u00e7i hareketlerine kar\u015f\u0131n ihaleyi ger\u00e7ekle\u015ftirmekte kararl\u0131 olan \u00d6\u0130B, a\u00e7\u0131k art\u0131rmada olu\u015facak en y\u00fcksek teklifin muhammen bedelin alt\u0131nda kalmas\u0131 halinde ihalenin iptal edilece\u011fini a\u00e7\u0131klad\u0131.<\/p>\n<p><strong>BEDEL A\u00c7IKLANMADI<\/strong><\/p>\n<p>Ancak \u00d6\u0130B, \u00c7ay\u0131rhan i\u00e7in hesaplanm\u0131\u015f muhammen bedelin ne kadar oldu\u011fu konusunda bilgi vermedi. \u00d6\u0130B\u2019in, \u00c7ay\u0131rhan i\u00e7in son tekliflerin al\u0131naca\u011f\u0131 g\u00fcn\u00fcn sabah\u0131nda (d\u00fcn) yapt\u0131\u011f\u0131 a\u00e7\u0131klamaya nazaran teklif veren t\u00fcm firmalarla ileri bir tarihte pazarl\u0131k g\u00f6r\u00fc\u015fmeleri yap\u0131lacak. Daha sonra a\u00e7\u0131k art\u0131rmaya ge\u00e7ilecek. Olu\u015fan en y\u00fcksek teklif, \u00d6\u0130B\u2019in evvelden belirledi\u011fi \u2018gizli\u2019 say\u0131n\u0131n alt\u0131nda kalm\u0131\u015fsa ihale iptal edilecek.<\/p>\n<p><strong>N\u0130HA\u0130 KARAR \u0130KT\u0130DARIN<\/strong><\/p>\n<p>A\u00e7\u0131klamada, teklifin, muhammen bedelin \u00fczerinde olu\u015fmas\u0131 halinde sat\u0131\u015f\u0131n ger\u00e7ekle\u015ftirilece\u011fi \u00fczere bir s\u00f6z\u00fcn yer almamas\u0131 dikkat \u00e7ekti. Lakin uygulamada, bu t\u00fcrl\u00fc bir durumda sonuncu karar\u0131 iktidar veriyor.<\/p>\n<p>Son a\u00e7\u0131klamay\u0131 yorumlayan kaynaklar, \u201cAnayasa de\u011fi\u015fikli\u011fi plan\u0131 yapan iktidar bu s\u00fcre\u00e7te emek\u00e7iyi kar\u015f\u0131s\u0131na almamak i\u00e7in \u00c7ay\u0131rhan sat\u0131\u015f\u0131n\u0131 ask\u0131ya almak istemi\u015f olabilir. \u2018\u0130\u015f\u00e7i hareket yapt\u0131, iktidara geri ad\u0131m att\u0131rd\u0131\u2019 dedirtmemek i\u00e7in de \u2018muhammen bedel\u2019 gerek\u00e7esiyle iptal karar\u0131 \u00e7\u0131kabilir. Muhammen bedel bilinmedi\u011fi i\u00e7in bu t\u00fcrl\u00fc bir iptal s\u0131k\u0131nt\u0131 de\u011fil. Tabi adrese teslim bir sat\u0131\u015f maksad\u0131 yoksa\u201d dediler.<\/p>\n<p><img decoding=\"async\" src=\"https:\/\/ikimisli.tr\/wp-content\/uploads\/2025\/06\/cayirhanin-satisindan-vazgecme-sinyali-0-c7BGL8eW.jpg\"\/><\/p>\n<p><b><span>Yava\u015f\u2019tan emek\u00e7ilere destek<\/span><\/b><\/p>\n<p>\u00c7ay\u0131rhan Termik Santrali ve Maden Oca\u011f\u0131\u2019n\u0131n iktidar taraf\u0131ndan \u00f6zelle\u015ftirilmesine kar\u015f\u0131 \u00e7\u0131kan madenciler aksiyonlar\u0131n\u0131 s\u00fcrd\u00fcr\u00fcyor. 10\u2019u termik santral \u00e7al\u0131\u015fan\u0131 olmak \u00fczere toplam 50 personel, evvelki ak\u015fam kendilerini yerin 800 metre alt\u0131ndaki madene kapatt\u0131. Madenin giri\u015finde toplanan 100\u2019e yak\u0131n emek\u00e7i de \u201cEnerji vatand\u0131r, vatan sat\u0131lmaz\u201d slogan\u0131 att\u0131.<\/p>\n<p>Ankara B\u00fcy\u00fck\u015fehir Belediye Ba\u015fkan\u0131 Mansur Yava\u015f direnen madencileri ziyaret ederek takviyesini a\u00e7\u0131klad\u0131. Madencilerle birlikte iftar yapan Yava\u015f, \u201cMadenci karde\u015flerimizle iftarda bir ortaya geldik. Eme\u011fin en \u015fanl\u0131 paha oldu\u011funu biliyor, al\u0131n teriyle ekme\u011fini kazanan madencilerimizin hakl\u0131 gayretlerinde yanlar\u0131nda olmaya devam ediyoruz\u201d dedi.<\/p>\n<p><b><span>\u00d6zelle\u015ftirme Y\u00f6netimi: Emek\u00e7ilerin istedi\u011fi oldu<\/span><\/b><\/p>\n<p>\u00d6\u0130B\u2019in a\u00e7\u0131klamas\u0131nda, sendikalardan gelen itirazlar do\u011frultusunda ihale \u015fartnamesinde personel lehine de\u011fi\u015fiklikler yap\u0131ld\u0131\u011f\u0131 da belirtildi. Hala 1994 olan \u00e7al\u0131\u015fan say\u0131s\u0131 2050\u2019ye \u00e7\u0131kar\u0131lacak ve bu say\u0131 5 y\u0131l boyunca korunacak. \u0130\u015ften \u00e7\u0131kar\u0131lan personel lojmanda bir y\u0131l kalmaya devam edecek. \u00dcretimle ilgisi olmayan alanlar sat\u0131lmayacak. Elektrik al\u0131m garantisi verilmeyecek. Sendika yetkilileri, \u201c2050 personel mevcutlarla m\u0131 korunacak belirtilmiyor. \u0130\u015fveren mevcut emek\u00e7ileri at\u0131p 2050 yeni emek\u00e7i alabilir\u201d dediler.<\/p>\n<p><b><span>\u2018\u00c7ay\u0131rhan sat\u0131l\u0131rsa elektrik zamlan\u0131r\u2019<\/span><\/b><\/p>\n<p>CHP Genel Lider Yard\u0131mc\u0131s\u0131 Deniz Yavuzy\u0131lmaz, ihaleyi alan firman\u0131n bir y\u0131lda 120 milyon dolar, 35 y\u0131ll\u0131k m\u00fchlet sonunda da 4.2 milyar dolar kazanaca\u011f\u0131n\u0131 hesaplad\u0131. \u00d6\u0130B\u2019in a\u00e7\u0131klamad\u0131\u011f\u0131 muhammen bedelin bu say\u0131ya yakla\u015f\u0131p yakla\u015fmad\u0131\u011f\u0131 bilinmiyor. Yavuzy\u0131lmaz, toplumsal medya hesab\u0131ndan yapt\u0131\u011f\u0131 payla\u015f\u0131mda \u00c7ay\u0131rhan\u2019\u0131n \u00f6zelle\u015ftirilmesi halinde kamunun elektrik \u00fcretimindeki hissesinin y\u00fczde 17\u2019nin alt\u0131na d\u00fc\u015fece\u011fini, bunun da piyasa elektrik fiyatlar\u0131n\u0131 y\u00fckseltip vatanda\u015f\u0131n elektrik faturalar\u0131na art\u0131r\u0131m olarak yans\u0131yaca\u011f\u0131n\u0131 s\u00f6yledi.<\/p>\n","protected":false},"excerpt":{"rendered":"<p>\u00c7ay\u0131rhan Termik Santrali\u2019nin sat\u0131\u015f\u0131na kar\u015f\u0131 \u00e7aba kararl\u0131l\u0131kla s\u00fcr\u00fcyor \u00d6zelle\u015ftirme Y\u00f6netimi \u2018Teklifler d\u00fc\u015f\u00fck olursa sat\u0131\u015f iptal edilir\u2019 a\u00e7\u0131klamas\u0131 yapt\u0131.<\/p>\n","protected":false},"author":1,"featured_media":52638,"comment_status":"open","ping_status":"open","sticky":false,"template":"","format":"standard","meta":{"footnotes":""},"categories":[25],"tags":[5746,79,857,1129,7259],"class_list":["post-52637","post","type-post","status-publish","format-standard","has-post-thumbnail","hentry","category-gundem","tag-cayirhan","tag-elektrik","tag-isci","tag-maden","tag-muhammen-bedel"],"_links":{"self":[{"href":"https:\/\/ikimisli.tr\/index.php\/wp-json\/wp\/v2\/posts\/52637","targetHints":{"allow":["GET"]}}],"collection":[{"href":"https:\/\/ikimisli.tr\/index.php\/wp-json\/wp\/v2\/posts"}],"about":[{"href":"https:\/\/ikimisli.tr\/index.php\/wp-json\/wp\/v2\/types\/post"}],"author":[{"embeddable":true,"href":"https:\/\/ikimisli.tr\/index.php\/wp-json\/wp\/v2\/users\/1"}],"replies":[{"embeddable":true,"href":"https:\/\/ikimisli.tr\/index.php\/wp-json\/wp\/v2\/comments?post=52637"}],"version-history":[{"count":1,"href":"https:\/\/ikimisli.tr\/index.php\/wp-json\/wp\/v2\/posts\/52637\/revisions"}],"predecessor-version":[{"id":52640,"href":"https:\/\/ikimisli.tr\/index.php\/wp-json\/wp\/v2\/posts\/52637\/revisions\/52640"}],"wp:featuredmedia":[{"embeddable":true,"href":"https:\/\/ikimisli.tr\/index.php\/wp-json\/wp\/v2\/media\/52638"}],"wp:attachment":[{"href":"https:\/\/ikimisli.tr\/index.php\/wp-json\/wp\/v2\/media?parent=52637"}],"wp:term":[{"taxonomy":"category","embeddable":true,"href":"https:\/\/ikimisli.tr\/index.php\/wp-json\/wp\/v2\/categories?post=52637"},{"taxonomy":"post_tag","embeddable":true,"href":"https:\/\/ikimisli.tr\/index.php\/wp-json\/wp\/v2\/tags?post=52637"}],"curies":[{"name":"wp","href":"https:\/\/api.w.org\/{rel}","templated":true}]}}