{"id":52748,"date":"2025-06-30T04:24:06","date_gmt":"2025-06-30T04:24:06","guid":{"rendered":"https:\/\/ikimisli.tr\/?p=52748"},"modified":"2025-06-30T04:24:06","modified_gmt":"2025-06-30T04:24:06","slug":"40-milyon-yillik-tarihi-olan-gizli-magara-kayanin-altinda-sir-saklayan-kose","status":"publish","type":"post","link":"https:\/\/ikimisli.tr\/index.php\/2025\/06\/30\/40-milyon-yillik-tarihi-olan-gizli-magara-kayanin-altinda-sir-saklayan-kose\/","title":{"rendered":"40 milyon y\u0131ll\u0131k tarihi olan gizli ma\u011fara: Kayan\u0131n alt\u0131nda s\u0131r saklayan k\u00f6\u015fe"},"content":{"rendered":"<p>Da\u011flar ve \u0131ss\u0131z \u00e7ay\u0131rlar ortas\u0131nda, sisin eski efsaneleri f\u0131s\u0131ldad\u0131\u011f\u0131 bir noktada, vaktin \u00f6tesine ge\u00e7en bir yer bulunuyor: Arpea Ma\u011faras\u0131.\u00a0<\/p>\n<p>Sadece bir ma\u011fara de\u011fil, d\u00fcnyay\u0131 ikiye ay\u0131ran bir izlenim veren e\u011fimli ve katmanl\u0131 duvarlar\u0131yla, 40 milyon y\u0131ll\u0131k bir jeolojik tan\u0131kl\u0131k sunuyor. Bu e\u015fsiz olu\u015fum, tabiat\u0131n tarihine dair k\u0131ymetli bir s\u0131r ta\u015f\u0131yor.<\/p>\n<p>Ancak bu ma\u011fara, yaln\u0131zca jeolojik ge\u00e7mi\u015fiyle de\u011fil, birebir vakitte gizemli atmosferiyle de dikkat \u00e7ekiyor. G\u00fcn\u00fcm\u00fczde h\u00e2l\u00e2 varl\u0131\u011f\u0131n\u0131 s\u00fcrd\u00fcren mitolojik k\u0131ssalara ilham kayna\u011f\u0131 olmu\u015ftur. Bilim ve efsanenin i\u00e7 i\u00e7e ge\u00e7ti\u011fi bir ke\u015fif arayanlar i\u00e7in Arpea Ma\u011faras\u0131, tam da arad\u0131klar\u0131 yer.<\/p>\n<div>\n<p>Arpea Ma\u011faras\u0131&#8217;n\u0131n duvarlar\u0131, sadece bir tabiat ola\u011fan\u00fcst\u00fcs\u00fc de\u011fil, t\u0131pk\u0131 vakitte ge\u00e7mi\u015fin derin izlerini ta\u015f\u0131yan bir ar\u015fiv niteli\u011findedir. Kaya katmanlar\u0131n\u0131n ayk\u0131r\u0131 &#8220;V&#8221; bi\u00e7iminde dizilimi, milyonlarca y\u0131l s\u00fcren tektonik hareketlerin izlerini yans\u0131tarak, D\u00fcnya&#8217;n\u0131n \u015fekillenmesine yol a\u00e7an bir \u00e7arp\u0131\u015fman\u0131n sonucunu g\u00f6zler \u00f6n\u00fcne seriyor. \u0130ncecik kaya katmanlar\u0131, her biri D\u00fcnya tarihinin farkl\u0131 bir sayfas\u0131n\u0131 olu\u015fturuyor ve her k\u0131vr\u0131mda yakla\u015f\u0131k 20.000 y\u0131ll\u0131k evrimsel de\u011fi\u015fim izlenebiliyor.<\/p>\n<\/p><\/div>\n<p><b>G\u00f6r\u00fcnmeyen bir g\u00fc\u00e7 da\u011f\u0131 ikiye b\u00f6lm\u00fc\u015f<\/b><\/p>\n<p>Ancak en dikkat cazip \u00f6zellik, da\u011f\u0131n kendine has yap\u0131s\u0131d\u0131r. G\u00fcya g\u00f6r\u00fcnmeyen bir g\u00fc\u00e7 taraf\u0131ndan ikiye b\u00f6l\u00fcnm\u00fc\u015f \u00fczere duran bu yap\u0131, tarih \u00f6ncesi \u00e7a\u011flardan itibaren bir s\u0131\u011f\u0131nak fonksiyonu g\u00f6rm\u00fc\u015f do\u011fal bir bar\u0131nak sunuyor. Ma\u011fara, derin olmasa da \u00e7obanlar, gezginler ve kimi rivayetlere nazaran Bask mitolojisindeki yarat\u0131klar i\u00e7in inan\u00e7l\u0131 bir s\u0131\u011f\u0131nak olmu\u015ftur.<\/p>\n<p>Arpea Ma\u011faras\u0131, yaln\u0131zca jeolojik bir kusursuz de\u011fil, birebir vakitte derin bir gizeme sahip bir yer olarak dikkat \u00e7ekiyor. Garip sil\u00fceti ve \u0131ss\u0131z pozisyonu, ku\u015faktan nesile aktar\u0131lan say\u0131s\u0131z efsanenin do\u011fmas\u0131na sebep olmu\u015ftur. Ma\u011fara i\u00e7inde, insanlar\u0131n yerle\u015fiminden evvel bu topraklarda ya\u015fam\u0131\u015f olan Bask mitolojisindeki devlerin, jentilaklar\u0131n izlerinin bulundu\u011fu anlat\u0131l\u0131r. \u00d6teki efsaneler ise bilinmeyen g\u00fc\u00e7lerden, r\u00fczgar\u0131n ta\u015f\u0131d\u0131\u011f\u0131 f\u0131s\u0131lt\u0131lardan ve ma\u011faran\u0131n a\u00e7\u0131klanamayan bir g\u00fc\u00e7le titre\u015fti\u011fi gecelerden bahseder.<\/p>\n<p>Ger\u00e7ek ne olursa olsun, bu b\u00f6lgeye ad\u0131m att\u0131\u011f\u0131n\u0131zda vaktin \u00f6tesinde bir yerde oldu\u011funuz hissi ka\u00e7\u0131n\u0131lmaz bir bi\u00e7imde sizi sarar.<\/p>\n<div>\n<p>Arpea Ma\u011faras\u0131&#8217;na ula\u015f\u0131m, gizemli havas\u0131na kar\u015f\u0131n hayli kolayd\u0131r. Orbaitzeta kasabas\u0131ndan Fransa hududuna hakikat uzanan yol, Orbaitzeta silah fabrikas\u0131 ve 18. y\u00fczy\u0131ldan kalma askeri kompleks \u00fczere tarihi kal\u0131nt\u0131lar\u0131n yan\u0131ndan ge\u00e7iyor. K\u0131sa bir seyahatin akabinde dar bir asfalt patika, sizi ma\u011faraya giden yolun ba\u015flang\u0131\u00e7 noktas\u0131 olan Azpegui Ge\u00e7idi&#8217;ne ula\u015ft\u0131r\u0131r.<\/p>\n<\/p><\/div>\n<p>Bir kilometreden biraz daha uzun olan patika, Arpea Ma\u011faras\u0131&#8217;na ger\u00e7ek yava\u015f\u00e7a inerken, da\u011f i\u00e7 k\u0131sm\u0131n\u0131 g\u00f6zler \u00f6n\u00fcne seren tiyatrovari bir bi\u00e7imde a\u00e7\u0131l\u0131r. Herkesin rahat\u00e7a kat\u0131labilece\u011fi bu y\u00fcr\u00fcy\u00fc\u015f yolu, ya\u011f\u0131\u015fl\u0131 periyotlarda kayganla\u015fabilen yer nedeniyle dikkat gerektirebilir.<\/p>\n<p>Arpea Ma\u011faras\u0131&#8217;nda ke\u015fif, yaln\u0131zca ma\u011fara ile hudutlu kalmaz. Gezginler, birka\u00e7 dakika uzakl\u0131kta, vaktin izlerini ta\u015f\u0131yan ve fonksiyonlar\u0131 hala tam olarak \u00e7\u00f6z\u00fclemeyen megalitik yap\u0131lar olan Azpegui ve Organbide kromlehlerini ke\u015ffetme f\u0131rsat\u0131na sahiptir. Bu ta\u015f \u00e7emberler, cet rit\u00fcellerinde kullan\u0131lm\u0131\u015f ve ge\u00e7mi\u015fin h\u00e2l\u00e2 ya\u015fad\u0131\u011f\u0131 bir toprakta oldu\u011funuz hissini peki\u015ftiriyor.<\/p>\n<p>Tarih, gizem ve tabiat\u0131n i\u00e7 i\u00e7e ge\u00e7ti\u011fi bu b\u00f6lge, farkl\u0131 bir macera arayanlar i\u00e7in Arpea Ma\u011faras\u0131&#8217;n\u0131 bilinmezli\u011fe a\u00e7\u0131lan bir kap\u0131 haline getiriyor. Jeoloji ve folklorun birle\u015fti\u011fi bu nokta, adeta antik bir masaldan f\u0131rlam\u0131\u015f \u00fczere bir atmosfere sahip.<\/p>\n","protected":false},"excerpt":{"rendered":"<p>Navarrese Pireneleri&#8217;nin bilinmeyen bir k\u00f6\u015fesinde, milyonlarca y\u0131l \u00f6ncesine ili\u015fkin ta\u015flara kaz\u0131nm\u0131\u015f bir tarih ke\u015ffedilmeyi bekliyor. Gizemli bir giri\u015fe sahip, duvarlar\u0131 vaktin izlerini ta\u015f\u0131yan ve her k\u00f6\u015fesi s\u0131rlarla dolu olan bu ma\u011fara, b\u00f6lgenin derinliklerinde yer al\u0131yor. Pekala, bu e\u015fsiz do\u011fal yap\u0131n\u0131n i\u00e7inde hangi kadim s\u0131rlar bilinmeyen?<\/p>\n","protected":false},"author":1,"featured_media":52749,"comment_status":"open","ping_status":"open","sticky":false,"template":"","format":"standard","meta":{"footnotes":""},"categories":[43],"tags":[2037,2459,1461,500],"class_list":["post-52748","post","type-post","status-publish","format-standard","has-post-thumbnail","hentry","category-dunya","tag-magara","tag-tarih","tag-tas","tag-yol"],"_links":{"self":[{"href":"https:\/\/ikimisli.tr\/index.php\/wp-json\/wp\/v2\/posts\/52748","targetHints":{"allow":["GET"]}}],"collection":[{"href":"https:\/\/ikimisli.tr\/index.php\/wp-json\/wp\/v2\/posts"}],"about":[{"href":"https:\/\/ikimisli.tr\/index.php\/wp-json\/wp\/v2\/types\/post"}],"author":[{"embeddable":true,"href":"https:\/\/ikimisli.tr\/index.php\/wp-json\/wp\/v2\/users\/1"}],"replies":[{"embeddable":true,"href":"https:\/\/ikimisli.tr\/index.php\/wp-json\/wp\/v2\/comments?post=52748"}],"version-history":[{"count":1,"href":"https:\/\/ikimisli.tr\/index.php\/wp-json\/wp\/v2\/posts\/52748\/revisions"}],"predecessor-version":[{"id":52750,"href":"https:\/\/ikimisli.tr\/index.php\/wp-json\/wp\/v2\/posts\/52748\/revisions\/52750"}],"wp:featuredmedia":[{"embeddable":true,"href":"https:\/\/ikimisli.tr\/index.php\/wp-json\/wp\/v2\/media\/52749"}],"wp:attachment":[{"href":"https:\/\/ikimisli.tr\/index.php\/wp-json\/wp\/v2\/media?parent=52748"}],"wp:term":[{"taxonomy":"category","embeddable":true,"href":"https:\/\/ikimisli.tr\/index.php\/wp-json\/wp\/v2\/categories?post=52748"},{"taxonomy":"post_tag","embeddable":true,"href":"https:\/\/ikimisli.tr\/index.php\/wp-json\/wp\/v2\/tags?post=52748"}],"curies":[{"name":"wp","href":"https:\/\/api.w.org\/{rel}","templated":true}]}}