{"id":52994,"date":"2025-06-30T19:00:10","date_gmt":"2025-06-30T19:00:10","guid":{"rendered":"https:\/\/ikimisli.tr\/?p=52994"},"modified":"2025-06-30T19:00:10","modified_gmt":"2025-06-30T19:00:10","slug":"izmir-buyuksehir-belediye-baskani-duyurdu-kent-lokantalarinda-iftar-ucretsiz-hale-getirilebilir","status":"publish","type":"post","link":"https:\/\/ikimisli.tr\/index.php\/2025\/06\/30\/izmir-buyuksehir-belediye-baskani-duyurdu-kent-lokantalarinda-iftar-ucretsiz-hale-getirilebilir\/","title":{"rendered":"\u0130zmir B\u00fcy\u00fck\u015fehir Belediye Ba\u015fkan\u0131 duyurdu: Kent lokantalar\u0131nda iftar \u00fccretsiz hale getirilebilir"},"content":{"rendered":"<p>\u0130zmir B\u00fcy\u00fck\u015fehir Belediye Ba\u015fkan\u0131 Cemil Tugay, Kent Lokantalar\u0131&#8217;nda 3 g\u00fcnd\u00fcr fiyats\u0131z iftar program\u0131 d\u00fczenlendi\u011fini belirterek, &#8220;50 liral\u0131k bir fiyat belirlemi\u015ftik fakat son \u00fc\u00e7 g\u00fcnd\u00fcr iftarlar\u0131 fiyats\u0131z da\u011f\u0131t\u0131yoruz. Tamam\u0131n\u0131 fiyats\u0131z yapmak i\u00e7in sponsorlar ve destek\u00e7iler bulmaya \u00e7al\u0131\u015f\u0131yoruz. B\u00fcy\u00fck ihtimalle Ramazan boyunca iftarlar\u0131 b\u00fcsb\u00fct\u00fcn fiyats\u0131z hale getirebiliriz&#8221; dedi.<\/p>\n<p>\u0130zmir B\u00fcy\u00fck\u015fehir Belediye Ba\u015fkan\u0131 Cemil Tugay, bir televizyon program\u0131nda yapt\u0131\u011f\u0131 a\u00e7\u0131klamada \u0130zmir&#8217;de Ramazan ay\u0131nda toplumsal yard\u0131mlar\u0131n devam etti\u011fini belirterek, Kent Lokantalar\u0131\u2019nda iftar men\u00fcs\u00fcn\u00fcn fiyats\u0131z olarak da\u011f\u0131t\u0131laca\u011f\u0131n\u0131 s\u00f6z etti.<\/p>\n<p>Ramazan ve \u00f6teki aylarda yapt\u0131klar\u0131 toplumsal yard\u0131m \u00e7al\u0131\u015fmalar\u0131n\u0131 artt\u0131rarak devam ettiklerini lisana getiren Tugay, \u015fu s\u00f6zleri kulland\u0131:<\/p>\n<p>&#8220;Bir\u00e7ok noktada fiyats\u0131z yemek da\u011f\u0131t\u0131m\u0131 yap\u0131yoruz. Ba\u015fka taraftan, kent lokantalar\u0131nda iftar men\u00fcs\u00fc sunuyoruz. Burada 50 liral\u0131k bir fiyat belirlemi\u015ftik fakat son \u00fc\u00e7 g\u00fcnd\u00fcr iftarlar\u0131 fiyats\u0131z da\u011f\u0131t\u0131yoruz. Tamam\u0131n\u0131 fiyats\u0131z yapmak i\u00e7in sponsorlar ve destek\u00e7iler bulmaya \u00e7al\u0131\u015f\u0131yoruz. B\u00fcy\u00fck ihtimalle Ramazan boyunca iftarlar\u0131 b\u00fcsb\u00fct\u00fcn fiyats\u0131z hale getirebiliriz. Bu durum bizi memnun ediyor. Ayr\u0131yeten, B\u00fcy\u00fck\u015fehir Belediyesi olarak 30 il\u00e7emizin her birinde her g\u00fcn farkl\u0131 bir noktada aktiflik d\u00fczenliyoruz. Bu etkinliklerde bin 500 &#8211; iki bin civar\u0131nda vatanda\u015f\u0131m\u0131zla bir ortaya geliyoruz. \u015eimdiye kadar ben de kat\u0131ld\u0131m ve bu bulu\u015fmalar bizim i\u00e7in \u00e7ok k\u0131ymetli.&#8221;<\/p>\n","protected":false},"excerpt":{"rendered":"<p>\u0130zmir B\u00fcy\u00fck\u015fehir Belediye Ba\u015fkan\u0131, kent lokantalar\u0131ndaki iftarlar\u0131 b\u00fcsb\u00fct\u00fcn fiyats\u0131z hale getirmek istediklerini ve destek\u00e7i arad\u0131klar\u0131n\u0131 s\u00f6yledi.<\/p>\n","protected":false},"author":1,"featured_media":52995,"comment_status":"open","ping_status":"open","sticky":false,"template":"","format":"standard","meta":{"footnotes":""},"categories":[25],"tags":[5493,2143],"class_list":["post-52994","post","type-post","status-publish","format-standard","has-post-thumbnail","hentry","category-gundem","tag-iftar","tag-ucretsiz"],"_links":{"self":[{"href":"https:\/\/ikimisli.tr\/index.php\/wp-json\/wp\/v2\/posts\/52994","targetHints":{"allow":["GET"]}}],"collection":[{"href":"https:\/\/ikimisli.tr\/index.php\/wp-json\/wp\/v2\/posts"}],"about":[{"href":"https:\/\/ikimisli.tr\/index.php\/wp-json\/wp\/v2\/types\/post"}],"author":[{"embeddable":true,"href":"https:\/\/ikimisli.tr\/index.php\/wp-json\/wp\/v2\/users\/1"}],"replies":[{"embeddable":true,"href":"https:\/\/ikimisli.tr\/index.php\/wp-json\/wp\/v2\/comments?post=52994"}],"version-history":[{"count":1,"href":"https:\/\/ikimisli.tr\/index.php\/wp-json\/wp\/v2\/posts\/52994\/revisions"}],"predecessor-version":[{"id":52996,"href":"https:\/\/ikimisli.tr\/index.php\/wp-json\/wp\/v2\/posts\/52994\/revisions\/52996"}],"wp:featuredmedia":[{"embeddable":true,"href":"https:\/\/ikimisli.tr\/index.php\/wp-json\/wp\/v2\/media\/52995"}],"wp:attachment":[{"href":"https:\/\/ikimisli.tr\/index.php\/wp-json\/wp\/v2\/media?parent=52994"}],"wp:term":[{"taxonomy":"category","embeddable":true,"href":"https:\/\/ikimisli.tr\/index.php\/wp-json\/wp\/v2\/categories?post=52994"},{"taxonomy":"post_tag","embeddable":true,"href":"https:\/\/ikimisli.tr\/index.php\/wp-json\/wp\/v2\/tags?post=52994"}],"curies":[{"name":"wp","href":"https:\/\/api.w.org\/{rel}","templated":true}]}}