{"id":52997,"date":"2025-06-30T19:12:10","date_gmt":"2025-06-30T19:12:10","guid":{"rendered":"https:\/\/ikimisli.tr\/?p=52997"},"modified":"2025-06-30T19:12:10","modified_gmt":"2025-06-30T19:12:10","slug":"universitede-skandal-yasak","status":"publish","type":"post","link":"https:\/\/ikimisli.tr\/index.php\/2025\/06\/30\/universitede-skandal-yasak\/","title":{"rendered":"\u00dcniversitede skandal yasak"},"content":{"rendered":"<p>Ankara Hac\u0131 Bayram Veli \u00dcniversitesi \u0130dare Konseyi&#8217;nin 20 \u015eubat tarihli karar\u0131 ile \u00fcniversite yerle\u015fkelerinde k\u00f6pek beslenmesi yasakland\u0131. \u0130\u015f\u00e7iye bildiri edilen kararda, yerle\u015fke sonlar\u0131nda k\u00f6peklerin say\u0131s\u0131n\u0131n artt\u0131\u011f\u0131 ve sald\u0131rgan k\u00f6peklerin de ortalar\u0131nda bulundu\u011fu, \u00f6\u011frenci, i\u015f\u00e7i ve konuklar\u0131n k\u00f6pekler taraf\u0131ndan rahats\u0131z edildi\u011fi ve ak\u0131na u\u011frad\u0131\u011f\u0131 belirtildi.<\/p>\n<p>Kararda, &#8220;Yerle\u015fkelerimiz i\u00e7erisinde bu durum farkl\u0131 vakitlerde s\u0131kl\u0131kla ya\u015fan\u0131r hale gelmi\u015ftir. \u00dcniversitemizde meydana gelen bu \u00fczere olaylar\u0131n \u00f6n\u00fcne ge\u00e7ilebilmesi ismine yerle\u015fkelerimiz hudutlar\u0131 i\u00e7erisinde tehlike arz eden sahipsiz k\u00f6peklerin inan\u00e7l\u0131 bar\u0131naklara yerle\u015ftirilmesi ve bak\u0131mlar\u0131n\u0131n sa\u011flanarak rehabilite edilmesi konusunda ilgili kurumlar ile yaz\u0131\u015fmalar yap\u0131larak gerekli g\u00fcvenlik \u00f6nlemleri al\u0131nm\u0131\u015ft\u0131r. Bu kapsamda 5199 say\u0131l\u0131 Hayvanlar\u0131 Muhafaza Kanunu&#8217;nun 1&#8217;inci hususunun 1&#8217;inci f\u0131kras\u0131na eklenen &#8216;\u0130nsan, hayvan ve etraf s\u0131hhati g\u00f6zetilmek kayd\u0131yla&#8217; ibaresi \u00e7er\u00e7evesinde, yerle\u015fkeler i\u00e7erisinde k\u00f6pek beslemek ki\u015fi ve toplum s\u0131hhatini etkiledi\u011finden, \u00fcniversitemiz yerle\u015fkelerinde k\u00f6pek beslenmesinin, yerle\u015fkeye k\u00f6pek getirilmesinin ve yerle\u015fkelere k\u00f6pek mamas\u0131 ve gibisi yiyeceklerin getirilmesinin yasaklanmas\u0131na, bu karara riayet etmeyenler hakk\u0131nda idari s\u00fcre\u00e7 ba\u015flat\u0131lmas\u0131na ve al\u0131nan karar\u0131n t\u00fcm \u00e7al\u0131\u015fana bildiri edilmesinin kabul\u00fcne oy birli\u011fi ile karar verildi&#8221; denildi.<\/p>\n<p><img decoding=\"async\" src=\"https:\/\/ikimisli.tr\/wp-content\/uploads\/2025\/06\/universitede-skandal-yasak-0-Ol5XEYSp.jpg\"\/><\/p>\n<p><b>&#8216;4 YILDIR K\u00d6PEK SALDIRISINA DENK GELMED\u0130M&#8217;<\/b><\/p>\n<p>\u00d6\u011frenciler, \u00fcniversite idaresinin ald\u0131\u011f\u0131 karara reaksiyon g\u00f6sterdi. 4&#8217;\u00fcnc\u00fc s\u0131n\u0131f \u00f6\u011frencisi Harun Yahya G\u00fcley, 4 y\u0131ld\u0131r \u00fcniversitede hayvanlar\u0131 beslediklerini ve hi\u00e7 k\u00f6pek h\u00fccumuyla kar\u015f\u0131la\u015fmad\u0131klar\u0131n\u0131 s\u00f6yleyerek, &#8220;Yap\u0131lan \u00e7al\u0131\u015fma t\u00fcm k\u00f6peklerin toplat\u0131lmas\u0131ndan fazla daha sald\u0131rgan k\u00f6peklerin toplat\u0131lmas\u0131na y\u00f6nelik olsa daha ho\u015f olurdu. Burada pek \u00e7ok can var. Onlar bizim de evlad\u0131m\u0131z \u00fczere oluyor bir vakit sonra. Onlarla yedi\u011fimiz yeme\u011fi payla\u015f\u0131yoruz. Bununla ilgili de bir k\u0131s\u0131tlama getirildi. Ben bunu ger\u00e7ek bulmuyorum. Umar\u0131m bu karar en k\u0131sa m\u00fcddette geri \u00e7ekilir&#8221; diye konu\u015ftu.<\/p>\n<p>\u00a0<\/p>\n","protected":false},"excerpt":{"rendered":"<p>Ankara Hac\u0131 Bayram Veli \u00dcniversitesi&#8217;nde k\u00f6pek beslemek yasakland\u0131. \u0130dare taraf\u0131ndan al\u0131nan karara \u00f6\u011frenciler reaksiyon g\u00f6sterdi.<\/p>\n","protected":false},"author":1,"featured_media":52998,"comment_status":"open","ping_status":"open","sticky":false,"template":"","format":"standard","meta":{"footnotes":""},"categories":[25],"tags":[149,688,576,7289],"class_list":["post-52997","post","type-post","status-publish","format-standard","has-post-thumbnail","hentry","category-gundem","tag-karar","tag-kopek","tag-universite","tag-yerleske"],"_links":{"self":[{"href":"https:\/\/ikimisli.tr\/index.php\/wp-json\/wp\/v2\/posts\/52997","targetHints":{"allow":["GET"]}}],"collection":[{"href":"https:\/\/ikimisli.tr\/index.php\/wp-json\/wp\/v2\/posts"}],"about":[{"href":"https:\/\/ikimisli.tr\/index.php\/wp-json\/wp\/v2\/types\/post"}],"author":[{"embeddable":true,"href":"https:\/\/ikimisli.tr\/index.php\/wp-json\/wp\/v2\/users\/1"}],"replies":[{"embeddable":true,"href":"https:\/\/ikimisli.tr\/index.php\/wp-json\/wp\/v2\/comments?post=52997"}],"version-history":[{"count":1,"href":"https:\/\/ikimisli.tr\/index.php\/wp-json\/wp\/v2\/posts\/52997\/revisions"}],"predecessor-version":[{"id":53000,"href":"https:\/\/ikimisli.tr\/index.php\/wp-json\/wp\/v2\/posts\/52997\/revisions\/53000"}],"wp:featuredmedia":[{"embeddable":true,"href":"https:\/\/ikimisli.tr\/index.php\/wp-json\/wp\/v2\/media\/52998"}],"wp:attachment":[{"href":"https:\/\/ikimisli.tr\/index.php\/wp-json\/wp\/v2\/media?parent=52997"}],"wp:term":[{"taxonomy":"category","embeddable":true,"href":"https:\/\/ikimisli.tr\/index.php\/wp-json\/wp\/v2\/categories?post=52997"},{"taxonomy":"post_tag","embeddable":true,"href":"https:\/\/ikimisli.tr\/index.php\/wp-json\/wp\/v2\/tags?post=52997"}],"curies":[{"name":"wp","href":"https:\/\/api.w.org\/{rel}","templated":true}]}}