{"id":53141,"date":"2025-07-01T03:36:06","date_gmt":"2025-07-01T03:36:06","guid":{"rendered":"https:\/\/ikimisli.tr\/?p=53141"},"modified":"2025-07-01T03:36:06","modified_gmt":"2025-07-01T03:36:06","slug":"sgk-binlerce-emekliligi-ve-sigortaliligi-iptal-etti","status":"publish","type":"post","link":"https:\/\/ikimisli.tr\/index.php\/2025\/07\/01\/sgk-binlerce-emekliligi-ve-sigortaliligi-iptal-etti\/","title":{"rendered":"SGK binlerce emeklili\u011fi ve sigortal\u0131l\u0131\u011f\u0131 iptal etti"},"content":{"rendered":"<p>SGK uzman\u0131 \u0130sa Karaka\u015f, toplumsal medya hesaplar\u0131na ve gazetesindeki k\u00f6\u015fesine gelen \u015fikayetlerin bir\u00e7oklar\u0131n\u0131n sigortal\u0131l\u0131klar\u0131n\u0131n ya da emekliliklerinin iptal edildi\u011fi istikametinde oldu\u011funu belirtti. Yap\u0131lan incelemelerde, sigortal\u0131 olarak g\u00f6sterilen \u015fah\u0131slar\u0131n, ger\u00e7ekte hi\u00e7 \u00e7al\u0131\u015fmad\u0131klar\u0131 ve hatta kendilerine sigorta bildirimi yap\u0131lan i\u015fyerlerinin isimlerini dahi bilmedikleri ortaya \u00e7\u0131kt\u0131.<\/p>\n<p>T\u00fcrkiye Gazetesi&#8217;nde ele ald\u0131\u011f\u0131 k\u00f6\u015fe yaz\u0131s\u0131nda \u0130sa Karaka\u015f, evvelki yaz\u0131lar\u0131nda da lisana getirdi\u011fi \u00fczere, rastgele bir i\u015f yerinde fiilen \u00e7al\u0131\u015fmadan, yaln\u0131zca kay\u0131t d\u0131\u015f\u0131 olarak sigortal\u0131 g\u00f6sterilen bireylerin SGK taraf\u0131ndan <strong>&#8220;sahte sigortal\u0131&#8221;<\/strong> olarak kabul edildi\u011fini hat\u0131rlatt\u0131. <\/p>\n<p>SGK&#8217;n\u0131n uygulamalar\u0131na nazaran, sigortal\u0131l\u0131\u011f\u0131n ge\u00e7erli olabilmesi i\u00e7in patrona ba\u011fl\u0131 olarak, fiyat kar\u015f\u0131l\u0131\u011f\u0131nda fiilen ve sahiden \u00e7al\u0131\u015f\u0131lmas\u0131 gerekti\u011fi belirtiliyor. Bu kaideleri yerine getirmeden sigortal\u0131 g\u00f6sterilen \u015fah\u0131slar\u0131n sigortal\u0131l\u0131klar\u0131n\u0131n iptal edildi\u011fini, hatta emeklilik maa\u015flar\u0131n\u0131n bile geri al\u0131nd\u0131\u011f\u0131n\u0131 s\u00f6z etti.<\/p>\n<p><b>SAHTE \u0130\u015e YERLER\u0130NE Y\u00d6NEL\u0130K KONTROLLER GER\u00c7EKLE\u015eT\u0130<\/b><\/p>\n<p>SGK, ge\u00e7ersiz i\u015f yerlerinin ve bu i\u015f yerlerinden bildirilen ge\u00e7ersiz sigortal\u0131lar\u0131n tespit edilmesi i\u00e7in 2016 y\u0131l\u0131nda ba\u015flatt\u0131\u011f\u0131 <strong>&#8220;Sahte \u0130\u015f Yeri ve Ge\u00e7ersiz Sigortal\u0131l\u0131k Tespit Projesi&#8221;<\/strong>ni s\u00fcrd\u00fcr\u00fcyor. Bu proje kapsam\u0131nda, data ambar\u0131ndaki bilgiler kullan\u0131larak uydurma i\u015f yerlerinin belirlenmesi hedefleniyor. 2011-2016 y\u0131llar\u0131 ortas\u0131ndaki datalar tahlil edilerek, d\u00fczmece olma ihtimali y\u00fcksek olan yakla\u015f\u0131k 4,6 milyon i\u015f yeri tespit edildi.<\/p>\n<p>2023 sonras\u0131nda ise daha k\u0131sa m\u00fcddette d\u00fczmece i\u015f yerleri tespit edilmeye ba\u015fland\u0131 ve bu i\u015f yerlerinden bildirilen d\u00fczmece sigortal\u0131lar\u0131n say\u0131s\u0131n\u0131n azald\u0131\u011f\u0131 bildirildi. Karaka\u015f, ge\u00e7ersiz i\u015f yeri tespit m\u00fcddetinin k\u0131salmas\u0131n\u0131n, ma\u011fdur olan sigortal\u0131 say\u0131s\u0131n\u0131 azaltt\u0131\u011f\u0131n\u0131 ve SGK\u2019n\u0131n ziyan\u0131n\u0131 en az d\u00fczeye indirdi\u011fini s\u00f6z etti.<\/p>\n<p><b>SAHTE S\u0130GORTALILIKLA \u0130LG\u0130L\u0130 SON DATALAR <\/b><\/p>\n<p>SGK, 206 bini a\u015fk\u0131n uydurma sigortal\u0131n\u0131n ve emeklili\u011fini iptal etti\u011fi \u015fah\u0131slar\u0131n say\u0131s\u0131n\u0131 a\u00e7\u0131klad\u0131. Bu bireyler hakk\u0131nda yap\u0131lan incelemeler sonucu, uydurma i\u015f yerlerinden yap\u0131lan sigortal\u0131 bildirimlerinin iptal edildi\u011fi, sigortal\u0131lar\u0131n emekli maa\u015flar\u0131n\u0131n gecikme art\u0131r\u0131m\u0131 ve cezas\u0131yla birlikte geri al\u0131nd\u0131\u011f\u0131 belirtildi. Ayr\u0131yeten, ge\u00e7ersiz sigortal\u0131l\u0131kla ilgili yap\u0131lan s\u0131hhat harcamalar\u0131n\u0131n da faiziyle birlikte geri al\u0131nd\u0131\u011f\u0131 tabir edildi.<\/p>\n<p>Sahte sigorta yapan i\u015f yerleri ve sigortal\u0131lar hakk\u0131nda Cumhuriyet Savc\u0131l\u0131klar\u0131na hata duyurusunda bulunulabilece\u011fi de kaydedildi.<\/p>\n<p>SGK uzman\u0131 Karaka\u015f, uydurma sigortal\u0131l\u0131kla ilgili tespitlerin devam edece\u011fini ve t\u00fcm vatanda\u015flar\u0131n ger\u00e7ek ve fiil\u00ee sigortal\u0131l\u0131k kaidelerini yerine getirerek, yasal bir halde sigorta yapt\u0131rmalar\u0131n\u0131 \u00f6nerdi.<\/p>\n","protected":false},"excerpt":{"rendered":"<p>SGK uzman\u0131 \u0130sa Karaka\u015f, yapt\u0131\u011f\u0131 a\u00e7\u0131klamada, Toplumsal G\u00fcvenlik Kurumu\u2019nun (SGK) d\u00fczmece sigortal\u0131l\u0131\u011fa kar\u015f\u0131 u\u011fra\u015f\u0131n\u0131 s\u00fcrd\u00fcrd\u00fc\u011f\u00fcn\u00fc belirtti. Karaka\u015f, bilhassa \u00e7al\u0131\u015fmadan SSK\u2019l\u0131 g\u00f6sterilen \u015fah\u0131slar\u0131n tespitine y\u00f6nelik \u00e7al\u0131\u015fmalara s\u00fcrat kesmeden devam edildi\u011fini ve bu bireylerin tek tek yakaland\u0131\u011f\u0131n\u0131 vurgulad\u0131.<\/p>\n","protected":false},"author":1,"featured_media":53142,"comment_status":"open","ping_status":"open","sticky":false,"template":"","format":"standard","meta":{"footnotes":""},"categories":[24],"tags":[524,6726,925,4892,183],"class_list":["post-53141","post","type-post","status-publish","format-standard","has-post-thumbnail","hentry","category-ekonomi","tag-is","tag-sahte-sigorta","tag-sgk","tag-sigortali","tag-yeri"],"_links":{"self":[{"href":"https:\/\/ikimisli.tr\/index.php\/wp-json\/wp\/v2\/posts\/53141","targetHints":{"allow":["GET"]}}],"collection":[{"href":"https:\/\/ikimisli.tr\/index.php\/wp-json\/wp\/v2\/posts"}],"about":[{"href":"https:\/\/ikimisli.tr\/index.php\/wp-json\/wp\/v2\/types\/post"}],"author":[{"embeddable":true,"href":"https:\/\/ikimisli.tr\/index.php\/wp-json\/wp\/v2\/users\/1"}],"replies":[{"embeddable":true,"href":"https:\/\/ikimisli.tr\/index.php\/wp-json\/wp\/v2\/comments?post=53141"}],"version-history":[{"count":1,"href":"https:\/\/ikimisli.tr\/index.php\/wp-json\/wp\/v2\/posts\/53141\/revisions"}],"predecessor-version":[{"id":53143,"href":"https:\/\/ikimisli.tr\/index.php\/wp-json\/wp\/v2\/posts\/53141\/revisions\/53143"}],"wp:featuredmedia":[{"embeddable":true,"href":"https:\/\/ikimisli.tr\/index.php\/wp-json\/wp\/v2\/media\/53142"}],"wp:attachment":[{"href":"https:\/\/ikimisli.tr\/index.php\/wp-json\/wp\/v2\/media?parent=53141"}],"wp:term":[{"taxonomy":"category","embeddable":true,"href":"https:\/\/ikimisli.tr\/index.php\/wp-json\/wp\/v2\/categories?post=53141"},{"taxonomy":"post_tag","embeddable":true,"href":"https:\/\/ikimisli.tr\/index.php\/wp-json\/wp\/v2\/tags?post=53141"}],"curies":[{"name":"wp","href":"https:\/\/api.w.org\/{rel}","templated":true}]}}