{"id":53219,"date":"2025-07-01T08:24:10","date_gmt":"2025-07-01T08:24:10","guid":{"rendered":"https:\/\/ikimisli.tr\/?p=53219"},"modified":"2025-07-01T08:24:10","modified_gmt":"2025-07-01T08:24:10","slug":"depremin-izleri-hala-duruyor-bu-agaclar-25-yildir-su-altinda","status":"publish","type":"post","link":"https:\/\/ikimisli.tr\/index.php\/2025\/07\/01\/depremin-izleri-hala-duruyor-bu-agaclar-25-yildir-su-altinda\/","title":{"rendered":"Depremin izleri h\u00e2l\u00e2 duruyor: Bu a\u011fa\u00e7lar 25 y\u0131ld\u0131r su alt\u0131nda"},"content":{"rendered":"<p>Depremin merkez \u00fcss\u00fc G\u00f6lc\u00fck&#8217;\u00fcn De\u011firmendere Mahallesi&#8217;nde fay \u00e7izgisi ge\u00e7ti\u011fi i\u00e7in denize \u00e7ekilen \u00c7\u0131narl\u0131k Meydan\u0131&#8217;n\u0131n \u00e7\u0131nar a\u011fa\u00e7lar\u0131n\u0131n da bulundu\u011fu alan\u0131na, su alt\u0131 foto\u011fraf\u00e7\u0131s\u0131 ve belgesel imalcisi Tahsin Ceylan ile De\u011firmendere Sualt\u0131 Toplulu\u011fu Kurucu Ba\u015fkan\u0131 1. s\u0131n\u0131f dalg\u0131\u00e7 Murat Kulaka\u00e7 dal\u0131\u015f yapt\u0131.<\/p>\n<p>Dal\u0131\u015fta, k\u0131y\u0131dan yakla\u015f\u0131k 50 metre a\u00e7\u0131kta bulunan, ortadan y\u0131llar ge\u00e7mesine kar\u015f\u0131n kimi \u00e7\u0131nar a\u011fa\u00e7lar\u0131n\u0131n dik pozisyonda durdu\u011fu ve g\u00f6vdelerinin sar\u0131 oldu\u011fu g\u00f6r\u00fcld\u00fc.<\/p>\n<p><img decoding=\"async\" src=\"https:\/\/ikimisli.tr\/wp-content\/uploads\/2025\/07\/depremin-izleri-h-l-duruyor-bu-agaclar-25-yildir-su-altinda-0-TJOOlnOk.jpg\"\/><\/p>\n<p><b>&#8220;Depremin haf\u0131zas\u0131n\u0131n oldu\u011funu yerdeyiz&#8221;<\/b><\/p>\n<p>Ceylan, yapt\u0131\u011f\u0131 a\u00e7\u0131klamada, zelzele felaketinde \u00c7\u0131narl\u0131k Meydan\u0131&#8217;ndaki a\u011fa\u00e7lar\u0131n bir k\u0131sm\u0131n\u0131n denizin alt\u0131nda kald\u0131\u011f\u0131n\u0131, sars\u0131nt\u0131dan evvel k\u0131y\u0131dan 100 metre a\u015fa\u011f\u0131ya kadarki k\u0131sm\u0131n yerle\u015fim yeri oldu\u011funu anlatt\u0131.<\/p>\n<p>O devirde \u00e7\u0131nar a\u011fa\u00e7lar\u0131n\u0131n sars\u0131nt\u0131n\u0131n akabinde suyun alt\u0131nda kald\u0131\u011f\u0131n\u0131 belirten Ceylan, \u015f\u00f6yle devam etti:<\/p>\n<p>&#8220;Depremin haf\u0131zas\u0131n\u0131n oldu\u011funu yerdeyiz. Derinlerdeki \u00e7\u0131nar a\u011fa\u00e7lar\u0131 saymakla bitmedi. 4 santigrat derece suda sars\u0131nt\u0131n\u0131n haf\u0131zas\u0131na dal\u0131\u015f yapt\u0131k. Zelzeleyle y\u00fczle\u015fmek isteyen be\u015ferler gelip buradaki suyun alt\u0131ndaki \u00e7\u0131nar a\u011fa\u00e7lar\u0131n\u0131 g\u00f6rseler herhalde k\u00e2fi olur. A\u015fa\u011f\u0131da devasa \u00e7\u0131nar a\u011fa\u00e7lar\u0131 var. Suyun alt\u0131ndaki \u00e7\u0131nar a\u011fa\u00e7lar\u0131n\u0131n g\u00f6vde kal\u0131nl\u0131klar\u0131 \u015fu anda k\u0131y\u0131 \u015feridindeki hi\u00e7bir a\u011fa\u00e7ta yok. Gerimizdeki alan bir periyot insanlar\u0131n oturdu\u011fu, \u00e7ay i\u00e7ti\u011fi, ma\u00e7 seyretti\u011fi aland\u0131 lakin art\u0131k hepsi suyun alt\u0131nda. Sars\u0131nt\u0131yla y\u00fczle\u015fmeyi ve zelzele ger\u00e7e\u011fiyle ya\u015famay\u0131 \u00f6\u011frenmeliyiz.&#8221;<\/p>\n<p><img decoding=\"async\" src=\"https:\/\/ikimisli.tr\/wp-content\/uploads\/2025\/07\/depremin-izleri-h-l-duruyor-bu-agaclar-25-yildir-su-altinda-1-4UXDtIMG.jpg\"\/><\/p>\n<p>Kulaka\u00e7 da zelzelenin t\u00fcm ger\u00e7ekli\u011finin suyun alt\u0131nda bulundu\u011funu, buradaki \u00e7\u0131nar a\u011fa\u00e7lar\u0131n\u0131n zelzelenin y\u00fcz\u00fcn\u00fc g\u00f6sterdi\u011fini tabir etti.<\/p>\n","protected":false},"excerpt":{"rendered":"<p>1999 Marmara Depremi&#8217;nde G\u00f6lc\u00fck\u2019te suyun alt\u0131na g\u00f6m\u00fclen \u00e7\u0131nar a\u011fa\u00e7lar\u0131, y\u0131llar sonra g\u00f6r\u00fcnt\u00fclendi. Su alt\u0131 foto\u011fraf\u00e7\u0131s\u0131 Tahsin Ceylan, &#8220;Depremin izlerini g\u00f6rmek isteyenler, devasa \u00e7\u0131nar a\u011fa\u00e7lar\u0131n\u0131 suyun alt\u0131nda ke\u015ffedebilir&#8221; dedi.<\/p>\n","protected":false},"author":1,"featured_media":53220,"comment_status":"open","ping_status":"open","sticky":false,"template":"","format":"standard","meta":{"footnotes":""},"categories":[44],"tags":[7307,285,4449],"class_list":["post-53219","post","type-post","status-publish","format-standard","has-post-thumbnail","hentry","category-yasam","tag-cinar","tag-deprem","tag-depremin"],"_links":{"self":[{"href":"https:\/\/ikimisli.tr\/index.php\/wp-json\/wp\/v2\/posts\/53219","targetHints":{"allow":["GET"]}}],"collection":[{"href":"https:\/\/ikimisli.tr\/index.php\/wp-json\/wp\/v2\/posts"}],"about":[{"href":"https:\/\/ikimisli.tr\/index.php\/wp-json\/wp\/v2\/types\/post"}],"author":[{"embeddable":true,"href":"https:\/\/ikimisli.tr\/index.php\/wp-json\/wp\/v2\/users\/1"}],"replies":[{"embeddable":true,"href":"https:\/\/ikimisli.tr\/index.php\/wp-json\/wp\/v2\/comments?post=53219"}],"version-history":[{"count":1,"href":"https:\/\/ikimisli.tr\/index.php\/wp-json\/wp\/v2\/posts\/53219\/revisions"}],"predecessor-version":[{"id":53223,"href":"https:\/\/ikimisli.tr\/index.php\/wp-json\/wp\/v2\/posts\/53219\/revisions\/53223"}],"wp:featuredmedia":[{"embeddable":true,"href":"https:\/\/ikimisli.tr\/index.php\/wp-json\/wp\/v2\/media\/53220"}],"wp:attachment":[{"href":"https:\/\/ikimisli.tr\/index.php\/wp-json\/wp\/v2\/media?parent=53219"}],"wp:term":[{"taxonomy":"category","embeddable":true,"href":"https:\/\/ikimisli.tr\/index.php\/wp-json\/wp\/v2\/categories?post=53219"},{"taxonomy":"post_tag","embeddable":true,"href":"https:\/\/ikimisli.tr\/index.php\/wp-json\/wp\/v2\/tags?post=53219"}],"curies":[{"name":"wp","href":"https:\/\/api.w.org\/{rel}","templated":true}]}}