{"id":53233,"date":"2025-07-01T09:12:08","date_gmt":"2025-07-01T09:12:08","guid":{"rendered":"https:\/\/ikimisli.tr\/?p=53233"},"modified":"2025-07-01T09:12:08","modified_gmt":"2025-07-01T09:12:08","slug":"katilin-akilalmaz-yalani-yer-islakti-halam-kayinca-bicak-kalbine-saplandi","status":"publish","type":"post","link":"https:\/\/ikimisli.tr\/index.php\/2025\/07\/01\/katilin-akilalmaz-yalani-yer-islakti-halam-kayinca-bicak-kalbine-saplandi\/","title":{"rendered":"Katilin ak\u0131lalmaz yalan\u0131: &#8216;Yer Islakt\u0131 halam kay\u0131nca b\u0131\u00e7ak kalbine sapland\u0131&#8217;"},"content":{"rendered":"<p>Olay, 14 Eyl\u00fcl 2023&#8217;te saat 16.30 s\u0131ralar\u0131nda Osmangazi il\u00e7esi Demirta\u015f Sakarya Mahallesi \u00c7ambir Sokak&#8217;taki apartman\u0131n 3&#8217;\u00fcnc\u00fc kat\u0131nda meydana geldi. Yi\u011fit Balaban, halas\u0131 Safiye Vardar ile babaannesi Sabriye Balaban&#8217;dan har\u00e7l\u0131k istedi. Anne-k\u0131z olumsuz kar\u015f\u0131l\u0131k verince tart\u0131\u015fma \u00e7\u0131kt\u0131. Bu s\u0131rada Yi\u011fit Balaban, mutfaktan ald\u0131\u011f\u0131 b\u0131\u00e7akla halas\u0131 ve babaannesine sald\u0131rd\u0131. Anne ve k\u0131z\u0131 yere y\u0131\u011f\u0131l\u0131rken, Yi\u011fit Balaban ka\u00e7t\u0131. Binada oturanlar, 112 Acil Davet Merkezi&#8217;ne haber verdi. \u0130hbarla adrese polis ve s\u0131hhat gruplar\u0131 sevk edildi. S\u0131hhat gruplar\u0131n\u0131n denetiminde Safiye Vardar&#8217;\u0131n \u00f6ld\u00fc\u011f\u00fc belirlendi. Bo\u011faz\u0131 kesilen ve durumu a\u011f\u0131r olan Sabriye Balaban ise ambulansla kald\u0131r\u0131ld\u0131\u011f\u0131 Bursa Kent Hastanesi&#8217;nde tedaviye al\u0131nd\u0131. Yakalanan Yi\u011fit Balaban, emniyetteki s\u00fcre\u00e7lerinin akabinde tutukland\u0131.<\/p>\n<p><b>&#8216;HALAMDAN VE BABAANNEMDEN \u015e\u0130KAYET\u00c7\u0130Y\u0130M&#8217;<\/b><\/p>\n<p>Bursa 1&#8217;inci A\u011f\u0131r Ceza Mahkemesi&#8217;nde, &#8216;\u00dcst soyu taamm\u00fcden \u00f6ld\u00fcrme&#8217; hatas\u0131ndan a\u011f\u0131rla\u015ft\u0131r\u0131lm\u0131\u015f m\u00fcebbet mahpus cezas\u0131 istemiyle hakk\u0131nda dava a\u00e7\u0131lan Yi\u011fit Balaban, savunmas\u0131nda halas\u0131n\u0131n kendisini a\u011f\u0131r s\u00f6zlerle tahrik etti\u011fini tez edip, niyetinin onu \u00f6ld\u00fcrmek olmad\u0131\u011f\u0131n\u0131 s\u00f6yledi. Balaban, Mutfakta tart\u0131\u015fma ya\u015fad\u0131k. Halam bana k\u0131z\u0131p, banyoya gitti. Epilepsi hastas\u0131 oldu\u011fu i\u00e7in bir anda hudut krizi ge\u00e7irmeye ba\u015flad\u0131. Mutfaktan ekmek b\u0131\u00e7a\u011f\u0131 alm\u0131\u015ft\u0131m. Halam banyoda yerlerin \u0131slak olmas\u0131ndan \u00f6t\u00fcr\u00fc bir anda istikrar\u0131n\u0131 kaybetti ve elimdeki b\u0131\u00e7ak kalbine sapland\u0131. Babaannem bizi ay\u0131rmak isterken b\u0131\u00e7ak ona da isabet etti. Bana hakaret eden halam ile onu bug\u00fcne kadar tedavi ettirmeyen babaannemden \u015fikayet\u00e7iyim dedi.<\/p>\n<p><b>&#8216;TORUNUMDAN \u015e\u0130KAYET\u00c7\u0130 DE\u011e\u0130L\u0130M&#8217;<\/b><\/p>\n<p>Torununun, k\u0131z\u0131n\u0131 isteyerek \u00f6ld\u00fcrmedi\u011fini \u00f6ne s\u00fcren Sabriye Balaban ise Olay\u0131n ya\u015fand\u0131\u011f\u0131 g\u00fcn Yi\u011fit&#8217;in elinde b\u0131\u00e7ak g\u00f6rd\u00fcm. \u00d6ld\u00fcrme an\u0131n\u0131 hat\u0131rlam\u0131yorum. K\u0131z\u0131m Safiye Vardar bir anda banyodan \u00e7\u0131k\u0131p, mutfakta yere y\u0131\u011f\u0131ld\u0131. O an \u00f6ld\u00fc\u011f\u00fcn\u00fc anlad\u0131m. Yi\u011fit kimseyi \u00f6ld\u00fcrmek istemedi. Bir anda hengame etmeye ba\u015flad\u0131lar. K\u0131z\u0131m\u0131n nas\u0131l \u00f6ld\u00fc\u011f\u00fcn\u00fc hat\u0131rlam\u0131yorum. Torunumdan \u015fikayet\u00e7i de\u011filim diye konu\u015ftu. Mahkeme, Yi\u011fit Balaban&#8217;\u0131 &#8216;Kad\u0131na kar\u015f\u0131 taamm\u00fcden \u00f6ld\u00fcrme&#8217; c\u00fcrm\u00fcnden a\u011f\u0131rla\u015ft\u0131r\u0131lm\u0131\u015f m\u00fcebbet, &#8216;Kasten yaralama\u2019 kabahatinden da 15 y\u0131l mahpus cezas\u0131na \u00e7arpt\u0131rd\u0131. Balaban&#8217;\u0131n cezas\u0131nda &#8216;iyi hal indirimi&#8217; uygulamayan mahkeme heyeti, san\u0131\u011f\u0131n tutukluluk halinin devam\u0131na karar verdi.<\/p>\n","protected":false},"excerpt":{"rendered":"<p>Bursa&#8217;da kendisine har\u00e7l\u0131k vermeyen halas\u0131 45 ya\u015f\u0131ndaki Safiye Vardar&#8217;\u0131 b\u0131\u00e7aklayarak \u00f6ld\u00fcr\u00fcp, babaannesi Sabriye Balaban&#8217;\u0131 (73) bo\u011faz\u0131ndan yaralayan Yi\u011fit Balaban (26), a\u011f\u0131rla\u015ft\u0131r\u0131lm\u0131\u015f m\u00fcebbet ile 15 y\u0131l mahpus cezas\u0131na \u00e7arpt\u0131r\u0131ld\u0131. Katil savunmas\u0131nda &#8220;halam banyoda yerlerin \u0131slak olmas\u0131ndan \u00f6t\u00fcr\u00fc bir anda istikrar\u0131n\u0131 kaybetti ve elimdeki b\u0131\u00e7ak kalbine sapland\u0131&#8221; dedi.<\/p>\n","protected":false},"author":1,"featured_media":53234,"comment_status":"open","ping_status":"open","sticky":false,"template":"","format":"standard","meta":{"footnotes":""},"categories":[25],"tags":[536,7310,573,681,4264],"class_list":["post-53233","post","type-post","status-publish","format-standard","has-post-thumbnail","hentry","category-gundem","tag-agir","tag-balaban","tag-hal","tag-kizi","tag-oldurme"],"_links":{"self":[{"href":"https:\/\/ikimisli.tr\/index.php\/wp-json\/wp\/v2\/posts\/53233","targetHints":{"allow":["GET"]}}],"collection":[{"href":"https:\/\/ikimisli.tr\/index.php\/wp-json\/wp\/v2\/posts"}],"about":[{"href":"https:\/\/ikimisli.tr\/index.php\/wp-json\/wp\/v2\/types\/post"}],"author":[{"embeddable":true,"href":"https:\/\/ikimisli.tr\/index.php\/wp-json\/wp\/v2\/users\/1"}],"replies":[{"embeddable":true,"href":"https:\/\/ikimisli.tr\/index.php\/wp-json\/wp\/v2\/comments?post=53233"}],"version-history":[{"count":1,"href":"https:\/\/ikimisli.tr\/index.php\/wp-json\/wp\/v2\/posts\/53233\/revisions"}],"predecessor-version":[{"id":53235,"href":"https:\/\/ikimisli.tr\/index.php\/wp-json\/wp\/v2\/posts\/53233\/revisions\/53235"}],"wp:featuredmedia":[{"embeddable":true,"href":"https:\/\/ikimisli.tr\/index.php\/wp-json\/wp\/v2\/media\/53234"}],"wp:attachment":[{"href":"https:\/\/ikimisli.tr\/index.php\/wp-json\/wp\/v2\/media?parent=53233"}],"wp:term":[{"taxonomy":"category","embeddable":true,"href":"https:\/\/ikimisli.tr\/index.php\/wp-json\/wp\/v2\/categories?post=53233"},{"taxonomy":"post_tag","embeddable":true,"href":"https:\/\/ikimisli.tr\/index.php\/wp-json\/wp\/v2\/tags?post=53233"}],"curies":[{"name":"wp","href":"https:\/\/api.w.org\/{rel}","templated":true}]}}