{"id":5341,"date":"2025-01-20T14:36:00","date_gmt":"2025-01-20T14:36:00","guid":{"rendered":"https:\/\/ikimisli.tr\/?p=5341"},"modified":"2025-01-20T14:36:00","modified_gmt":"2025-01-20T14:36:00","slug":"kislasiz-askerlik-mi-geliyor-bedelli-askerlikte-kisla-zorunluluguna-iliskin-duzenleme-yapilacak-mi","status":"publish","type":"post","link":"https:\/\/ikimisli.tr\/index.php\/2025\/01\/20\/kislasiz-askerlik-mi-geliyor-bedelli-askerlikte-kisla-zorunluluguna-iliskin-duzenleme-yapilacak-mi\/","title":{"rendered":"K\u0131\u015flas\u0131z Askerlik mi geliyor? Bedelli askerlikte k\u0131\u015fla zorunlulu\u011funa ili\u015fkin d\u00fczenleme yap\u0131lacak m\u0131?"},"content":{"rendered":"<p>2025 Bedelli askerlik fiyat\u0131na yap\u0131lan art\u0131r\u0131m a\u00e7\u0131kland\u0131. G\u00f6zler Ulusal Savunma Bakanl\u0131\u011f\u0131na \u00e7evrildi.<\/p>\n<p>K\u0131\u015flas\u0131z bedelli askerlik, 2025\u2019te uygulanmas\u0131 beklenen yeni askerlik modeliyle g\u00fcndemde. Lakin, bu d\u00fczenleme \u015fimdi kesinle\u015fmedi ve tart\u0131\u015fmalar devam ediyor.<\/p>\n<p>K\u0131\u015flas\u0131z bedelli askerlik olarak bilinen ve 2024 y\u0131l\u0131nda toplumsal medyada g\u00fcndeme gelen bu uygulama, kl\u00e2sik askerlik modelinden farkl\u0131 olarak, asker adaylar\u0131n\u0131n k\u0131\u015flada e\u011fitim almadan s\u0131rf mali y\u00fck\u00fcml\u00fcl\u00fcklerini yerine getirerek askerlik hizmetini tamamlamalar\u0131n\u0131 hedefliyor. Lakin, uygulaman\u0131n ne vakit hayata ge\u00e7ece\u011fi ve sahiden uygulan\u0131p uygulanmayaca\u011f\u0131 hala belirsizli\u011fini koruyor.<\/p>\n<p><img decoding=\"async\" src=\"https:\/\/ikimisli.tr\/wp-content\/uploads\/2025\/01\/kislasiz-askerlik-mi-geliyor-bedelli-askerlikte-kisla-zorunluluguna-iliskin-duzenleme-yapilacak-mi-0-jusZAiLV.jpg\"\/><\/p>\n<p><b>KI\u015eLASIZ BEDELL\u0130 ASKERL\u0130K NED\u0130R?<\/b><\/p>\n<p>K\u0131\u015flas\u0131z bedelli askerlik, bedelli askerlik yapmak isteyenlerin fizik\u00ee e\u011fitim ve k\u0131\u015fla hizmeti olmadan sadece makul bir bedel \u00f6deyerek askerlik y\u00fck\u00fcml\u00fcl\u00fc\u011f\u00fcn\u00fc yerine getirmesini \u00f6ng\u00f6r\u00fcyor. Bu model, bilhassa askerlik hizmetinden muafiyet isteyenler ve kl\u00e2sik askerlik s\u00fcrecine kat\u0131lmak istemeyenler i\u00e7in kolayl\u0131k sa\u011flamak hedefiyle tasarlanm\u0131\u015f \u00fczere g\u00f6r\u00fcn\u00fcyor.<\/p>\n<p><img decoding=\"async\" src=\"https:\/\/ikimisli.tr\/wp-content\/uploads\/2025\/01\/kislasiz-askerlik-mi-geliyor-bedelli-askerlikte-kisla-zorunluluguna-iliskin-duzenleme-yapilacak-mi-1-gAzVBMmd.jpg\"\/><\/p>\n<p><b>BAKAN G\u00dcLER KABUL ETMED\u0130<\/b><\/p>\n<p>K\u0131\u015flas\u0131z bedelli askerlik uygulamas\u0131, toplumsal medyada hayli fazla konu\u015fulmu\u015f olsa da, uygulaman\u0131n <strong>2025 y\u0131l\u0131 prestijiyle ba\u015flay\u0131p ba\u015flamayaca\u011f\u0131 \u015fimdi kat\u0131la\u015fm\u0131\u015f de\u011fil.<\/strong><\/p>\n<p>Milli Savunma Bakan\u0131 Ya\u015far G\u00fcler, bu mevzuda toplumsal medyada dola\u015fan s\u00f6ylentilere kar\u015f\u0131 net bir a\u00e7\u0131klama yapt\u0131. G\u00fcler, &#8220;<strong>Evlerinde askerlik yapmak istiyorlar, bu t\u00fcrl\u00fc bir \u015fey olabilir mi?&#8221;<\/strong> diyerek, k\u0131\u015flas\u0131z askerlik taleplerine olumsuz kar\u015f\u0131l\u0131k verdi. Bu a\u00e7\u0131klama, k\u0131\u015flas\u0131z askerlik modelinin ger\u00e7ekle\u015fme m\u00fcmk\u00fcnl\u00fc\u011f\u00fcn\u00fc daha da zay\u0131flatm\u0131\u015f \u00fczere g\u00f6r\u00fcn\u00fcyor.<\/p>\n","protected":false},"excerpt":{"rendered":"<p>2025 y\u0131l\u0131 bedelli askerlik fiyat\u0131 a\u00e7\u0131kland\u0131.  Milli Savunma Bakanl\u0131\u011f\u0131 (MSB), 2025 bedelli askerlik fiyat\u0131n\u0131n 243.013,14 TL oldu\u011funu duyurdu. 2024 y\u0131l\u0131n\u0131n Temmuz-Aral\u0131k devrinde 217.871,04 TL olan bedelli askerlik fiyat\u0131na y\u00fczde 11,54 art\u0131r\u0131m gelmi\u015f oldu. Toplumsal medyada K\u0131\u015flas\u0131z Bedelli talepleri ise artmaya devam ediyor. Pekala bu hususta d\u00fczenleme yap\u0131lacak m\u0131? \u0130\u015fte ayr\u0131nt\u0131lar&#8230;<\/p>\n","protected":false},"author":1,"featured_media":5342,"comment_status":"open","ping_status":"open","sticky":false,"template":"","format":"standard","meta":{"footnotes":""},"categories":[25],"tags":[1435],"class_list":["post-5341","post","type-post","status-publish","format-standard","has-post-thumbnail","hentry","category-gundem","tag-askerlik"],"_links":{"self":[{"href":"https:\/\/ikimisli.tr\/index.php\/wp-json\/wp\/v2\/posts\/5341","targetHints":{"allow":["GET"]}}],"collection":[{"href":"https:\/\/ikimisli.tr\/index.php\/wp-json\/wp\/v2\/posts"}],"about":[{"href":"https:\/\/ikimisli.tr\/index.php\/wp-json\/wp\/v2\/types\/post"}],"author":[{"embeddable":true,"href":"https:\/\/ikimisli.tr\/index.php\/wp-json\/wp\/v2\/users\/1"}],"replies":[{"embeddable":true,"href":"https:\/\/ikimisli.tr\/index.php\/wp-json\/wp\/v2\/comments?post=5341"}],"version-history":[{"count":1,"href":"https:\/\/ikimisli.tr\/index.php\/wp-json\/wp\/v2\/posts\/5341\/revisions"}],"predecessor-version":[{"id":5345,"href":"https:\/\/ikimisli.tr\/index.php\/wp-json\/wp\/v2\/posts\/5341\/revisions\/5345"}],"wp:featuredmedia":[{"embeddable":true,"href":"https:\/\/ikimisli.tr\/index.php\/wp-json\/wp\/v2\/media\/5342"}],"wp:attachment":[{"href":"https:\/\/ikimisli.tr\/index.php\/wp-json\/wp\/v2\/media?parent=5341"}],"wp:term":[{"taxonomy":"category","embeddable":true,"href":"https:\/\/ikimisli.tr\/index.php\/wp-json\/wp\/v2\/categories?post=5341"},{"taxonomy":"post_tag","embeddable":true,"href":"https:\/\/ikimisli.tr\/index.php\/wp-json\/wp\/v2\/tags?post=5341"}],"curies":[{"name":"wp","href":"https:\/\/api.w.org\/{rel}","templated":true}]}}