{"id":53439,"date":"2025-07-01T20:48:07","date_gmt":"2025-07-01T20:48:07","guid":{"rendered":"https:\/\/ikimisli.tr\/?p=53439"},"modified":"2025-07-01T20:48:07","modified_gmt":"2025-07-01T20:48:07","slug":"samet-akaydin-rizesporda-mutluyum","status":"publish","type":"post","link":"https:\/\/ikimisli.tr\/index.php\/2025\/07\/01\/samet-akaydin-rizesporda-mutluyum\/","title":{"rendered":"Samet Akayd\u0131n: Rizespor\u2019da mutluyum"},"content":{"rendered":"<p>S\u00fcper Lig\u2019in 27\u2019nci haftas\u0131nda deplasmanda Antalyaspor\u2019a konuk olacak \u00c7aykur Rizespor ma\u00e7\u0131n haz\u0131rl\u0131klar\u0131na ba\u015flad\u0131. Mehmet Cengiz Tesisleri\u2019nde \u0130lhan Palut idaresinde ger\u00e7ekle\u015ftirilen idman \u0131s\u0131nma hareketleriyle ba\u015flay\u0131p, taktik \u00e7al\u0131\u015fmas\u0131 ile sona erdi.<\/p>\n<p>Antrenman \u00f6ncesi \u00c7aykur Rizespor\u2019un devre ortas\u0131 Fenerbah\u00e7e\u2019den transfer etti\u011fi ulusal savunma oyuncusu Samet Akayd\u0131n, bas\u0131n mensuplar\u0131n sorular\u0131n\u0131 yan\u0131tlad\u0131.<\/p>\n<p>Antalyaspor m\u00fcsabakas\u0131ndan g\u00fczel bir sonu\u00e7 almay\u0131 hedeflediklerini s\u00f6yleyen Samet Akayd\u0131n, \u201cAntalyaspor i\u00e7in birinci haz\u0131rl\u0131\u011f\u0131m\u0131z\u0131 bug\u00fcn yapaca\u011f\u0131z. Antalyaspor\u2019u daha \u00e2l\u00e2 tahlil edip, \u00e7al\u0131\u015fmalar\u0131m\u0131za bug\u00fcn ba\u015flayaca\u011f\u0131z. Her ma\u00e7a kazanmak i\u00e7in \u00e7\u0131k\u0131yoruz. Antalyaspor ma\u00e7\u0131 da bizim i\u00e7in o denli olacak. Kazanmak i\u00e7in \u00e7\u0131kaca\u011f\u0131z. Bunun i\u00e7in elimizden gelen ne varsa en g\u00fczelini alana koymaya \u00e7al\u0131\u015faca\u011f\u0131z. \u0130n\u015fallah serimize devam ederiz. Ho\u015f bir birlik ve beraberli\u011fimiz var hakikaten. Grupta ahenk sorunu falan her \u015fey \u00e7ok uygun, arkada\u015fl\u0131k \u00e7ok \u00e2l\u00e2. Ben Antalyaspor\u2019dan da d\u00fczg\u00fcn bir sonu\u00e7la ayr\u0131laca\u011f\u0131m\u0131z\u0131 d\u00fc\u015f\u00fcn\u00fcyorum\u201d diye konu\u015ftu.<\/p>\n<p><b>&#8220;R\u0130ZESPOR\u2019DA MUTLUYUM&#8221;<\/b><\/p>\n<p>Rize\u2019de yabanc\u0131l\u0131k \u00e7ekmedi\u011fini lisana getiren ulusal savunmac\u0131 Akayd\u0131n, \u201cBen bu y\u00f6renin evlad\u0131y\u0131m. Yabanc\u0131l\u0131k \u00e7ekmedim, ailem sonu\u00e7ta burada. Uzun bir m\u00fcddettir Karadeniz\u2019de de\u011fildim lakin burada do\u011fdum. Burada b\u00fcy\u00fcd\u00fcm, buralar\u0131n insanlar\u0131n\u0131n nas\u0131l oldu\u011funu biliyorum; inat\u00e7\u0131, pes etmeyen, h\u0131rsl\u0131 bir yap\u0131m\u0131z oldu\u011funun her vakit fark\u0131nday\u0131m. Ben de \u00f6yleyim. Alanda her vakit en uygununu vermeye \u00e7al\u0131\u015f\u0131r\u0131m. Rizespor\u2019da memnunum evet. \u0130kinci periyot geldim. \u015eu anda buradaki maksad\u0131m Rizespor\u2019u en d\u00fczg\u00fcn yerlere ta\u015f\u0131mak. D\u00f6nem sonunu bir y\u0131l daha kontrat\u0131m var, devam ediyor Rizespor\u2019da fakat onu \u015fu an d\u00fc\u015f\u00fcnm\u00fcyoruz. Amac\u0131m\u0131z bu periyot Rizespor\u2019u en yeterli formda hak etti\u011fi yere getirmek\u201d dedi.<\/p>\n<p><b>&#8220;F\u0130Z\u0130KSEL OLARAK \u00c7OK D\u00dcZG\u00dcN DURUMDAYIM&#8221;<\/b><\/p>\n<p>Milli kadroyla ilgili soruyu yan\u0131tlayan Samet Akayd\u0131n, \u201cMilli grupta hala devam eden bir \u015feyim var. Son Avrupa \u015fampiyonas\u0131 oynad\u0131k biliyorsunuz. G\u00fczel bir Avrupa \u015fampiyonas\u0131 ge\u00e7irdik. Hedeflerim do\u011fal ki devam ediyor. Rizespor\u2019a gelmem demek ulusal kadrodan vazge\u00e7mem demek yahut ulusal ekibe daha gidemeyece\u011fim manas\u0131na gelmiyor. Ben her vakit diyorum nerede olursam olay\u0131m performans\u0131m\u0131 en yeterli formda g\u00f6sterip, oralara ili\u015fkin oldu\u011fumu g\u00f6stermek istiyorum. Burada da t\u0131pk\u0131 bi\u00e7imde. \u00d6n\u00fcm\u00fczde 20 Mart\u2019ta ve 23 Mart\u2019ta ulusal kadro ma\u00e7\u0131 var biliyorsunuz. \u0130n\u015fallah oraya da gidece\u011fim, buna inan\u0131yorum. Fizik\u00ee olarak \u00e7ok uygun durumday\u0131m. Daha da g\u00fczel oluyorum. Art\u0131k oynuyorum oynad\u0131k\u00e7a daha \u00e2l\u00e2 olaca\u011f\u0131m. Benim de o denli bir imal var oynad\u0131k\u00e7a daha uygun oluyorum. \u0130n\u015fallah ulusal kadromuzda \u00fclkemizi temsil etmeye devam edece\u011fim\u201d de\u011ferlendirmesinde bulundu.<\/p>\n","protected":false},"excerpt":{"rendered":"<p>Rizespor\u2019un savunma oyuncusu Samet Akayd\u0131n, Antalyaspor ma\u00e7\u0131 \u00f6ncesi yapt\u0131\u011f\u0131 a\u00e7\u0131klamada &#8220;Rizespor\u2019da memnunum evet. \u0130kinci devir geldim. \u015eu anda buradaki amac\u0131m Rizespor\u2019u en d\u00fczg\u00fcn yerlere ta\u015f\u0131mak&#8221; dedi.<\/p>\n","protected":false},"author":1,"featured_media":53440,"comment_status":"open","ping_status":"open","sticky":false,"template":"","format":"standard","meta":{"footnotes":""},"categories":[30],"tags":[4502,3635,3696,4616],"class_list":["post-53439","post","type-post","status-publish","format-standard","has-post-thumbnail","hentry","category-spor","tag-antalyaspor","tag-en-iyi","tag-milli-takim","tag-rizespor"],"_links":{"self":[{"href":"https:\/\/ikimisli.tr\/index.php\/wp-json\/wp\/v2\/posts\/53439","targetHints":{"allow":["GET"]}}],"collection":[{"href":"https:\/\/ikimisli.tr\/index.php\/wp-json\/wp\/v2\/posts"}],"about":[{"href":"https:\/\/ikimisli.tr\/index.php\/wp-json\/wp\/v2\/types\/post"}],"author":[{"embeddable":true,"href":"https:\/\/ikimisli.tr\/index.php\/wp-json\/wp\/v2\/users\/1"}],"replies":[{"embeddable":true,"href":"https:\/\/ikimisli.tr\/index.php\/wp-json\/wp\/v2\/comments?post=53439"}],"version-history":[{"count":1,"href":"https:\/\/ikimisli.tr\/index.php\/wp-json\/wp\/v2\/posts\/53439\/revisions"}],"predecessor-version":[{"id":53441,"href":"https:\/\/ikimisli.tr\/index.php\/wp-json\/wp\/v2\/posts\/53439\/revisions\/53441"}],"wp:featuredmedia":[{"embeddable":true,"href":"https:\/\/ikimisli.tr\/index.php\/wp-json\/wp\/v2\/media\/53440"}],"wp:attachment":[{"href":"https:\/\/ikimisli.tr\/index.php\/wp-json\/wp\/v2\/media?parent=53439"}],"wp:term":[{"taxonomy":"category","embeddable":true,"href":"https:\/\/ikimisli.tr\/index.php\/wp-json\/wp\/v2\/categories?post=53439"},{"taxonomy":"post_tag","embeddable":true,"href":"https:\/\/ikimisli.tr\/index.php\/wp-json\/wp\/v2\/tags?post=53439"}],"curies":[{"name":"wp","href":"https:\/\/api.w.org\/{rel}","templated":true}]}}