{"id":53682,"date":"2025-07-02T11:12:07","date_gmt":"2025-07-02T11:12:07","guid":{"rendered":"https:\/\/ikimisli.tr\/?p=53682"},"modified":"2025-07-02T11:12:07","modified_gmt":"2025-07-02T11:12:07","slug":"karayolu-tasimaciliginda-para-cezalari-artiyor-yeni-kanun-teklifi-hazirlandi","status":"publish","type":"post","link":"https:\/\/ikimisli.tr\/index.php\/2025\/07\/02\/karayolu-tasimaciliginda-para-cezalari-artiyor-yeni-kanun-teklifi-hazirlandi\/","title":{"rendered":"Karayolu ta\u015f\u0131mac\u0131l\u0131\u011f\u0131nda para cezalar\u0131 art\u0131yor!  Yeni kanun teklifi haz\u0131rland\u0131"},"content":{"rendered":"<p>AKP mali mevzularla ilgili yeni bir torba kanun teklifi \u00fczerinde \u00e7al\u0131\u015f\u0131yor. Karayolu Ta\u015f\u0131ma Kanunu\u2019nda yap\u0131lacak de\u011fi\u015fiklikle biletsiz yolcu ta\u015f\u0131yanlara, yolcular\u0131 terminal ve duraklar d\u0131\u015f\u0131nda indirip bindirenlere uygulanan cezalar ile karayolu nakliyat\u0131yla ilgili art\u0131k g\u00fcn\u00fcm\u00fczde d\u00fc\u015f\u00fck \u00f6l\u00e7\u00fclerde kalan \u00f6b\u00fcr idari para cezalar\u0131n\u0131n art\u0131r\u0131lacak. Biletsiz yolcu ta\u015f\u0131yanlara 8 bin 500 liradan 85 bin liraya kadar ceza \u00f6ng\u00f6r\u00fcl\u00fcyor.<\/p>\n<p>Gi\u015felerden ka\u00e7ak ge\u00e7i\u015flerinin \u00f6nlenmesi hedefiyle yabanc\u0131 plakal\u0131 ara\u00e7lar sisteme entegre edilecek ve para cezalar\u0131n\u0131 g\u00fcmr\u00fck kap\u0131lar\u0131nda \u00f6demeden yurt d\u0131\u015f\u0131na \u00e7\u0131k\u0131\u015flar\u0131 engellenecek. Son 10 y\u0131lda T\u00fcrkiye\u2019nin bu yolla ka\u00e7ak ge\u00e7i\u015fler nedeniyle 12-13 milyon dolar ziyan etti\u011fi belirtiliyor.<\/p>\n<p><b>KARAYOLU TA\u015eIMACILI\u011eI KANUNU DE\u011e\u0130\u015e\u0130YOR<\/b><\/p>\n<p>Kanun teklifindeki temel d\u00fczenleme, \u201ckamuya a\u00e7\u0131k karayolunda motorlu ta\u015f\u0131tlarla yap\u0131lan yolcu ve e\u015fya ta\u015f\u0131malar\u0131n\u0131, ta\u015f\u0131mac\u0131lar\u0131, ta\u015f\u0131ma acentelerini, ta\u015f\u0131ma i\u015fleri komisyoncular\u0131n\u0131, nakliyat ambar\u0131 ve kargo i\u015fletmecilerini, ta\u015f\u0131ma i\u015flerinde \u00e7al\u0131\u015fanlar ile ta\u015f\u0131malarda yararlan\u0131lan her t\u00fcrl\u00fc ta\u015f\u0131t, ara\u00e7, gere\u00e7, yap\u0131lar\u0131 ve benzerlerini\u201d kapsayan ve bu alanla ilgili d\u00fczenlemeler i\u00e7eren 2003 tarihli ve 4925 say\u0131l\u0131 Karayolu Nakliyat\u0131 Kanunu\u2019nda yap\u0131lacak.<\/p>\n<p>Uluslararas\u0131 nakliyecilikle ilgili d\u00fczenlemelerin de yer ald\u0131\u011f\u0131 kanun yolcu ve e\u015fya ta\u015f\u0131malar\u0131n\u0131n, kanunlara ve ta\u015f\u0131mac\u0131 ile yolcu ve g\u00f6nderen ortas\u0131ndaki mukavelelere uygun yap\u0131lmas\u0131n\u0131 karar alt\u0131na al\u0131yor. Ayr\u0131yeten yolcu ta\u015f\u0131malar\u0131 biletsiz yahut ta\u015f\u0131ma s\u00f6zle\u015fmesiz, e\u015fya ta\u015f\u0131malar\u0131 ta\u015f\u0131ma senetsiz yap\u0131lam\u0131yor.<\/p>\n<p><b>85 B\u0130N L\u0130RAYA KADAR CEZA YOLDA<\/b><\/p>\n<p>4925 say\u0131l\u0131 Karayolu Nakliyecili\u011fi Kanunu\u2019nda yolcu ve e\u015fya nakliyat\u0131 ile ilgili mevzulardaki kararlara muhalif davrananlara y\u00f6nelik idari para cezalar\u0131n\u0131n, g\u00fcn\u00fcm\u00fczde \u00e7ok d\u00fc\u015f\u00fck kald\u0131\u011f\u0131 ve bu nedenle cayd\u0131r\u0131c\u0131l\u0131\u011f\u0131 da yitirdi\u011fi gerek\u00e7esiyle art\u0131r\u0131lmas\u0131 planlan\u0131yor. Bu kapsamda, biletsiz yolcu ta\u015f\u0131yanlara 8 bin 500 liradan 85 bin liraya kadar ceza \u00f6ng\u00f6r\u00fcl\u00fcyor. Yolcular\u0131, terminal ve orta duraklar d\u0131\u015f\u0131nda ta\u015f\u0131yanlara uygulanan idari para cezalar\u0131n\u0131n 1500 liradan 5 bin ile 50 bin TL\u2019ye kadar \u00e7\u0131kar\u0131lmas\u0131 planlan\u0131yor.<\/p>\n<p><b>YABANCI PLAKALI ARA\u00c7LAR DA S\u0130STEME ENTEGRE ED\u0130LECEK<\/b><\/p>\n<p>\u00d6te yandan, kanun teklifinde gi\u015felerden ka\u00e7ak ge\u00e7en lakin kanunda \u00f6ng\u00f6r\u00fclen idari para cezas\u0131n\u0131 \u00f6demeden yurt d\u0131\u015f\u0131na \u00e7\u0131k\u0131\u015f yapan araba, kamyon, t\u0131r \u00fczere her t\u00fcrl\u00fc yabanc\u0131 plakal\u0131 ara\u00e7larla ilgili de d\u00fczenlemeye gidiliyor. Yabanc\u0131 plakal\u0131 ara\u00e7lar da yerli ara\u00e7lar \u00fczere sisteme entegre edilecek ve gi\u015felerden ka\u00e7ak ge\u00e7meleri halinde g\u00fcmr\u00fck kap\u0131lar\u0131nda para cezalar\u0131n\u0131 \u00f6demeden yurt d\u0131\u015f\u0131na \u00e7\u0131k\u0131\u015f yapamayacak.<\/p>\n<p>Gi\u015felerden ka\u00e7ak ge\u00e7en yabanc\u0131 plakal\u0131 ara\u00e7lar nedeniyle T\u00fcrkiye\u2019nin 2015\u2019ten bu yana, 12-13 milyon dolarl\u0131k ziyana u\u011frad\u0131\u011f\u0131 belirtiliyor.<\/p>\n<p><b>HAVACILIK TAZM\u0130NATLARI DA ARTIRILIYOR<\/b><\/p>\n<p>Ayr\u0131ca, torba kanun teklifinde Devlet Hava Meydanlar\u0131 \u0130\u015fletmesi \u00e7al\u0131\u015fanlar\u0131na EUROCONTROL kapsam\u0131nda \u00f6denen havac\u0131l\u0131k tazminat\u0131n\u0131n da art\u0131r\u0131lmas\u0131na y\u00f6nelik d\u00fczenleme yap\u0131laca\u011f\u0131 \u00f6\u011frenildi.<\/p>\n<p><b>DO\u011eUM YARDIMLARIYLA \u0130LG\u0130L\u0130 DE D\u00dcZENLEME GEL\u0130YOR<\/b><\/p>\n<p>Torba kanunda do\u011fum yard\u0131mlar\u0131na ait kalemin b\u00fct\u00e7ede yer almas\u0131na ait teknik bir d\u00fczenleme de yer alacak.<\/p>\n","protected":false},"excerpt":{"rendered":"<p>AKP&#8217;nin haz\u0131rl\u0131\u011f\u0131n\u0131 s\u00fcrd\u00fcrd\u00fc\u011f\u00fc kimi kanunlarda de\u011fi\u015fiklik \u00f6ng\u00f6ren toplam 15 unsurluk torba kanunun yar\u0131n yahut Pazartesi g\u00fcn\u00fc TBMM Ba\u015fkanl\u0131\u011f\u0131\u2019na sunulmas\u0131 bekleniyor. Kanun teklifiyle karayollar\u0131ndaki cezalar art\u0131r\u0131lacak.<\/p>\n","protected":false},"author":1,"featured_media":53683,"comment_status":"open","ping_status":"open","sticky":false,"template":"","format":"standard","meta":{"footnotes":""},"categories":[24],"tags":[740,1839,935,509,683],"class_list":["post-53682","post","type-post","status-publish","format-standard","has-post-thumbnail","hentry","category-ekonomi","tag-duzenleme","tag-kacak","tag-kanun","tag-tasima","tag-yolcu"],"_links":{"self":[{"href":"https:\/\/ikimisli.tr\/index.php\/wp-json\/wp\/v2\/posts\/53682","targetHints":{"allow":["GET"]}}],"collection":[{"href":"https:\/\/ikimisli.tr\/index.php\/wp-json\/wp\/v2\/posts"}],"about":[{"href":"https:\/\/ikimisli.tr\/index.php\/wp-json\/wp\/v2\/types\/post"}],"author":[{"embeddable":true,"href":"https:\/\/ikimisli.tr\/index.php\/wp-json\/wp\/v2\/users\/1"}],"replies":[{"embeddable":true,"href":"https:\/\/ikimisli.tr\/index.php\/wp-json\/wp\/v2\/comments?post=53682"}],"version-history":[{"count":1,"href":"https:\/\/ikimisli.tr\/index.php\/wp-json\/wp\/v2\/posts\/53682\/revisions"}],"predecessor-version":[{"id":53684,"href":"https:\/\/ikimisli.tr\/index.php\/wp-json\/wp\/v2\/posts\/53682\/revisions\/53684"}],"wp:featuredmedia":[{"embeddable":true,"href":"https:\/\/ikimisli.tr\/index.php\/wp-json\/wp\/v2\/media\/53683"}],"wp:attachment":[{"href":"https:\/\/ikimisli.tr\/index.php\/wp-json\/wp\/v2\/media?parent=53682"}],"wp:term":[{"taxonomy":"category","embeddable":true,"href":"https:\/\/ikimisli.tr\/index.php\/wp-json\/wp\/v2\/categories?post=53682"},{"taxonomy":"post_tag","embeddable":true,"href":"https:\/\/ikimisli.tr\/index.php\/wp-json\/wp\/v2\/tags?post=53682"}],"curies":[{"name":"wp","href":"https:\/\/api.w.org\/{rel}","templated":true}]}}