{"id":53770,"date":"2025-07-02T16:24:06","date_gmt":"2025-07-02T16:24:06","guid":{"rendered":"https:\/\/ikimisli.tr\/?p=53770"},"modified":"2025-07-02T16:24:06","modified_gmt":"2025-07-02T16:24:06","slug":"hazineden-genc-girisimcilere-625-milyar-liralik-kredi-destegi","status":"publish","type":"post","link":"https:\/\/ikimisli.tr\/index.php\/2025\/07\/02\/hazineden-genc-girisimcilere-625-milyar-liralik-kredi-destegi\/","title":{"rendered":"Hazineden gen\u00e7 giri\u015fimcilere 6,25 milyar liral\u0131k kredi deste\u011fi"},"content":{"rendered":"<p>Hazine ve Maliye Bakan\u0131 Mehmet \u015eim\u015fek, Avrupa \u0130mar ve Kalk\u0131nma Bankas\u0131 (EBRD) ile i\u015fbirli\u011fi yap\u0131larak 5 milyar lira teminat kar\u015f\u0131l\u0131\u011f\u0131 6,25 milyar lira kredi imkan\u0131yla gen\u00e7 giri\u015fimcilerin desteklenece\u011fini belirtti.<\/p>\n<p>\u015eim\u015fek, EBRD ile i\u015fbirli\u011fi yap\u0131larak haz\u0131rlanan Gen\u00e7 Giri\u015fimcilere Y\u00f6nelik Yeni Takviye Paketi&#8217;ne ait de\u011ferlendirmede bulundu.<\/p>\n<p>Ekonomi program\u0131 \u00e7er\u00e7evesinde giri\u015fimcilerin desteklenmesi taraf\u0131ndaki \u00e7al\u0131\u015fmalar\u0131n devam etti\u011fine dikkati \u00e7eken \u015eim\u015fek, gen\u00e7 giri\u015fimcilerin uygun kaidelerde finansmana eri\u015fim imkanlar\u0131n\u0131 art\u0131rmak gayesiyle Hazine takviyeli kefalet sistemini faal kulland\u0131klar\u0131n\u0131 aktard\u0131.<\/p>\n<p><b>DESTEK 35 YA\u015eINDAN K\u00dc\u00c7\u00dcKLERE SA\u011eLANACAK<\/b><\/p>\n<p>\u015eim\u015fek, bu \u00e7er\u00e7evede, EBRD taraf\u0131ndan bankalara sa\u011flanacak kredi kayna\u011f\u0131 kapsam\u0131nda Bakanl\u0131k\u00e7a teminat takviyesi sa\u011flanaca\u011f\u0131n\u0131 bildirerek, &#8220;EBRD ile yap\u0131lan i\u015fbirli\u011fiyle, Kredi Garanti Fonu arac\u0131l\u0131\u011f\u0131yla sa\u011flanacak 5 milyar lira teminat kar\u015f\u0131l\u0131\u011f\u0131 6,25 milyar lira kredi imkan\u0131yla gen\u00e7 giri\u015fimcilerimiz desteklenecek. Bu takviye arac\u0131l\u0131\u011f\u0131yla gen\u00e7lerin, ba\u015far\u0131l\u0131 i\u015fletmeler kurmalar\u0131, bu i\u015fletmeleri b\u00fcy\u00fctmeleri i\u00e7in gerekli kaynak ile dan\u0131\u015fmanl\u0131k ve e\u011fitim imkanlar\u0131na ula\u015fmalar\u0131 ama\u00e7lan\u0131yor.&#8221; tabirlerini kulland\u0131.<\/p>\n<p>Destek paketiyle yararlan\u0131c\u0131 ba\u015f\u0131na teminat \u00fcst limitinin 85 milyon lira, teminat oran\u0131n\u0131n da y\u00fczde 80 olarak uygulanaca\u011f\u0131n\u0131 aktaran \u015eim\u015fek, &#8220;Destek paketinden, belli \u015fartlar\u0131 sa\u011flayan 35 ya\u015f\u0131ndan k\u00fc\u00e7\u00fck sahibi ve\/veya y\u00f6neticisi olan \u015firketler yararlanabilecektir.&#8221; diye konu\u015ftu.<\/p>\n","protected":false},"excerpt":{"rendered":"<p>Bakan \u015eim\u015fek, hazine teminat\u0131yla gen\u00e7 giri\u015fimcilere 6,25 milyar liral\u0131k kredi verilece\u011fini belirterek &#8220;Avrupa \u0130mar ve Kalk\u0131nma Bankas\u0131 ile yap\u0131lan i\u015fbirli\u011fiyle, Kredi Garanti Fonu arac\u0131l\u0131\u011f\u0131yla sa\u011flanacak 5 milyar lira teminat kar\u015f\u0131l\u0131\u011f\u0131 6,25 milyar lira kredi imkan\u0131yla gen\u00e7 giri\u015fimcilerimiz desteklenecek&#8221; s\u00f6zlerini kulland\u0131.<\/p>\n","protected":false},"author":1,"featured_media":53771,"comment_status":"open","ping_status":"open","sticky":false,"template":"","format":"standard","meta":{"footnotes":""},"categories":[24],"tags":[234,1424,174,1135,2138],"class_list":["post-53770","post","type-post","status-publish","format-standard","has-post-thumbnail","hentry","category-ekonomi","tag-destek","tag-genc","tag-lira","tag-simsek","tag-teminat"],"_links":{"self":[{"href":"https:\/\/ikimisli.tr\/index.php\/wp-json\/wp\/v2\/posts\/53770","targetHints":{"allow":["GET"]}}],"collection":[{"href":"https:\/\/ikimisli.tr\/index.php\/wp-json\/wp\/v2\/posts"}],"about":[{"href":"https:\/\/ikimisli.tr\/index.php\/wp-json\/wp\/v2\/types\/post"}],"author":[{"embeddable":true,"href":"https:\/\/ikimisli.tr\/index.php\/wp-json\/wp\/v2\/users\/1"}],"replies":[{"embeddable":true,"href":"https:\/\/ikimisli.tr\/index.php\/wp-json\/wp\/v2\/comments?post=53770"}],"version-history":[{"count":1,"href":"https:\/\/ikimisli.tr\/index.php\/wp-json\/wp\/v2\/posts\/53770\/revisions"}],"predecessor-version":[{"id":53772,"href":"https:\/\/ikimisli.tr\/index.php\/wp-json\/wp\/v2\/posts\/53770\/revisions\/53772"}],"wp:featuredmedia":[{"embeddable":true,"href":"https:\/\/ikimisli.tr\/index.php\/wp-json\/wp\/v2\/media\/53771"}],"wp:attachment":[{"href":"https:\/\/ikimisli.tr\/index.php\/wp-json\/wp\/v2\/media?parent=53770"}],"wp:term":[{"taxonomy":"category","embeddable":true,"href":"https:\/\/ikimisli.tr\/index.php\/wp-json\/wp\/v2\/categories?post=53770"},{"taxonomy":"post_tag","embeddable":true,"href":"https:\/\/ikimisli.tr\/index.php\/wp-json\/wp\/v2\/tags?post=53770"}],"curies":[{"name":"wp","href":"https:\/\/api.w.org\/{rel}","templated":true}]}}