{"id":54107,"date":"2025-07-03T12:12:08","date_gmt":"2025-07-03T12:12:08","guid":{"rendered":"https:\/\/ikimisli.tr\/?p=54107"},"modified":"2025-07-03T12:12:08","modified_gmt":"2025-07-03T12:12:08","slug":"bakan-yeni-firsat-dedi-hukuk-fakultesi-mezunu-2-bin-500-kisi-alinacak","status":"publish","type":"post","link":"https:\/\/ikimisli.tr\/index.php\/2025\/07\/03\/bakan-yeni-firsat-dedi-hukuk-fakultesi-mezunu-2-bin-500-kisi-alinacak\/","title":{"rendered":"Bakan &#8216;yeni f\u0131rsat&#8217; dedi: Hukuk fak\u00fcltesi mezunu 2 bin 500 ki\u015fi al\u0131nacak"},"content":{"rendered":"<p>Ankara Dikmen Hakimevi\u2019nde ger\u00e7ekle\u015ftirilen Ulusal Staj Program\u0131 \u0130\u015f Birli\u011fi Protokol\u00fc imza merasiminde konu\u015fan Adalet Bakan\u0131 Y\u0131lmaz Tun\u00e7, hukuk fak\u00fcltesi \u00f6\u011frencilerinin avukatl\u0131k ofisleri, noterlikler, orta buluculuk ofisleri ve merkezlerinde staj yapabilmelerine imkan tan\u0131yan protokol\u00fc k\u0131ymetlendirdi.<\/p>\n<p>Bakan, bu ad\u0131m\u0131n gen\u00e7 hukuk\u00e7ular\u0131 mesle\u011fe daha donan\u0131ml\u0131 formda haz\u0131rlayaca\u011f\u0131n\u0131 vurgulayarak, \u201cHukuk e\u011fitiminin kalitesini art\u0131rmak, adalet sisteminin gelece\u011fini g\u00fc\u00e7lendirmek ve gen\u00e7lerimizin meslek seyahatlerini desteklemek ama\u00e7lar\u0131m\u0131z ortas\u0131nda. Bu protokol\u00fcn hayata ge\u00e7mesinde katk\u0131s\u0131 olan Cumhurba\u015fkanl\u0131\u011f\u0131 \u0130nsan Kaynaklar\u0131 Ofisi, T\u00fcrkiye Barolar Birli\u011fi, T\u00fcrkiye Noterler Birli\u011fi ve T\u00dcRAMEP\u2019e te\u015fekk\u00fcr ediyor, protokol\u00fcn gen\u00e7lerimize ve \u00fclkemize iyi olmas\u0131n\u0131 diliyorum\u201d dedi.<\/p>\n<p><b>2 B\u0130N 500 K\u0130\u015e\u0130 HUKUK FAK\u00dcLTES\u0130 MEZUNU ALINACAK <\/b><\/p>\n<p>Noter yard\u0131mc\u0131l\u0131\u011f\u0131 sistemine ge\u00e7i\u015f plan\u0131n\u0131 ayr\u0131nt\u0131land\u0131ran Tun\u00e7, \u201cT\u00fcrkiye genelinde yakla\u015f\u0131k 2 bin 500 noterimiz bulunuyor. Hukuk fak\u00fcltesi mezunlar\u0131n\u0131n noter yard\u0131mc\u0131s\u0131 olarak vazife yapmas\u0131yla, noterlik hizmetlerinde kalite artacak ve birebir vakitte 2 bin 500\u2019e yak\u0131n gen\u00e7 hukuk\u00e7umuz istihdam edilecek. Bu d\u00fczenleme, noterlik mesle\u011fine de\u011ferli bir katk\u0131 sa\u011flayacak\u201d s\u00f6zlerini kulland\u0131.<\/p>\n","protected":false},"excerpt":{"rendered":"<p>Adalet Bakan\u0131 Y\u0131lmaz Tun\u00e7, hukuk fak\u00fcltesi mezunlar\u0131n\u0131n noterlik mesle\u011finde daha faal rol almas\u0131n\u0131 sa\u011flayacak yeni bir d\u00fczenleme \u00fczerinde \u00e7al\u0131\u015ft\u0131klar\u0131n\u0131 a\u00e7\u0131klad\u0131. Bakan Tun\u00e7, noterlerin yan\u0131nda g\u00f6rev yapacak hukuk fak\u00fcltesi mezunu noter yard\u0131mc\u0131lar\u0131n\u0131n, hem hizmet kalitesini y\u00fckseltece\u011fini hem de gen\u00e7 hukuk\u00e7ulara istihdam kap\u0131s\u0131 a\u00e7aca\u011f\u0131n\u0131 belirtti. Tun\u00e7,  2 bin 500\u2019e yak\u0131n hukuk fak\u00fcltesi mezununun istihdam edilece\u011fi s\u00f6yledi.<\/p>\n","protected":false},"author":1,"featured_media":54108,"comment_status":"open","ping_status":"open","sticky":false,"template":"","format":"standard","meta":{"footnotes":""},"categories":[24],"tags":[302,7395],"class_list":["post-54107","post","type-post","status-publish","format-standard","has-post-thumbnail","hentry","category-ekonomi","tag-hukuk","tag-noter"],"_links":{"self":[{"href":"https:\/\/ikimisli.tr\/index.php\/wp-json\/wp\/v2\/posts\/54107","targetHints":{"allow":["GET"]}}],"collection":[{"href":"https:\/\/ikimisli.tr\/index.php\/wp-json\/wp\/v2\/posts"}],"about":[{"href":"https:\/\/ikimisli.tr\/index.php\/wp-json\/wp\/v2\/types\/post"}],"author":[{"embeddable":true,"href":"https:\/\/ikimisli.tr\/index.php\/wp-json\/wp\/v2\/users\/1"}],"replies":[{"embeddable":true,"href":"https:\/\/ikimisli.tr\/index.php\/wp-json\/wp\/v2\/comments?post=54107"}],"version-history":[{"count":1,"href":"https:\/\/ikimisli.tr\/index.php\/wp-json\/wp\/v2\/posts\/54107\/revisions"}],"predecessor-version":[{"id":54109,"href":"https:\/\/ikimisli.tr\/index.php\/wp-json\/wp\/v2\/posts\/54107\/revisions\/54109"}],"wp:featuredmedia":[{"embeddable":true,"href":"https:\/\/ikimisli.tr\/index.php\/wp-json\/wp\/v2\/media\/54108"}],"wp:attachment":[{"href":"https:\/\/ikimisli.tr\/index.php\/wp-json\/wp\/v2\/media?parent=54107"}],"wp:term":[{"taxonomy":"category","embeddable":true,"href":"https:\/\/ikimisli.tr\/index.php\/wp-json\/wp\/v2\/categories?post=54107"},{"taxonomy":"post_tag","embeddable":true,"href":"https:\/\/ikimisli.tr\/index.php\/wp-json\/wp\/v2\/tags?post=54107"}],"curies":[{"name":"wp","href":"https:\/\/api.w.org\/{rel}","templated":true}]}}