{"id":54160,"date":"2025-07-03T15:24:24","date_gmt":"2025-07-03T15:24:24","guid":{"rendered":"https:\/\/ikimisli.tr\/?p=54160"},"modified":"2025-07-03T15:24:24","modified_gmt":"2025-07-03T15:24:24","slug":"mhp-ile-dem-parti-arasindaki-bahar-kisa-surdu-ilk-catlak","status":"publish","type":"post","link":"https:\/\/ikimisli.tr\/index.php\/2025\/07\/03\/mhp-ile-dem-parti-arasindaki-bahar-kisa-surdu-ilk-catlak\/","title":{"rendered":"MHP ile DEM Parti aras\u0131ndaki bahar k\u0131sa s\u00fcrd\u00fc: \u0130lk \u00e7atlak&#8230;"},"content":{"rendered":"<p>Ter\u00f6r \u00f6rg\u00fct\u00fc PKK eleba\u015f\u0131s\u0131 Abdullah \u00d6calan ge\u00e7ti\u011fimiz g\u00fcnlerde PKK&#8217;ya silah b\u0131rakma daveti yapm\u0131\u015ft\u0131.<\/p>\n<p>Bu davetin PKK&#8217;n\u0131n Suriye&#8217;deki kolu PYD\/YPG&#8217;yi kapsay\u0131p kapsamad\u0131\u011f\u0131 tart\u0131\u015fma konusu oldu.<\/p>\n<p>\u00d6calan&#8217;\u0131n davetinin akabinde bir televizyon program\u0131na konuk olan DEM Parti E\u015f Genel Lideri T\u00fclay Hatimo\u011fullar\u0131, ter\u00f6ristba\u015f\u0131n\u0131n &#8220;silah b\u0131rakma ve \u00f6rg\u00fct\u00fc fesih&#8221; davetinin yaln\u0131zca PKK&#8217;ya y\u00f6nelik oldu\u011funu YPG\u2019yi kapsamad\u0131\u011f\u0131n\u0131 s\u00f6yledi.<\/p>\n<p>Hatimo\u011fullar\u0131, \u201cBu davet hayli a\u00e7\u0131k ve net. Metnin hi\u00e7bir yerinde YPG ge\u00e7miyor\u201d dedi.<\/p>\n<p><strong><em><img decoding=\"async\" src=\"https:\/\/ikimisli.tr\/wp-content\/uploads\/2025\/07\/mhp-ile-dem-parti-arasindaki-bahar-kisa-surdu-ilk-catlak-0-HOJNTJ4v.jpg\"\/><br \/><\/em><\/strong><\/p>\n<p><strong><em>(DEM Parti E\u015f Genel Lideri T\u00fclay Hatimo\u011fullar\u0131)<\/em><\/strong><\/p>\n<p><b>MHP&#8217;DEN DEM PART\u0130&#8217;YE \u00c7OK SERT TEPK\u0130<\/b><\/p>\n<p>MHP Genel Ba\u015fkan\u0131 Bas\u0131n Dan\u0131\u015fman\u0131 Y\u0131ld\u0131ray \u00c7i\u00e7ek, partinin yay\u0131n organ\u0131 T\u00fcrkg\u00fcn\u2019deki yaz\u0131s\u0131nda DEM Parti E\u015f Genel Lideri T\u00fclay Hatimo\u011fullar\u0131\u2019na reaksiyon g\u00f6sterdi.<\/p>\n<p><img decoding=\"async\" src=\"https:\/\/ikimisli.tr\/wp-content\/uploads\/2025\/07\/mhp-ile-dem-parti-arasindaki-bahar-kisa-surdu-ilk-catlak-1-BDhdIsm3.jpg\"\/><\/p>\n<p><strong><em>(MHP Genel Ba\u015fkan\u0131 Bas\u0131n Dan\u0131\u015fman\u0131 Y\u0131ld\u0131ray \u00c7i\u00e7ek)<\/em><\/strong><\/p>\n<p><b>&#8216;OYUN \u0130\u00c7\u0130NDE OYUN VAR&#8217;<\/b><\/p>\n<p>\u00c7i\u00e7ek \u015funlar\u0131 s\u00f6yledi:<\/p>\n<p>T\u00fclay Hatimo\u011fullar\u0131, kimden yanas\u0131n? ABD mi, \u0130srail mi?<\/p>\n<p>\u201cPKK\u2019n\u0131n silah b\u0131rakma ve feshedilme s\u00fcrecine girmesi kar\u015f\u0131s\u0131nda \u0130srail b\u00fcy\u00fck bir tela\u015f i\u00e7indeyken, DEM E\u015fba\u015fkan\u0131 T\u00fclay Hatimo\u011fullar\u0131 bu tela\u015f\u0131n neresinde durmaktad\u0131r?<\/p>\n<p>\u0130srail cephesinde tela\u015fl\u0131 bir hareketlilik ba\u015flam\u0131\u015f g\u00f6r\u00fcnmektedir. Siyonist Netanyahu, \u201cSuriye K\u00fcrtleri korunmal\u0131\u201d maskesi alt\u0131nda ter\u00f6r \u00f6rg\u00fct\u00fc YPG\u2019yi muhafazaya y\u00f6nelik a\u00e7\u0131klamalar yaparken, \u0130srail\u2019in \u201c\u0130srail Savunma Kuvvetleri\u2019nin resmi X hesab\u0131na be\u011fenilen geldiniz! Bu platform, ISK ile ilgili geli\u015fmeler hakk\u0131nda sa\u011flam ve anl\u0131k g\u00fcncellemeler sa\u011flamak gayesiyle kullan\u0131lacakt\u0131r.\u201d bi\u00e7iminde duyurdu\u011fu T\u00fcrk\u00e7e bir sayfa a\u00e7mas\u0131 da dikkat \u00e7ekmektedir.<\/p>\n<p>T\u00fcm bu geli\u015fmeler, \u0130srail\u2019in birebir vakitte kara propagandaya haz\u0131rland\u0131\u011f\u0131n\u0131 ve T\u00fcrkiye\u2019deki taraftarlar\u0131n\u0131 canl\u0131 tutmay\u0131 ama\u00e7lad\u0131\u011f\u0131n\u0131 g\u00f6stermektedir.<\/p>\n<p>Oyun i\u00e7inde oyun var, fakat T\u00fcrkiye bu oyunlar\u0131 bozacakt\u0131r.\u201d<\/p>\n","protected":false},"excerpt":{"rendered":"<p>Ter\u00f6ristba\u015f\u0131 \u00d6calan&#8217;\u0131n silah b\u0131rakma davetinin akabinde MHP ile DEM Parti ortas\u0131nda yak\u0131nla\u015fma artm\u0131\u015f, kar\u015f\u0131l\u0131kl\u0131 samimi iletiler verilmi\u015fti. Ancak DEM Parti E\u015f Lideri T\u00fclay Hatimo\u011fullar\u0131&#8217;n\u0131n son \u00e7\u0131k\u0131\u015f\u0131 MHP&#8217;de rahats\u0131zl\u0131k yaratt\u0131.<\/p>\n","protected":false},"author":1,"featured_media":54161,"comment_status":"open","ping_status":"open","sticky":false,"template":"","format":"standard","meta":{"footnotes":""},"categories":[25],"tags":[2312,255,80,1225,189],"class_list":["post-54160","post","type-post","status-publish","format-standard","has-post-thumbnail","hentry","category-gundem","tag-cagri","tag-dem","tag-israil","tag-oyun","tag-parti"],"_links":{"self":[{"href":"https:\/\/ikimisli.tr\/index.php\/wp-json\/wp\/v2\/posts\/54160","targetHints":{"allow":["GET"]}}],"collection":[{"href":"https:\/\/ikimisli.tr\/index.php\/wp-json\/wp\/v2\/posts"}],"about":[{"href":"https:\/\/ikimisli.tr\/index.php\/wp-json\/wp\/v2\/types\/post"}],"author":[{"embeddable":true,"href":"https:\/\/ikimisli.tr\/index.php\/wp-json\/wp\/v2\/users\/1"}],"replies":[{"embeddable":true,"href":"https:\/\/ikimisli.tr\/index.php\/wp-json\/wp\/v2\/comments?post=54160"}],"version-history":[{"count":1,"href":"https:\/\/ikimisli.tr\/index.php\/wp-json\/wp\/v2\/posts\/54160\/revisions"}],"predecessor-version":[{"id":54164,"href":"https:\/\/ikimisli.tr\/index.php\/wp-json\/wp\/v2\/posts\/54160\/revisions\/54164"}],"wp:featuredmedia":[{"embeddable":true,"href":"https:\/\/ikimisli.tr\/index.php\/wp-json\/wp\/v2\/media\/54161"}],"wp:attachment":[{"href":"https:\/\/ikimisli.tr\/index.php\/wp-json\/wp\/v2\/media?parent=54160"}],"wp:term":[{"taxonomy":"category","embeddable":true,"href":"https:\/\/ikimisli.tr\/index.php\/wp-json\/wp\/v2\/categories?post=54160"},{"taxonomy":"post_tag","embeddable":true,"href":"https:\/\/ikimisli.tr\/index.php\/wp-json\/wp\/v2\/tags?post=54160"}],"curies":[{"name":"wp","href":"https:\/\/api.w.org\/{rel}","templated":true}]}}