{"id":54169,"date":"2025-07-03T15:48:15","date_gmt":"2025-07-03T15:48:15","guid":{"rendered":"https:\/\/ikimisli.tr\/?p=54169"},"modified":"2025-07-03T15:48:15","modified_gmt":"2025-07-03T15:48:15","slug":"telif-haklarinda-yeni-donem-bakan-ersoy-duyurdu","status":"publish","type":"post","link":"https:\/\/ikimisli.tr\/index.php\/2025\/07\/03\/telif-haklarinda-yeni-donem-bakan-ersoy-duyurdu\/","title":{"rendered":"Telif haklar\u0131nda yeni d\u00f6nem: Bakan Ersoy duyurdu"},"content":{"rendered":"<p>K\u00fclt\u00fcr ve Turizm Bakan\u0131 Mehmet Nuri Ersoy, Gastronomi Tesislerinde M\u00fczik Lisans\u0131na \u0130li\u015fkin \u0130\u015f Birli\u011fi Protokol\u00fc \u0130mza Merasimi&#8217;ne kat\u0131ld\u0131. AKM&#8217;de ger\u00e7ekle\u015ftirilen merasime m\u00fczik ve gastronomi dallar\u0131n\u0131n temsilcileri ile bas\u0131n mensuplar\u0131 kat\u0131ld\u0131.<\/p>\n<p><b>&#8220;TEL\u0130F HAKKI ALANINDA YEN\u0130 D\u00d6NEM&#8221;<\/b><\/p>\n<p>T\u00f6rende konu\u015fan Ersoy, &#8220;M\u00fczik Lisans\u0131na \u0130li\u015fkin \u0130\u015f Birli\u011fi Protokol\u00fc&#8221; ile gastronomi tesisleri ve m\u00fczik meslek birlikleri ortas\u0131nda, telif hakk\u0131 alan\u0131nda yeni bir devir ba\u015flatt\u0131klar\u0131n\u0131 s\u00f6yledi.<\/p>\n<p>Bakanl\u0131k olarak telif haklar\u0131 alan\u0131ndaki \u00e7al\u0131\u015fmalarda temel gayelerinin T\u00fcrkiye&#8217;nin k\u00fclt\u00fcrel ve ekonomik geli\u015fimine katk\u0131 sunmak oldu\u011funu lisana getiren Ersoy, &#8220;\u0130yi i\u015fleyen bir telif hakk\u0131 sisteminden kelam edebilmek i\u00e7in hak sahipleri, kullan\u0131c\u0131lar ve toplumun geneli ortas\u0131nda, hakkaniyetli ve uyumlu bir menfaat istikrar\u0131n\u0131n b\u00fct\u00fcn \u00f6geleriyle tesis edilmesi elzemdir. Bu istikrar\u0131n sa\u011flanmas\u0131nda, telif hakk\u0131 sahiplerini temsil eden meslek birliklerini vazge\u00e7ilmez payda\u015flar\u0131m\u0131z olarak g\u00f6r\u00fcyoruz. \u00c7\u00fcnk\u00fc sizlerin de malumudur ki sanatkarlar\u0131n ferdi eforlar\u0131yla kendi haklar\u0131n\u0131 takip edemeyece\u011fi alanlar\u0131n olmas\u0131 toplu lisans sistemini do\u011furmu\u015ftur.&#8221; dedi.<\/p>\n<p>Bakan Ersoy, m\u00fczik sekt\u00f6r\u00fc meslek birliklerinin bu sistemin en esasl\u0131 ve g\u00fc\u00e7l\u00fc akt\u00f6rleri olarak binlerce hak sahibini, milyonlarca m\u00fczik ve on binlerce kullan\u0131c\u0131y\u0131 bir ortaya getirerek telif sisteminin i\u015flemesini sa\u011flad\u0131\u011f\u0131n\u0131, bu sayede hak sahiplerinin telif gelirine ula\u015fabildi\u011fini, kullan\u0131c\u0131lar\u0131n ise d\u00fcnya m\u00fczik repertuvar\u0131ndan yararlanma hakk\u0131n\u0131 elde etti\u011fini kaydetti.<\/p>\n<p>T\u00fcrkiye&#8217;de toplu lisanslama sisteminin 42 y\u0131ll\u0131k bir ge\u00e7mi\u015fe sahip oldu\u011funa dikkati \u00e7eken Ersoy, \u015fu bilgileri verdi:<\/p>\n<p>-Ancak b\u00f6ylesi uzun bir m\u00fcddete kar\u015f\u0131n bilhassa otel, restoran, kafe \u00fczere halka a\u00e7\u0131k yerlerin lisanslanmas\u0131ndaki uyu\u015fmazl\u0131klar, \u00e7e\u015fitli nedenlerle bug\u00fcne kadar \u00e7\u00f6z\u00fclememi\u015ftir. Biz, bu uyu\u015fmazl\u0131klar\u0131 gidermek ve koruma-kullanma istikrar\u0131na dayanan bir telif haklar\u0131 sistemini tesis etmek i\u00e7in 2023 y\u0131l\u0131nda k\u0131ymetli bir ad\u0131m att\u0131k.<\/p>\n<p>-M\u00fczik meslek birliklerimiz MESAM, MSG, M\u00dcYAP, M\u00dcYORB\u0130R, M\u00dcZ\u0130KB\u0130R, M\u00dcYAB\u0130R, TSMB ve konaklama tesislerini temsilen T\u00dcROFED ve TUROB ile i\u015fbirli\u011fi i\u00e7erisinde, konaklama tesislerinde m\u00fczik lisans dok\u00fcman\u0131 uygulamas\u0131n\u0131 ba\u015flatt\u0131k. Bu i\u015fbirli\u011fi, her iki taraf i\u00e7in de son derece olumlu sonu\u00e7lara s\u00fcratli bi\u00e7imde ula\u015fmam\u0131z\u0131 sa\u011flam\u0131\u015ft\u0131r.<\/p>\n<p>-Lisanslama sisteminin bu formda tabana yay\u0131lmas\u0131 ise eser sahibi ve sanatkarlar\u0131n elde etti\u011fi telif gelirinde \u00f6nemli bir art\u0131\u015f\u0131 beraberinde getirmi\u015ftir. Son iki y\u0131ldaki bu art\u0131\u015f y\u00fczde 345 \u00fczere rekor bir d\u00fczeye ula\u015fm\u0131\u015ft\u0131r.<\/p>\n<p>-Lisansl\u0131 otel say\u0131s\u0131 ise uygulama \u00f6ncesine nazaran 7 kat art\u0131\u015fla 14 bine ula\u015ft\u0131. Ayr\u0131yeten, turizm ve m\u00fczik kesimleri a\u00e7\u0131s\u0131ndan olumsuz sonu\u00e7lar do\u011furan ve yarg\u0131ya da yans\u0131yan uyu\u015fmazl\u0131klar\u0131 tekrar bu uygulamam\u0131z ile sonland\u0131rm\u0131\u015f olduk.<\/p>\n<p>-Uygulamadan evvel, telif ihlalleri sebebiyle meslek birliklerinin konaklama tesisleri aleyhinde ba\u015flatt\u0131\u011f\u0131 5 bin tane hukuksal s\u00fcre\u00e7 bulunuyordu. M\u00fczik lisans evrak\u0131 uygulamas\u0131 sonras\u0131nda ise hakk\u0131nda t\u00fcrel s\u00fcre\u00e7 ba\u015flat\u0131lan tek bir konaklama tesisi bile bulunmamaktad\u0131r. B\u00f6ylelikle, telif hakk\u0131 sahipleri ile konaklama tesisleri ortas\u0131nda 40 y\u0131ld\u0131r s\u00fcregelen sorun, hakkaniyete uygun bir halde \u00e7\u00f6z\u00fcmlenmi\u015ftir.<\/p>\n<p>Bakan Ersoy, konaklama tesislerinde yakalanan muvaffakiyetin gastronomi tesisleri i\u00e7in de tekrarlanmas\u0131n\u0131n ehemmiyetine de\u011finerek, \u015f\u00f6yle devam etti:<\/p>\n<p>-Dolay\u0131s\u0131yla taraflar ortas\u0131nda, Bakanl\u0131\u011f\u0131m\u0131z\u0131n uyumunda bir m\u00fczakere s\u00fcreci ba\u015flatt\u0131k. M\u00fczik meslek birliklerini temsilen MSF ve M\u00dcZFED, gastronomi dal\u0131n\u0131 temsilen TURYID ve T\u00dcRES masada yer ald\u0131.<\/p>\n<p>-Payda\u015flar\u0131m\u0131z\u0131n tahlil odakl\u0131 yakla\u015f\u0131mlar\u0131 sayesinde de ho\u015f bir sonu\u00e7 elde ettik. M\u00fczik meslek birliklerimiz tek elden lisanslama yapmay\u0131 ve tarife bedellerini ortalama y\u00fczde 70 oran\u0131nda indirmeyi kabul etti. TURYID ve T\u00dcRES ise \u00fcyelerini telifli m\u00fczik kullanmaya te\u015fvik etmek ve bu mevzuda \u00fcyelerin uyumunu sa\u011flamak sorumlulu\u011funu \u00fcstlendi.<\/p>\n<p>-Gelinen noktada TURYID ve T\u00dcRES \u00fcyesi i\u015fletmeler, kapasitelerine ve i\u015fletme cinslerine nazaran belirlenmi\u015f, uygun ve orant\u0131l\u0131 bedeller kar\u015f\u0131l\u0131\u011f\u0131nda milyonlarca yerli ve yabanc\u0131 \u015fark\u0131y\u0131 kullanabilecek. Biz bu protokol\u00fc lokanta, restoran, kafe, c\u00fcmb\u00fc\u015f tesisleri \u00fczere b\u00fcy\u00fck m\u00fc\u015fteri kitlesi olan ve m\u00fczikten faydalanan i\u015fletmelerin y\u0131llard\u0131r ya\u015fad\u0131\u011f\u0131 telif uyu\u015fmazl\u0131klar\u0131n\u0131n tahlilinde de\u011ferli bir e\u015fik olarak g\u00f6r\u00fcyoruz.<\/p>\n<p>-\u0130nan\u0131yorum ki konaklama tesislerimize y\u00f6nelik uygulamam\u0131zda oldu\u011fu \u00fczere bu i\u015fbirli\u011fi de hem m\u00fczisyenlerin hak ettikleri telif gelirine ula\u015fmas\u0131na hem de gastronomi i\u015fletmelerinin hizmet kalitesine ve m\u00fc\u015fteri memnuniyetine k\u0131ymetli katk\u0131lar sunacakt\u0131r ve tekrar taraflar a\u00e7\u0131s\u0131ndan y\u0131prat\u0131c\u0131 sonu\u00e7lar do\u011furan yarg\u0131 s\u00fcre\u00e7lerinin de \u00f6n\u00fcne ge\u00e7ilecektir. <\/p>\n<p>Bakan Ersoy&#8217;un ard\u0131ndan imza t\u00f6renine kat\u0131lan meslek birli\u011fi temsilcileri de hususa ait g\u00f6r\u00fc\u015flerini lisana getirerek s\u00fcre\u00e7te katk\u0131 sa\u011flayan ki\u015fi ve kurumlara te\u015fekk\u00fcr etti.<\/p>\n","protected":false},"excerpt":{"rendered":"<p>K\u00fclt\u00fcr ve Turizm Bakanl\u0131\u011f\u0131n\u0131n himayelerinde, m\u00fczik ve gastronomi kesimleri ortas\u0131ndaki 40 y\u0131ll\u0131k telif haklar\u0131 sorunu tahlile kavu\u015fturduklar\u0131n\u0131 s\u00f6yledi.<\/p>\n","protected":false},"author":1,"featured_media":54170,"comment_status":"open","ping_status":"open","sticky":false,"template":"","format":"standard","meta":{"footnotes":""},"categories":[26],"tags":[228,524,728,3183,1034],"class_list":["post-54169","post","type-post","status-publish","format-standard","has-post-thumbnail","hentry","category-kultur-sanat","tag-hak","tag-is","tag-lisans","tag-muzik","tag-telif"],"_links":{"self":[{"href":"https:\/\/ikimisli.tr\/index.php\/wp-json\/wp\/v2\/posts\/54169","targetHints":{"allow":["GET"]}}],"collection":[{"href":"https:\/\/ikimisli.tr\/index.php\/wp-json\/wp\/v2\/posts"}],"about":[{"href":"https:\/\/ikimisli.tr\/index.php\/wp-json\/wp\/v2\/types\/post"}],"author":[{"embeddable":true,"href":"https:\/\/ikimisli.tr\/index.php\/wp-json\/wp\/v2\/users\/1"}],"replies":[{"embeddable":true,"href":"https:\/\/ikimisli.tr\/index.php\/wp-json\/wp\/v2\/comments?post=54169"}],"version-history":[{"count":1,"href":"https:\/\/ikimisli.tr\/index.php\/wp-json\/wp\/v2\/posts\/54169\/revisions"}],"predecessor-version":[{"id":54171,"href":"https:\/\/ikimisli.tr\/index.php\/wp-json\/wp\/v2\/posts\/54169\/revisions\/54171"}],"wp:featuredmedia":[{"embeddable":true,"href":"https:\/\/ikimisli.tr\/index.php\/wp-json\/wp\/v2\/media\/54170"}],"wp:attachment":[{"href":"https:\/\/ikimisli.tr\/index.php\/wp-json\/wp\/v2\/media?parent=54169"}],"wp:term":[{"taxonomy":"category","embeddable":true,"href":"https:\/\/ikimisli.tr\/index.php\/wp-json\/wp\/v2\/categories?post=54169"},{"taxonomy":"post_tag","embeddable":true,"href":"https:\/\/ikimisli.tr\/index.php\/wp-json\/wp\/v2\/tags?post=54169"}],"curies":[{"name":"wp","href":"https:\/\/api.w.org\/{rel}","templated":true}]}}